{"id":135314,"date":"2013-06-06T00:09:27","date_gmt":"2013-06-06T05:09:27","guid":{"rendered":"http:\/\/www.diarioimagen.net\/?p=135314"},"modified":"2013-06-06T03:41:41","modified_gmt":"2013-06-06T08:41:41","slug":"el-nevado-de-toluca-sera-area-de-proteccion-de-flora-y-fauna","status":"publish","type":"post","link":"https:\/\/www.diarioimagen.net\/?p=135314","title":{"rendered":"El Nevado de Toluca ser\u00e1 \u00e1rea de protecci\u00f3n de flora y fauna"},"content":{"rendered":"<ul>\n<li><strong><em>Al celebrar el D\u00eda Internacional del Medio Ambiente, el gobernador atestigua la firma de la alianza por el Municipio Educador de Toluca<\/em><\/strong><\/li>\n<\/ul>\n<div id=\"attachment_135424\" style=\"width: 250px\" class=\"wp-caption alignleft\"><a href=\"http:\/\/www.diarioimagen.net\/wp-content\/uploads\/2013\/06\/eruviel-2114.jpg\"><img loading=\"lazy\" decoding=\"async\" aria-describedby=\"caption-attachment-135424\" class=\"size-medium wp-image-135424\" alt=\"En el D\u00eda Internacional del Medio Ambiente, el gobernador Eruviel \u00c1vila Villegas dio a conocer que el gobierno federal concret\u00f3 la recategorizaci\u00f3n del parque Nevado de Toluca como \u00c1rea de Protecci\u00f3n de Flora y Fauna.\" src=\"http:\/\/www.diarioimagen.net\/wp-content\/uploads\/2013\/06\/eruviel-2114-240x135.jpg\" width=\"240\" height=\"135\" srcset=\"https:\/\/www.diarioimagen.net\/wp-content\/uploads\/2013\/06\/eruviel-2114-240x135.jpg 240w, https:\/\/www.diarioimagen.net\/wp-content\/uploads\/2013\/06\/eruviel-2114-420x236.jpg 420w, https:\/\/www.diarioimagen.net\/wp-content\/uploads\/2013\/06\/eruviel-2114-235x132.jpg 235w, https:\/\/www.diarioimagen.net\/wp-content\/uploads\/2013\/06\/eruviel-2114-202x114.jpg 202w, https:\/\/www.diarioimagen.net\/wp-content\/uploads\/2013\/06\/eruviel-2114-350x196.jpg 350w, https:\/\/www.diarioimagen.net\/wp-content\/uploads\/2013\/06\/eruviel-2114-220x123.jpg 220w, https:\/\/www.diarioimagen.net\/wp-content\/uploads\/2013\/06\/eruviel-2114-237x132.jpg 237w, https:\/\/www.diarioimagen.net\/wp-content\/uploads\/2013\/06\/eruviel-2114.jpg 480w\" sizes=\"auto, (max-width: 240px) 100vw, 240px\" \/><\/a><p id=\"caption-attachment-135424\" class=\"wp-caption-text\">En el D\u00eda Internacional del Medio Ambiente, el gobernador Eruviel \u00c1vila Villegas dio a conocer que el gobierno federal concret\u00f3 la recategorizaci\u00f3n del parque Nevado de Toluca como \u00c1rea de Protecci\u00f3n de Flora y Fauna.<\/p><\/div>\n<p><strong>Toluca, Estado de M\u00e9xico<\/strong>.- El gobernador Eruviel \u00c1vila Villegas dio a conocer que el gobierno federal concret\u00f3 la recategorizaci\u00f3n del Parque Nevado de Toluca, para pasar a ser \u00c1rea de Protecci\u00f3n de Flora y Fauna, con lo que se podr\u00e1n adoptar estrategias para la restauraci\u00f3n y conservaci\u00f3n de este lugar, vital para el equilibrio ecol\u00f3gico del Valle de Toluca.<\/p>\n<p>\u201cQuiero expresar nuestro agradecimiento al se\u00f1or presidente de la Rep\u00fablica, Enrique Pe\u00f1a Nieto, dado que se concret\u00f3 esta misma semana, que se denomin\u00f3 Semana del Medio Ambiente, una recategorizaci\u00f3n del \u00c1rea de Protecci\u00f3n de Flora y Fauna del Parque Nevado de Toluca, un logro muy importante, no nada m\u00e1s de los mexiquenses, sino de todos los mexicanos, porque el proteger nuestra fauna, nuestra flora de este parque, orgullo del Estado de M\u00e9xico y de M\u00e9xico, sin duda es algo que debemos aquilatar, valorar\u201d, enfatiz\u00f3.<\/p>\n<p>En el marco de la conmemoraci\u00f3n del D\u00eda Internacional del Medio Ambiente, el gobernador consider\u00f3 que la nueva designaci\u00f3n representa un avance muy importante para la preservaci\u00f3n del entorno de una de las monta\u00f1as m\u00e1s altas del pa\u00eds, que cuenta con una gran riqueza natural y es indispensable para la captaci\u00f3n de agua que es distribuida tanto en algunas regiones del Estado de M\u00e9xico como del Distrito Federal.<\/p>\n<p>Para lograr esta recategorizaci\u00f3n, el gobierno mexiquense, con apoyo de especialistas de la Universidad Aut\u00f3noma del Estado de M\u00e9xico, realiz\u00f3 un estudio que describ\u00eda la necesidad de esta designaci\u00f3n para asegurar el mantenimiento de procesos ecol\u00f3gicos y evolutivos fundamentales; salvaguardar la diversidad gen\u00e9tica de numerosas especies de flora y fauna, algunas de ellas en riesgo; recuperar y fortalecer servicios ambientales de gran importancia econ\u00f3mica actual y potencial que necesitan ser preservados, como la captaci\u00f3n de agua y la conservaci\u00f3n del suelo, adem\u00e1s de promover el desarrollo sustentable mediante el aprovechamiento adecuado de los recursos naturales del \u00e1rea.<\/p>\n<p>En el Sal\u00f3n de Cabildos del Palacio del Ayuntamiento de Toluca, tambi\u00e9n manifest\u00f3 el respaldo de su gobierno a la Comisi\u00f3n de la Calidad Ambiental, cuya creaci\u00f3n fue instruida por el presidente Enrique Pe\u00f1a Nieto, y en la que se espera la participaci\u00f3n de los estados de la zona centro del pa\u00eds, con el objetivo de mejorar la calidad del aire del Valle de M\u00e9xico.<\/p>\n<p align=\"center\"><b>Toluca, municipio educador<\/b><\/p>\n<p>Eruviel \u00c1vila tambi\u00e9n fungi\u00f3 como testigo de honor en la firma de la Alianza por el Municipio Educador de Toluca, que realiz\u00f3 la alcaldesa de la capital mexiquense, Martha Hilda Gonz\u00e1lez Calder\u00f3n, con lo que esta localidad se une a Ecatepec y\u00a0 Tenango del Valle, que forman parte del proyecto de la Asociaci\u00f3n Internacional de Ciudades Educadoras, por lo que afirm\u00f3 que durante su gobierno se ha fomentado la sana competencia entre estudiantes de todos los niveles educativos, al becar o entregar diversos est\u00edmulos a escolares sobresalientes, y consider\u00f3 que esta alianza es un gran logro y que toda la sociedad debe involucrarse en sus actividades.<\/p>\n<p>El titular del Ejecutivo estatal estuvo acompa\u00f1ado por Raymundo Mart\u00ednez Carbajal, secretario de Educaci\u00f3n; Armando M\u00e9ndez Guti\u00e9rrez, subsecretario de Gobierno Valle de Toluca, por los alcaldes de Ecatepec\u00a0 y de Tenango del Valle, Pablo Bedolla L\u00f3pez y V\u00edctor Manuel Aguilar Talavera, respectivamente, as\u00ed como por\u00a0 Jorge Olvera Garc\u00eda, rector de la UAEM, el embajador em\u00e9rito Sergio Gonz\u00e1lez G\u00e1lvez, asesor de Asuntos Especiales y Ciudades Hermanas y por los diputados locales Enrique Mendoza Vel\u00e1zquez, H\u00e9ctor Hern\u00e1ndez Silva y Fernando Zamora Morales.<\/p>\n","protected":false},"excerpt":{"rendered":"<p>El gobernador Eruviel \u00c1vila Villegas dio a conocer que el gobierno federal concret\u00f3 la recategorizaci\u00f3n del Parque Nevado<\/p>\n","protected":false},"author":3,"featured_media":135424,"comment_status":"open","ping_status":"open","sticky":false,"template":"","format":"standard","meta":{"_monsterinsights_skip_tracking":false,"_monsterinsights_sitenote_active":false,"_monsterinsights_sitenote_note":"","_monsterinsights_sitenote_category":0,"footnotes":""},"categories":[5],"tags":[5828,43675,27183,452],"class_list":["post-135314","post","type-post","status-publish","format-standard","has-post-thumbnail","hentry","category-estado-de-mexico","tag-eruviel-avila-villegas","tag-estado-de-mexico","tag-flora","tag-toluca"],"_links":{"self":[{"href":"https:\/\/www.diarioimagen.net\/index.php?rest_route=\/wp\/v2\/posts\/135314","targetHints":{"allow":["GET"]}}],"collection":[{"href":"https:\/\/www.diarioimagen.net\/index.php?rest_route=\/wp\/v2\/posts"}],"about":[{"href":"https:\/\/www.diarioimagen.net\/index.php?rest_route=\/wp\/v2\/types\/post"}],"author":[{"embeddable":true,"href":"https:\/\/www.diarioimagen.net\/index.php?rest_route=\/wp\/v2\/users\/3"}],"replies":[{"embeddable":true,"href":"https:\/\/www.diarioimagen.net\/index.php?rest_route=%2Fwp%2Fv2%2Fcomments&post=135314"}],"version-history":[{"count":0,"href":"https:\/\/www.diarioimagen.net\/index.php?rest_route=\/wp\/v2\/posts\/135314\/revisions"}],"wp:featuredmedia":[{"embeddable":true,"href":"https:\/\/www.diarioimagen.net\/index.php?rest_route=\/wp\/v2\/media\/135424"}],"wp:attachment":[{"href":"https:\/\/www.diarioimagen.net\/index.php?rest_route=%2Fwp%2Fv2%2Fmedia&parent=135314"}],"wp:term":[{"taxonomy":"category","embeddable":true,"href":"https:\/\/www.diarioimagen.net\/index.php?rest_route=%2Fwp%2Fv2%2Fcategories&post=135314"},{"taxonomy":"post_tag","embeddable":true,"href":"https:\/\/www.diarioimagen.net\/index.php?rest_route=%2Fwp%2Fv2%2Ftags&post=135314"}],"curies":[{"name":"wp","href":"https:\/\/api.w.org\/{rel}","templated":true}]}}