{"id":135316,"date":"2013-06-06T00:13:39","date_gmt":"2013-06-06T05:13:39","guid":{"rendered":"http:\/\/www.diarioimagen.net\/?p=135316"},"modified":"2013-06-06T03:41:22","modified_gmt":"2013-06-06T08:41:22","slug":"pena-nieto-tiene-un-inicio-de-sexenio-exitoso-eruviel-avila","status":"publish","type":"post","link":"https:\/\/www.diarioimagen.net\/?p=135316","title":{"rendered":"Pe\u00f1a Nieto tiene un inicio de sexenio exitoso: Eruviel \u00c1vila"},"content":{"rendered":"<h2>Arco Norte<\/h2>\n<h5>Jos\u00e9 Luis Monta\u00f1ez Aguilar<\/h5>\n<p><span>\u00a0<\/span><\/p>\n<div id=\"attachment_135427\" style=\"width: 250px\" class=\"wp-caption alignleft\"><a href=\"http:\/\/www.diarioimagen.net\/wp-content\/uploads\/2013\/06\/arco-2114.jpg\"><img loading=\"lazy\" decoding=\"async\" aria-describedby=\"caption-attachment-135427\" class=\"size-medium wp-image-135427\" alt=\"Eruviel \u00c1vila Villegas, gobernador del Estado de M\u00e9xico.\" src=\"http:\/\/www.diarioimagen.net\/wp-content\/uploads\/2013\/06\/arco-2114-240x135.jpg\" width=\"240\" height=\"135\" srcset=\"https:\/\/www.diarioimagen.net\/wp-content\/uploads\/2013\/06\/arco-2114-240x135.jpg 240w, https:\/\/www.diarioimagen.net\/wp-content\/uploads\/2013\/06\/arco-2114-420x236.jpg 420w, https:\/\/www.diarioimagen.net\/wp-content\/uploads\/2013\/06\/arco-2114-235x132.jpg 235w, https:\/\/www.diarioimagen.net\/wp-content\/uploads\/2013\/06\/arco-2114-202x114.jpg 202w, https:\/\/www.diarioimagen.net\/wp-content\/uploads\/2013\/06\/arco-2114-350x196.jpg 350w, https:\/\/www.diarioimagen.net\/wp-content\/uploads\/2013\/06\/arco-2114-220x123.jpg 220w, https:\/\/www.diarioimagen.net\/wp-content\/uploads\/2013\/06\/arco-2114-237x132.jpg 237w, https:\/\/www.diarioimagen.net\/wp-content\/uploads\/2013\/06\/arco-2114.jpg 480w\" sizes=\"auto, (max-width: 240px) 100vw, 240px\" \/><\/a><p id=\"caption-attachment-135427\" class=\"wp-caption-text\">Eruviel \u00c1vila Villegas, gobernador del Estado de M\u00e9xico.<\/p><\/div>\n<p><span>El gobernador del Estado de M\u00e9xico, Eruviel \u00c1vila Villegas, afirm\u00f3 ayer en Metepec que los primeros seis meses del gobierno del presidente Enrique Pe\u00f1a han sido los m\u00e1s exitosos del inicio de un gobierno federal en la historia reciente de nuestro pa\u00eds, con reformas trascendentales, como la educativa y la de telecomunicaciones, e importante presencia en el contexto internacional, con la visita en menos de un mes de los mandatarios de dos de las naciones m\u00e1s poderosas del orbe: Estados Unidos y China. \u201cPodemos afirmar que estos seis meses han sido los m\u00e1s exitosos del inicio de un gobierno federal en la historia reciente de nuestro pa\u00eds. Esto, gracias a la voluntad, liderazgo y consenso que ha logrado el Presidente; todo esto contribuye a que M\u00e9xico siga creciendo y, por ende, el Estado de M\u00e9xico tambi\u00e9n se vea beneficiado. As\u00ed es que el balance lo podemos ver muy satisfactorio\u201d, expres\u00f3. Al inaugurar los Foros de Informaci\u00f3n y Consulta en el marco de la Reforma en Materia Educativa a los art\u00edculos 3\u00ba y 73 constitucionales, Eruviel \u00c1vila destac\u00f3 tambi\u00e9n la labor que a nivel internacional ha desarrollado el presidente Pe\u00f1a Nieto en el inicio de su gesti\u00f3n para posicionar a M\u00e9xico. \u201cEs realmente admirable c\u00f3mo en un lapso de un mes, el Presidente tiene la capacidad de convocatoria y de generar acuerdos con dos de los l\u00edderes m\u00e1s importantes del mundo, el presidente de los Estados Unidos, Barack Obama,\u00a0 y el de China, Xi Jinping\u201d, expres\u00f3. En el contexto del evento inaugurado, el gobernador mexiquense se\u00f1al\u00f3 que el pa\u00eds y el Estado de M\u00e9xico se encuentran en el momento indicado y con las circunstancias a su favor para dirigirse al cambio radical que demanda el sistema educativo, por lo que es fundamental no dar un paso atr\u00e1s en el camino que en conjunto han emprendido el gobierno federal, los estatales, legisladores, autoridades educativas, maestros y sociedad civil.<\/span><\/p>\n<p><em><a href=\"mailto:montanezaguilar@gmail.com\" target=\"_blank\">montanezaguilar@gmail.com<\/a><\/em><\/p>\n","protected":false},"excerpt":{"rendered":"<p><span style=\"color: #005497;\"><strong>Jos\u00e9 Luis Monta\u00f1ez Aguilar<\/strong><\/span><br \/>\n<br \/>\nEl gobernador del Estado de M\u00e9xico, Eruviel \u00c1vila Villegas, afirm\u00f3<\/p>\n","protected":false},"author":3,"featured_media":135427,"comment_status":"open","ping_status":"open","sticky":false,"template":"","format":"standard","meta":{"_monsterinsights_skip_tracking":false,"_monsterinsights_sitenote_active":false,"_monsterinsights_sitenote_note":"","_monsterinsights_sitenote_category":0,"footnotes":""},"categories":[5],"tags":[13284,5828,43675,43704,43674],"class_list":["post-135316","post","type-post","status-publish","format-standard","has-post-thumbnail","hentry","category-estado-de-mexico","tag-arco-norte","tag-eruviel-avila-villegas","tag-estado-de-mexico","tag-jose-luis-montanez-aguilar","tag-opinion"],"_links":{"self":[{"href":"https:\/\/www.diarioimagen.net\/index.php?rest_route=\/wp\/v2\/posts\/135316","targetHints":{"allow":["GET"]}}],"collection":[{"href":"https:\/\/www.diarioimagen.net\/index.php?rest_route=\/wp\/v2\/posts"}],"about":[{"href":"https:\/\/www.diarioimagen.net\/index.php?rest_route=\/wp\/v2\/types\/post"}],"author":[{"embeddable":true,"href":"https:\/\/www.diarioimagen.net\/index.php?rest_route=\/wp\/v2\/users\/3"}],"replies":[{"embeddable":true,"href":"https:\/\/www.diarioimagen.net\/index.php?rest_route=%2Fwp%2Fv2%2Fcomments&post=135316"}],"version-history":[{"count":0,"href":"https:\/\/www.diarioimagen.net\/index.php?rest_route=\/wp\/v2\/posts\/135316\/revisions"}],"wp:featuredmedia":[{"embeddable":true,"href":"https:\/\/www.diarioimagen.net\/index.php?rest_route=\/wp\/v2\/media\/135427"}],"wp:attachment":[{"href":"https:\/\/www.diarioimagen.net\/index.php?rest_route=%2Fwp%2Fv2%2Fmedia&parent=135316"}],"wp:term":[{"taxonomy":"category","embeddable":true,"href":"https:\/\/www.diarioimagen.net\/index.php?rest_route=%2Fwp%2Fv2%2Fcategories&post=135316"},{"taxonomy":"post_tag","embeddable":true,"href":"https:\/\/www.diarioimagen.net\/index.php?rest_route=%2Fwp%2Fv2%2Ftags&post=135316"}],"curies":[{"name":"wp","href":"https:\/\/api.w.org\/{rel}","templated":true}]}}