{"id":135480,"date":"2013-06-07T00:13:09","date_gmt":"2013-06-07T05:13:09","guid":{"rendered":"http:\/\/www.diarioimagen.net\/?p=135480"},"modified":"2013-06-07T04:18:33","modified_gmt":"2013-06-07T09:18:33","slug":"con-hechos-eruviel-cumple-a-campesinos-mexiquenses","status":"publish","type":"post","link":"https:\/\/www.diarioimagen.net\/?p=135480","title":{"rendered":"Con hechos, Eruviel cumple a campesinos mexiquenses"},"content":{"rendered":"<h2>Arco Norte<\/h2>\n<h5>Jos\u00e9 Luis Monta\u00f1ez Aguilar<\/h5>\n<p><span>\u00a0<\/span><\/p>\n<div id=\"attachment_135534\" style=\"width: 250px\" class=\"wp-caption alignleft\"><a href=\"http:\/\/www.diarioimagen.net\/wp-content\/uploads\/2013\/06\/eruviel-2115.jpg\"><img loading=\"lazy\" decoding=\"async\" aria-describedby=\"caption-attachment-135534\" class=\"size-medium wp-image-135534\" alt=\"Para compensar las p\u00e9rdidas que sufrieron a consecuencia de las heladas registradas en marzo pasado, el gobernador Eruviel \u00c1vila Villegas entreg\u00f3 apoyos econ\u00f3micos por un total de 45 millones de pesos.\" src=\"http:\/\/www.diarioimagen.net\/wp-content\/uploads\/2013\/06\/eruviel-2115-240x135.jpg\" width=\"240\" height=\"135\" srcset=\"https:\/\/www.diarioimagen.net\/wp-content\/uploads\/2013\/06\/eruviel-2115-240x135.jpg 240w, https:\/\/www.diarioimagen.net\/wp-content\/uploads\/2013\/06\/eruviel-2115-420x236.jpg 420w, https:\/\/www.diarioimagen.net\/wp-content\/uploads\/2013\/06\/eruviel-2115-235x132.jpg 235w, https:\/\/www.diarioimagen.net\/wp-content\/uploads\/2013\/06\/eruviel-2115-202x114.jpg 202w, https:\/\/www.diarioimagen.net\/wp-content\/uploads\/2013\/06\/eruviel-2115-350x196.jpg 350w, https:\/\/www.diarioimagen.net\/wp-content\/uploads\/2013\/06\/eruviel-2115-220x123.jpg 220w, https:\/\/www.diarioimagen.net\/wp-content\/uploads\/2013\/06\/eruviel-2115-237x132.jpg 237w, https:\/\/www.diarioimagen.net\/wp-content\/uploads\/2013\/06\/eruviel-2115.jpg 480w\" sizes=\"auto, (max-width: 240px) 100vw, 240px\" \/><\/a><p id=\"caption-attachment-135534\" class=\"wp-caption-text\">Para compensar las p\u00e9rdidas que sufrieron a consecuencia de las heladas registradas en marzo pasado, el gobernador Eruviel \u00c1vila Villegas entreg\u00f3 apoyos econ\u00f3micos por un total de 45 millones de pesos.<\/p><\/div>\n<p><span>El apoyo a los campesinos mexiquenses se da con hechos, por ello, el gobernador Eruviel \u00c1vila Villegas entreg\u00f3 ayer en Nopaltepec recursos por 45 millones de pesos a 2 mil 489 productores de nopal, tuna y xoconostle que resultaron por las severas heladas que se registraron durante el mes de marzo, lo cual les caus\u00f3 severas p\u00e9rdidas econ\u00f3micas. Con esta acci\u00f3n, el mandatario del Estado de M\u00e9xico tambi\u00e9n cumpli\u00f3 un compromiso hecho con los campesinos durante la gira con pernocta que llev\u00f3 a cabo por la Regi\u00f3n de las Pir\u00e1mides a mediados de ese mes. \u201cCuando hablamos de apoyar el campo mexiquense, de apoyar a los productores, de apoyar a nuestros hermanos campesinos, la mejor forma de demostrarlo es con hechos, con acciones, con resultados; con gestiones palpables como hoy lo estamos realizando el gobierno federal, estatal y municipal, y es lo menos que podemos hacer para que\u00a0sigamos siendo l\u00edderes, como lo somos en la producci\u00f3n de tuna, de haba verde, de ch\u00edcharo, de carne de ovino, de trucha, de carpa, de flores. Somos l\u00edderes en la exportaci\u00f3n de diferentes productos mexiquenses y vamos por m\u00e1s\u201d, expuso. Al inaugurar el Segundo Tianguis Agropecuario Mexiquense 2013, en la Hacienda Tepetzingo, acompa\u00f1ado\u00a0 por el subsecretario de Desarrollo Rural, Arturo Osornio S\u00e1nchez, representante de la Secretar\u00eda de Agricultura, Ganader\u00eda, Desarrollo Rural, Pesca y Alimentaci\u00f3n (Sagarpa), el titular del Ejecutivo mexiquense se\u00f1al\u00f3 que del total de los recursos entregados -con inversi\u00f3n federal y estatal-, 14 millones de pesos son para mil 922 campesinos que padecieron afectaciones en m\u00e1s de 6 mil 400 hect\u00e1reas por las heladas que se registraron en marzo y anunci\u00f3 tambi\u00e9n que, a trav\u00e9s de la Secretar\u00eda de Desarrollo Agropecuario, se buscar\u00e1 establecer acuerdos con centros comerciales para que sea prioritaria la compra de los productos que se dan en el campo mexiquense.<\/span><\/p>\n<p><em><a href=\"mailto:montanezaguilar@gmail.com\" target=\"_blank\">montanezaguilar@gmail.com<\/a><\/em><\/p>\n","protected":false},"excerpt":{"rendered":"<p><span style=\"color: #005497;\"><strong>Jos\u00e9 Luis Monta\u00f1ez Aguilar<\/strong><\/span><br \/>\n<br \/>\nEl apoyo a los campesinos mexiquenses se da con hechos, por ello, el gobernador Eruviel \u00c1vila Villegas entreg\u00f3 ayer en Nopaltepec recursos por 45 millones de pesos a 2 mil 489 productores de nopal, tuna y xoconostle que resultaron por las severas heladas que se registraron durante el mes de marzo, lo cual les caus\u00f3 severas p\u00e9rdidas econ\u00f3micas. <\/p>\n","protected":false},"author":3,"featured_media":135534,"comment_status":"open","ping_status":"open","sticky":false,"template":"","format":"standard","meta":{"_monsterinsights_skip_tracking":false,"_monsterinsights_sitenote_active":false,"_monsterinsights_sitenote_note":"","_monsterinsights_sitenote_category":0,"footnotes":""},"categories":[5],"tags":[13284,43675,43704,43674],"class_list":["post-135480","post","type-post","status-publish","format-standard","has-post-thumbnail","hentry","category-estado-de-mexico","tag-arco-norte","tag-estado-de-mexico","tag-jose-luis-montanez-aguilar","tag-opinion"],"_links":{"self":[{"href":"https:\/\/www.diarioimagen.net\/index.php?rest_route=\/wp\/v2\/posts\/135480","targetHints":{"allow":["GET"]}}],"collection":[{"href":"https:\/\/www.diarioimagen.net\/index.php?rest_route=\/wp\/v2\/posts"}],"about":[{"href":"https:\/\/www.diarioimagen.net\/index.php?rest_route=\/wp\/v2\/types\/post"}],"author":[{"embeddable":true,"href":"https:\/\/www.diarioimagen.net\/index.php?rest_route=\/wp\/v2\/users\/3"}],"replies":[{"embeddable":true,"href":"https:\/\/www.diarioimagen.net\/index.php?rest_route=%2Fwp%2Fv2%2Fcomments&post=135480"}],"version-history":[{"count":0,"href":"https:\/\/www.diarioimagen.net\/index.php?rest_route=\/wp\/v2\/posts\/135480\/revisions"}],"wp:featuredmedia":[{"embeddable":true,"href":"https:\/\/www.diarioimagen.net\/index.php?rest_route=\/wp\/v2\/media\/135534"}],"wp:attachment":[{"href":"https:\/\/www.diarioimagen.net\/index.php?rest_route=%2Fwp%2Fv2%2Fmedia&parent=135480"}],"wp:term":[{"taxonomy":"category","embeddable":true,"href":"https:\/\/www.diarioimagen.net\/index.php?rest_route=%2Fwp%2Fv2%2Fcategories&post=135480"},{"taxonomy":"post_tag","embeddable":true,"href":"https:\/\/www.diarioimagen.net\/index.php?rest_route=%2Fwp%2Fv2%2Ftags&post=135480"}],"curies":[{"name":"wp","href":"https:\/\/api.w.org\/{rel}","templated":true}]}}