{"id":135606,"date":"2013-06-08T00:03:20","date_gmt":"2013-06-08T05:03:20","guid":{"rendered":"http:\/\/www.diarioimagen.net\/?p=135606"},"modified":"2013-06-10T02:32:40","modified_gmt":"2013-06-10T07:32:40","slug":"mancera-instala-espacios-de-participacion-para-el-seguimiento-del-pdhdf","status":"publish","type":"post","link":"https:\/\/www.diarioimagen.net\/?p=135606","title":{"rendered":"Mancera instala Espacios de Participaci\u00f3n para el seguimiento del PDHDF"},"content":{"rendered":"<p><a href=\"http:\/\/www.diarioimagen.net\/wp-content\/uploads\/2013\/06\/mancera-derechos.jpg\"><img loading=\"lazy\" decoding=\"async\" class=\"aligncenter size-large wp-image-135617\" alt=\"mancera-derechos\" src=\"http:\/\/www.diarioimagen.net\/wp-content\/uploads\/2013\/06\/mancera-derechos-420x236.jpg\" width=\"420\" height=\"236\" srcset=\"https:\/\/www.diarioimagen.net\/wp-content\/uploads\/2013\/06\/mancera-derechos-420x236.jpg 420w, https:\/\/www.diarioimagen.net\/wp-content\/uploads\/2013\/06\/mancera-derechos-240x135.jpg 240w, https:\/\/www.diarioimagen.net\/wp-content\/uploads\/2013\/06\/mancera-derechos-235x132.jpg 235w, https:\/\/www.diarioimagen.net\/wp-content\/uploads\/2013\/06\/mancera-derechos-202x114.jpg 202w, https:\/\/www.diarioimagen.net\/wp-content\/uploads\/2013\/06\/mancera-derechos-350x196.jpg 350w, https:\/\/www.diarioimagen.net\/wp-content\/uploads\/2013\/06\/mancera-derechos-220x123.jpg 220w, https:\/\/www.diarioimagen.net\/wp-content\/uploads\/2013\/06\/mancera-derechos-237x132.jpg 237w, https:\/\/www.diarioimagen.net\/wp-content\/uploads\/2013\/06\/mancera-derechos.jpg 480w\" sizes=\"auto, (max-width: 420px) 100vw, 420px\" \/><\/a><\/p>\n<p>La Ciudad de M\u00e9xico avanza en las acciones para garantizar el pleno ejercicio de los derechos humanos de la ciudadan\u00eda y muestra de ello es que hoy el DF tiene una tarea, un presupuesto, una visi\u00f3n y un programa perfectamente definidos en torno a esa materia, \u00a0asegur\u00f3 el Jefe de Gobierno, Miguel \u00c1ngel Mancera, durante la instalaci\u00f3n de los Espacios de Participaci\u00f3n para el seguimiento del Programa de Derechos Humanos del Distrito Federal (PDHDF).<\/p>\n<p>En el Museo Interactivo de Econom\u00eda, el mandatario capitalino sostuvo que el Gobierno mantendr\u00e1 el trabajo en una sola l\u00ednea, siempre en concordancia con la ciudadan\u00eda, para prever, prevenir, construir y mejorar los espacios de participaci\u00f3n donde se definan pol\u00edticas a favor de la no discriminaci\u00f3n, el ejercicio de los derechos pol\u00edticos, la salud, vivienda, trabajo, libertad de expresi\u00f3n, medio ambiente, acceso a la justicia, ejercicio pleno de las libertades, el respeto a la integridad y el acceso a la informaci\u00f3n, entre otros muchos temas.<\/p>\n","protected":false},"excerpt":{"rendered":"<p>La Ciudad de M\u00e9xico avanza en las acciones para garantizar el pleno ejercicio de los derechos humanos de la ciudadan\u00eda y muestra de ello es que hoy el DF tiene una tarea, un presupuesto, una visi\u00f3n y un programa perfectamente definidos en torno a esa materia,  asegur\u00f3 el Jefe de Gobierno, Miguel \u00c1ngel Mancera, durante la instalaci\u00f3n de los Espacios de Participaci\u00f3n para el seguimiento del Programa de Derechos Humanos del Distrito Federal (PDHDF).<\/p>\n","protected":false},"author":1,"featured_media":135617,"comment_status":"open","ping_status":"open","sticky":false,"template":"","format":"standard","meta":{"_monsterinsights_skip_tracking":false,"_monsterinsights_sitenote_active":false,"_monsterinsights_sitenote_note":"","_monsterinsights_sitenote_category":0,"footnotes":""},"categories":[17],"tags":[204,4340,384],"class_list":["post-135606","post","type-post","status-publish","format-standard","has-post-thumbnail","hentry","category-especiales","tag-ciudad-de-mexico","tag-derechos-humanos","tag-df"],"_links":{"self":[{"href":"https:\/\/www.diarioimagen.net\/index.php?rest_route=\/wp\/v2\/posts\/135606","targetHints":{"allow":["GET"]}}],"collection":[{"href":"https:\/\/www.diarioimagen.net\/index.php?rest_route=\/wp\/v2\/posts"}],"about":[{"href":"https:\/\/www.diarioimagen.net\/index.php?rest_route=\/wp\/v2\/types\/post"}],"author":[{"embeddable":true,"href":"https:\/\/www.diarioimagen.net\/index.php?rest_route=\/wp\/v2\/users\/1"}],"replies":[{"embeddable":true,"href":"https:\/\/www.diarioimagen.net\/index.php?rest_route=%2Fwp%2Fv2%2Fcomments&post=135606"}],"version-history":[{"count":0,"href":"https:\/\/www.diarioimagen.net\/index.php?rest_route=\/wp\/v2\/posts\/135606\/revisions"}],"wp:featuredmedia":[{"embeddable":true,"href":"https:\/\/www.diarioimagen.net\/index.php?rest_route=\/wp\/v2\/media\/135617"}],"wp:attachment":[{"href":"https:\/\/www.diarioimagen.net\/index.php?rest_route=%2Fwp%2Fv2%2Fmedia&parent=135606"}],"wp:term":[{"taxonomy":"category","embeddable":true,"href":"https:\/\/www.diarioimagen.net\/index.php?rest_route=%2Fwp%2Fv2%2Fcategories&post=135606"},{"taxonomy":"post_tag","embeddable":true,"href":"https:\/\/www.diarioimagen.net\/index.php?rest_route=%2Fwp%2Fv2%2Ftags&post=135606"}],"curies":[{"name":"wp","href":"https:\/\/api.w.org\/{rel}","templated":true}]}}