{"id":135612,"date":"2013-06-08T00:02:33","date_gmt":"2013-06-08T05:02:33","guid":{"rendered":"http:\/\/www.diarioimagen.net\/?p=135612"},"modified":"2013-06-10T02:32:31","modified_gmt":"2013-06-10T07:32:31","slug":"justicia-asegura-su-continuidad-y-sobrevivencia-solo-con-respeto-indiscutible-a-derechos-humanos-elias-azar","status":"publish","type":"post","link":"https:\/\/www.diarioimagen.net\/?p=135612","title":{"rendered":"Justicia asegura su continuidad y sobrevivencia s\u00f3lo con respeto indiscutible a derechos humanos: El\u00edas Azar"},"content":{"rendered":"<ul>\n<li><b>El presidente del TSJDF, particip\u00f3 en la <i>Instalaci\u00f3n de los Espacios de Participaci\u00f3n para el Seguimiento del Programa de Derechos Humanos del Distrito Federal<\/i>.<\/b><\/li>\n<li><b>Precis\u00f3 que en el Tribunal se reconoce a los derechos humanos como universales, inalienables, indivisibles e interdependientes.<\/b><\/li>\n<\/ul>\n<p align=\"center\"><b>\u00a0<\/b><\/p>\n<div id=\"attachment_135614\" style=\"width: 250px\" class=\"wp-caption alignleft\"><a href=\"http:\/\/www.diarioimagen.net\/wp-content\/uploads\/2013\/06\/elias-azar-tsjdf.jpg\"><img loading=\"lazy\" decoding=\"async\" aria-describedby=\"caption-attachment-135614\" class=\"size-medium wp-image-135614\" alt=\"Edgar El\u00edas Azar, magistrado presidente del TSJDF.\" src=\"http:\/\/www.diarioimagen.net\/wp-content\/uploads\/2013\/06\/elias-azar-tsjdf-240x135.jpg\" width=\"240\" height=\"135\" srcset=\"https:\/\/www.diarioimagen.net\/wp-content\/uploads\/2013\/06\/elias-azar-tsjdf-240x135.jpg 240w, https:\/\/www.diarioimagen.net\/wp-content\/uploads\/2013\/06\/elias-azar-tsjdf-420x236.jpg 420w, https:\/\/www.diarioimagen.net\/wp-content\/uploads\/2013\/06\/elias-azar-tsjdf-235x132.jpg 235w, https:\/\/www.diarioimagen.net\/wp-content\/uploads\/2013\/06\/elias-azar-tsjdf-202x114.jpg 202w, https:\/\/www.diarioimagen.net\/wp-content\/uploads\/2013\/06\/elias-azar-tsjdf-350x196.jpg 350w, https:\/\/www.diarioimagen.net\/wp-content\/uploads\/2013\/06\/elias-azar-tsjdf-220x123.jpg 220w, https:\/\/www.diarioimagen.net\/wp-content\/uploads\/2013\/06\/elias-azar-tsjdf-237x132.jpg 237w, https:\/\/www.diarioimagen.net\/wp-content\/uploads\/2013\/06\/elias-azar-tsjdf.jpg 480w\" sizes=\"auto, (max-width: 240px) 100vw, 240px\" \/><\/a><p id=\"caption-attachment-135614\" class=\"wp-caption-text\">Edgar El\u00edas Azar, magistrado presidente del TSJDF.<\/p><\/div>\n<p>La justicia no puede asegurar su continuidad, ni tampoco su sobrevivencia, si no se hace acompa\u00f1ar por su predicado infaltable, que es el respeto indiscutible a los derechos humanos de todos, afirm\u00f3 el presidente del Tribunal Superior de Justicia del Distrito Federal, magistrado Edgar El\u00edas Azar.<\/p>\n<p>Al pronunciar un discurso en la <i>Instalaci\u00f3n de los Espacios de Participaci\u00f3n para el Seguimiento del Programa de Derechos Humanos del Distrito Federal<\/i>, a\u00f1adi\u00f3 que el acceso a la justicia no es un privilegio de pocos, sino un derecho que se distribuye en todo el espectro social.<\/p>\n<p>En el patio del Museo Interactivo de Econom\u00eda, al que acudi\u00f3 el jefe de gobierno del Distrito Federal, Miguel \u00c1ngel Mancera Espinosa, El\u00edas Azar refrend\u00f3 el compromiso del Poder Judicial capitalino con los derechos humanos, a los que se les reconoce como universales, inalienables, indivisibles e interdependientes.<\/p>\n<p>\u201cEstamos aqu\u00ed, con ustedes en este di\u00e1logo y la interactividad de los entes de gobierno con la sociedad civil, para avalar de nueva cuenta nuestra voluntad para dar un paso m\u00e1s en el cumplimiento de los derechos humanos en la ciudad, y velar por su debido cumplimiento\u201d, enfatiz\u00f3.<\/p>\n<p>Consider\u00f3 que el tema de los derechos humanos ya no deber\u00eda ser cuesti\u00f3n de convocatoria novedosa o atrayente por su exotismo. Muy al contrario, advirti\u00f3, en M\u00e9xico y Am\u00e9rica Latina es fuerza que debe convertirse en idea fija, y, por supuesto, en forma de vida.<\/p>\n<p>Se refiri\u00f3 al tema de la protecci\u00f3n de los derechos humanos en el Poder Judicial local, y dijo que en el Tribunal se han establecido, en las unidades administrativas y de apoyo judicial, enlaces de g\u00e9nero y de derechos humanos, mismos que ayudan a actuar decididamente en la difusi\u00f3n del quehacer que en estos temas se realiza.<\/p>\n<p>Tambi\u00e9n aludi\u00f3 al sistema de indicadores de un juicio justo con el que se cuenta, y agreg\u00f3 que \u00e9ste permite hacer un seguimiento de los objetivos y metas en materia de derechos humanos, tales como simplificar el proceso de presentaci\u00f3n de informes ante los comit\u00e9s, que son \u00f3rganos encargados de acrecentar la transparencia en la actuaci\u00f3n judicial.<\/p>\n<p>Estos comit\u00e9s, precis\u00f3, tambi\u00e9n coadyuvan a mejorar el seguimiento que se hace de las recomendaciones y observaciones finales en materia de derechos humanos, y, sobre todo, facilitar al p\u00fablico en general informaci\u00f3n acerca de c\u00f3mo y qu\u00e9 tanto se protege el derecho a un juicio justo.<\/p>\n<p>Al acto asisti\u00f3 el diputado Manuel Granados Covarrubias, presidente de la Comisi\u00f3n de Gobierno de la Asamblea Legislativa del Distrito Federal, y Javier Hern\u00e1ndez Valencia, representante de la Oficina en M\u00e9xico del Alto Comisionado de Naciones Unidas para los Derechos Humanos, entre otros.<\/p>\n","protected":false},"excerpt":{"rendered":"<p>La justicia no puede asegurar su continuidad, ni tampoco su sobrevivencia, si no se hace acompa\u00f1ar por su predicado infaltable, que es el respeto indiscutible a los derechos humanos de todos, afirm\u00f3 el presidente del Tribunal Superior de Justicia del Distrito Federal, magistrado Edgar El\u00edas Azar.<\/p>\n","protected":false},"author":1,"featured_media":135614,"comment_status":"open","ping_status":"open","sticky":false,"template":"","format":"standard","meta":{"_monsterinsights_skip_tracking":false,"_monsterinsights_sitenote_active":false,"_monsterinsights_sitenote_note":"","_monsterinsights_sitenote_category":0,"footnotes":""},"categories":[17],"tags":[1925,862],"class_list":["post-135612","post","type-post","status-publish","format-standard","has-post-thumbnail","hentry","category-especiales","tag-edgar-elias-azar","tag-tsjdf"],"_links":{"self":[{"href":"https:\/\/www.diarioimagen.net\/index.php?rest_route=\/wp\/v2\/posts\/135612","targetHints":{"allow":["GET"]}}],"collection":[{"href":"https:\/\/www.diarioimagen.net\/index.php?rest_route=\/wp\/v2\/posts"}],"about":[{"href":"https:\/\/www.diarioimagen.net\/index.php?rest_route=\/wp\/v2\/types\/post"}],"author":[{"embeddable":true,"href":"https:\/\/www.diarioimagen.net\/index.php?rest_route=\/wp\/v2\/users\/1"}],"replies":[{"embeddable":true,"href":"https:\/\/www.diarioimagen.net\/index.php?rest_route=%2Fwp%2Fv2%2Fcomments&post=135612"}],"version-history":[{"count":0,"href":"https:\/\/www.diarioimagen.net\/index.php?rest_route=\/wp\/v2\/posts\/135612\/revisions"}],"wp:featuredmedia":[{"embeddable":true,"href":"https:\/\/www.diarioimagen.net\/index.php?rest_route=\/wp\/v2\/media\/135614"}],"wp:attachment":[{"href":"https:\/\/www.diarioimagen.net\/index.php?rest_route=%2Fwp%2Fv2%2Fmedia&parent=135612"}],"wp:term":[{"taxonomy":"category","embeddable":true,"href":"https:\/\/www.diarioimagen.net\/index.php?rest_route=%2Fwp%2Fv2%2Fcategories&post=135612"},{"taxonomy":"post_tag","embeddable":true,"href":"https:\/\/www.diarioimagen.net\/index.php?rest_route=%2Fwp%2Fv2%2Ftags&post=135612"}],"curies":[{"name":"wp","href":"https:\/\/api.w.org\/{rel}","templated":true}]}}