{"id":135620,"date":"2013-06-08T00:04:49","date_gmt":"2013-06-08T05:04:49","guid":{"rendered":"http:\/\/www.diarioimagen.net\/?p=135620"},"modified":"2013-06-10T02:32:52","modified_gmt":"2013-06-10T07:32:52","slug":"reconoce-eruviel-avila-en-enrique-pena-a-un-presidente-transformador","status":"publish","type":"post","link":"https:\/\/www.diarioimagen.net\/?p=135620","title":{"rendered":"Reconoce Eruviel \u00c1vila en Enrique Pe\u00f1a a un presidente transformador"},"content":{"rendered":"<ul>\n<li><strong><i>\u00a0Junto con Emilio Chuayffet Chemor, titular de la SEP, el gobernador particip\u00f3 en la XXII Sesi\u00f3n Extraordinaria de la Asamblea General de la ANUIES, donde Enrique Fern\u00e1ndez Fassnacht, rector de la UAM, fue electo como nuevo secretario general ejecutivo de esta organizaci\u00f3n.<\/i><\/strong><\/li>\n<\/ul>\n<div id=\"attachment_135621\" style=\"width: 250px\" class=\"wp-caption alignleft\"><a href=\"http:\/\/www.diarioimagen.net\/wp-content\/uploads\/2013\/06\/eruviel-emilio.jpg\"><img loading=\"lazy\" decoding=\"async\" aria-describedby=\"caption-attachment-135621\" class=\"size-medium wp-image-135621\" alt=\"Acompa\u00f1ado del secretario de Educaci\u00f3n P\u00fablica, Emilio Chauffet Chemor, el gobernador Eruviel \u00c1vila Villegas reconoci\u00f3 a Enrique Pe\u00f1a Nieto, como un presidente transformador.\" src=\"http:\/\/www.diarioimagen.net\/wp-content\/uploads\/2013\/06\/eruviel-emilio-240x135.jpg\" width=\"240\" height=\"135\" srcset=\"https:\/\/www.diarioimagen.net\/wp-content\/uploads\/2013\/06\/eruviel-emilio-240x135.jpg 240w, https:\/\/www.diarioimagen.net\/wp-content\/uploads\/2013\/06\/eruviel-emilio-420x236.jpg 420w, https:\/\/www.diarioimagen.net\/wp-content\/uploads\/2013\/06\/eruviel-emilio-235x132.jpg 235w, https:\/\/www.diarioimagen.net\/wp-content\/uploads\/2013\/06\/eruviel-emilio-202x114.jpg 202w, https:\/\/www.diarioimagen.net\/wp-content\/uploads\/2013\/06\/eruviel-emilio-350x196.jpg 350w, https:\/\/www.diarioimagen.net\/wp-content\/uploads\/2013\/06\/eruviel-emilio-220x123.jpg 220w, https:\/\/www.diarioimagen.net\/wp-content\/uploads\/2013\/06\/eruviel-emilio-237x132.jpg 237w, https:\/\/www.diarioimagen.net\/wp-content\/uploads\/2013\/06\/eruviel-emilio.jpg 480w\" sizes=\"auto, (max-width: 240px) 100vw, 240px\" \/><\/a><p id=\"caption-attachment-135621\" class=\"wp-caption-text\">Acompa\u00f1ado del secretario de Educaci\u00f3n P\u00fablica, Emilio Chauffet Chemor, el gobernador Eruviel \u00c1vila Villegas reconoci\u00f3 a Enrique Pe\u00f1a Nieto, como un presidente transformador.<\/p><\/div>\n<p><b>Toluca, Estado de M\u00e9xico<\/b>.- El gobernador Eruviel \u00c1vila Villegas reconoci\u00f3 a Enrique Pe\u00f1a Nieto, como un presidente transformador por el impulso que da en materia educativa, con una reforma con la que se escriben p\u00e1ginas muy importantes en la historia del pa\u00eds, por lo que afirm\u00f3 que en el Gobierno del Estado de M\u00e9xico, el mandatario de la naci\u00f3n tiene un aliado para concretarla.<\/p>\n<p>\u201cNuestro reconocimiento a la importante actividad que lleva en materia educativa, y especialmente porque ya podemos hablar de un presidente transformador; esta reforma que impuls\u00f3 el presidente Pe\u00f1a Nieto, es algo que nos permite escribir p\u00e1ginas de la historia, muy importantes de nuestro pa\u00eds en materia educativa. Que sepa que en el Estado de M\u00e9xico estamos prestos, entusiasmados para apoyar y concretar esta importante reforma educativa, as\u00ed es que tiene aqu\u00ed en el Estado de M\u00e9xico aliados para poderla concretar\u201d, asever\u00f3.<\/p>\n<p>Eruviel \u00c1vila, junto con Emilio Chuayffet Chemor, secretario de Educaci\u00f3n P\u00fablica (SEP), particip\u00f3 en la XXII Sesi\u00f3n Extraordinaria de la Asamblea General de la\u00a0 Asociaci\u00f3n Nacional de Universidades e Instituciones de Educaci\u00f3n Superior (ANUIES), donde Enrique Fern\u00e1ndez Fassnacht, rector de la Universidad Aut\u00f3noma Metropolitana (UAM), fue electo como secretario general ejecutivo de esta organizaci\u00f3n, cargo que asumir\u00e1 a partir del 14 de junio.<\/p>\n<p>En este marco, el gobernador se\u00f1al\u00f3 que desde su fundaci\u00f3n, en 1950, la ANUIES -que representa a m\u00e1s de 175 instituciones educativas-, ha sido protagonista de la educaci\u00f3n superior en M\u00e9xico, con aportaciones en la formulaci\u00f3n de programas, planes y pol\u00edticas nacionales, adem\u00e1s de ser el interlocutor m\u00e1s importante con el gobierno federal en temas educativos.<\/p>\n<p>El Gobierno del Estado de M\u00e9xico, afirm\u00f3, comparte su visi\u00f3n transformadora, pues sabe que las universidades son fuente de cultura y conocimiento, y que en la educaci\u00f3n superior est\u00e1 una de las palancas m\u00e1s importantes para el desarrollo y el progreso del pa\u00eds.<\/p>\n<p>En presencia de Jos\u00e9 Narro Robles, rector de la Universidad Nacional Aut\u00f3noma de M\u00e9xico (UNAM), y Jorge Olvera Garc\u00eda, rector de la Universidad Aut\u00f3noma del Estado de M\u00e9xico (UAEM), el titular del Ejecutivo estatal expuso algunas de las acciones de su gobierno en materia de educaci\u00f3n, como la inversi\u00f3n de casi mil millones de pesos en becas y est\u00edmulos a alumnos destacados en su aprovechamiento acad\u00e9mico y de escasos recursos; becas para estudiar en el extranjero, y entrega de laptops a estudiantes con mejores promedios.<\/p>\n<p>En el Aula Adolfo L\u00f3pez Mateos, del Edificio de Rector\u00eda de la UAEM, el gobernador reconoci\u00f3 la gesti\u00f3n de Rafael L\u00f3pez Casta\u00f1ares, secretario general ejecutivo saliente de la ANUIES, quien impuls\u00f3, entre otros temas, la propuesta de reformas jur\u00eddicas y de criterios para una pol\u00edtica de financiamiento de las Instituciones P\u00fablicas de Educaci\u00f3n Superior; al tiempo de\u00a0 expresar al nuevo dirigente, Enrique Fern\u00e1ndez, la disposici\u00f3n de su administraci\u00f3n para trabajar en equipo por el bien de la educaci\u00f3n superior.<\/p>\n<p>Emilio Chuayffet Chemor, titular de la SEP, destac\u00f3 que Eruviel \u00c1vila es un gobernador que ha concebido a la educaci\u00f3n como un quehacer p\u00fablico del m\u00e1s elevado rango, el cual realiza con visi\u00f3n de Estado y pasi\u00f3n personal.<\/p>\n<p>\u201cEn Eruviel \u00c1vila se cumple una vez m\u00e1s el viejo adagio de sabidur\u00eda popular que reza, lo digo sin duda, que el alumno ha superado por mucho al maestro, a los maestros que ha tenido\u201d, dijo.<\/p>\n<p>Asegur\u00f3 que el gobierno federal busca que todos los sectores se involucren en la construcci\u00f3n de un M\u00e9xico unido y fuerte, y que el panorama de la educaci\u00f3n superior es prometedor si se coordinan esfuerzos, por lo que el papel de la ANUIES es fundamental, ya que contribuye a mejorar los planes de estudio, programas y proyectos y su papel en la actual reforma educativa es esencial.<\/p>\n<p>En el evento estuvieron presentes Ana Lilia Herrera Anzaldo, senadora de la Rep\u00fablica, y Raymundo Mart\u00ednez Carbajal, secretario de Educaci\u00f3n estatal, as\u00ed como ex rectores de la m\u00e1xima casa de estudios mexiquense.<\/p>\n","protected":false},"excerpt":{"rendered":"<p>El gobernador Eruviel \u00c1vila Villegas reconoci\u00f3 a Enrique Pe\u00f1a Nieto, como un presidente transformador por el impulso que da en materia educativa, con una reforma con la que se escriben p\u00e1ginas muy importantes en la historia del pa\u00eds, por lo que afirm\u00f3 que en el Gobierno del Estado de M\u00e9xico, el mandatario de la naci\u00f3n tiene un aliado para concretarla.<\/p>\n","protected":false},"author":1,"featured_media":135621,"comment_status":"open","ping_status":"open","sticky":false,"template":"","format":"standard","meta":{"_monsterinsights_skip_tracking":false,"_monsterinsights_sitenote_active":false,"_monsterinsights_sitenote_note":"","_monsterinsights_sitenote_category":0,"footnotes":""},"categories":[17],"tags":[14993,3183,5828,43675,8934],"class_list":["post-135620","post","type-post","status-publish","format-standard","has-post-thumbnail","hentry","category-especiales","tag-anuies","tag-emilio-chuayffet-chemor","tag-eruviel-avila-villegas","tag-estado-de-mexico","tag-uam"],"_links":{"self":[{"href":"https:\/\/www.diarioimagen.net\/index.php?rest_route=\/wp\/v2\/posts\/135620","targetHints":{"allow":["GET"]}}],"collection":[{"href":"https:\/\/www.diarioimagen.net\/index.php?rest_route=\/wp\/v2\/posts"}],"about":[{"href":"https:\/\/www.diarioimagen.net\/index.php?rest_route=\/wp\/v2\/types\/post"}],"author":[{"embeddable":true,"href":"https:\/\/www.diarioimagen.net\/index.php?rest_route=\/wp\/v2\/users\/1"}],"replies":[{"embeddable":true,"href":"https:\/\/www.diarioimagen.net\/index.php?rest_route=%2Fwp%2Fv2%2Fcomments&post=135620"}],"version-history":[{"count":0,"href":"https:\/\/www.diarioimagen.net\/index.php?rest_route=\/wp\/v2\/posts\/135620\/revisions"}],"wp:featuredmedia":[{"embeddable":true,"href":"https:\/\/www.diarioimagen.net\/index.php?rest_route=\/wp\/v2\/media\/135621"}],"wp:attachment":[{"href":"https:\/\/www.diarioimagen.net\/index.php?rest_route=%2Fwp%2Fv2%2Fmedia&parent=135620"}],"wp:term":[{"taxonomy":"category","embeddable":true,"href":"https:\/\/www.diarioimagen.net\/index.php?rest_route=%2Fwp%2Fv2%2Fcategories&post=135620"},{"taxonomy":"post_tag","embeddable":true,"href":"https:\/\/www.diarioimagen.net\/index.php?rest_route=%2Fwp%2Fv2%2Ftags&post=135620"}],"curies":[{"name":"wp","href":"https:\/\/api.w.org\/{rel}","templated":true}]}}