{"id":135624,"date":"2013-06-08T00:04:17","date_gmt":"2013-06-08T05:04:17","guid":{"rendered":"http:\/\/www.diarioimagen.net\/?p=135624"},"modified":"2013-06-10T02:32:47","modified_gmt":"2013-06-10T07:32:47","slug":"sin-comando-ni-armas-video-de-los-vehiculos-que-se-llevaron-a-jovenes-de-bar-heaven","status":"publish","type":"post","link":"https:\/\/www.diarioimagen.net\/?p=135624","title":{"rendered":"Sin comando ni armas; video de los veh\u00edculos que se llevaron a j\u00f3venes de bar Heaven"},"content":{"rendered":"<p>&nbsp;<\/p>\n<div id=\"attachment_135627\" style=\"width: 250px\" class=\"wp-caption alignleft\"><a href=\"http:\/\/www.diarioimagen.net\/wp-content\/uploads\/2013\/06\/rios-garza.jpg\"><img loading=\"lazy\" decoding=\"async\" aria-describedby=\"caption-attachment-135627\" class=\"size-medium wp-image-135627\" alt=\"El titular de la PGJDF, Rodolfo R\u00edos Garza.\" src=\"http:\/\/www.diarioimagen.net\/wp-content\/uploads\/2013\/06\/rios-garza-240x199.jpg\" width=\"240\" height=\"199\" srcset=\"https:\/\/www.diarioimagen.net\/wp-content\/uploads\/2013\/06\/rios-garza-240x199.jpg 240w, https:\/\/www.diarioimagen.net\/wp-content\/uploads\/2013\/06\/rios-garza-420x348.jpg 420w, https:\/\/www.diarioimagen.net\/wp-content\/uploads\/2013\/06\/rios-garza.jpg 500w\" sizes=\"auto, (max-width: 240px) 100vw, 240px\" \/><\/a><p id=\"caption-attachment-135627\" class=\"wp-caption-text\">El titular de la PGJDF, Rodolfo R\u00edos Garza.<\/p><\/div>\n<p>La Procuradur\u00eda General de Justicia del Distrito Federal (PGJDF) detect\u00f3 en video los veh\u00edculos en los que presuntamente se llevaron del bar Heaven a j\u00f3venes del barrio de Tepito.<\/p>\n<p>En conferencia de prensa el titular de la PGJDF, Rodolfo R\u00edos Garza, present\u00f3 un video donde aparecen diversos autom\u00f3viles y personas que realizaron diferentes acciones para subir a los j\u00f3venes a los coches y llev\u00e1rselos.<\/p>\n<p>Refiri\u00f3 que se trat\u00f3 de una pandilla y no de un grupo armado integrado por al menos 17 personas la que sustrajo a ocho j\u00f3venes del bar Heaven, mientras que de los otros cuatro hay denuncias por su desaparici\u00f3n pero no se ha acreditado que estuvieran en el lugar.<\/p>\n<p>Al mostrar el video el funcionario subray\u00f3 que no se aprecian armas ni ning\u00fan acto violento, cuando los j\u00f3venes son subidos a ocho veh\u00edculos sin que hasta el momento se conozca su paradero por lo que las investigaciones contin\u00faan.<\/p>\n<p>Destac\u00f3 que cuentan con el retrato hablado de uno de los presuntos responsables, adem\u00e1s de que existen cuatro detenidos, los cuales ya est\u00e1n arraigados, entre ellos Mario Alberto Rodr\u00edguez Ledesma, uno de los socios propietarios del mencionado bar.<\/p>\n<div id=\"attachment_135625\" style=\"width: 250px\" class=\"wp-caption alignleft\"><a href=\"http:\/\/www.diarioimagen.net\/wp-content\/uploads\/2013\/06\/heaven-08062013.jpg\"><img loading=\"lazy\" decoding=\"async\" aria-describedby=\"caption-attachment-135625\" class=\"size-medium wp-image-135625\" alt=\"El funcionario subray\u00f3 que no se aprecian armas ni ning\u00fan acto violento.\" src=\"http:\/\/www.diarioimagen.net\/wp-content\/uploads\/2013\/06\/heaven-08062013-240x135.jpg\" width=\"240\" height=\"135\" srcset=\"https:\/\/www.diarioimagen.net\/wp-content\/uploads\/2013\/06\/heaven-08062013-240x135.jpg 240w, https:\/\/www.diarioimagen.net\/wp-content\/uploads\/2013\/06\/heaven-08062013-420x236.jpg 420w, https:\/\/www.diarioimagen.net\/wp-content\/uploads\/2013\/06\/heaven-08062013-235x132.jpg 235w, https:\/\/www.diarioimagen.net\/wp-content\/uploads\/2013\/06\/heaven-08062013-202x114.jpg 202w, https:\/\/www.diarioimagen.net\/wp-content\/uploads\/2013\/06\/heaven-08062013-350x196.jpg 350w, https:\/\/www.diarioimagen.net\/wp-content\/uploads\/2013\/06\/heaven-08062013-220x123.jpg 220w, https:\/\/www.diarioimagen.net\/wp-content\/uploads\/2013\/06\/heaven-08062013-237x132.jpg 237w, https:\/\/www.diarioimagen.net\/wp-content\/uploads\/2013\/06\/heaven-08062013.jpg 480w\" sizes=\"auto, (max-width: 240px) 100vw, 240px\" \/><\/a><p id=\"caption-attachment-135625\" class=\"wp-caption-text\">El funcionario subray\u00f3 que no se aprecian armas ni ning\u00fan acto violento.<\/p><\/div>\n<p>Detall\u00f3 que hasta el momento han declarado 22 testigos, de los cuales tres presuntamente presenciaron los hechos ocurridos el 26 de mayo pasado en el establecimiento ubicado en la calle Lancaster en la Zona Rosa.<\/p>\n<p>Precis\u00f3 que de acuerdo con la declaraci\u00f3n de uno de los testigos la desaparici\u00f3n de los j\u00f3venes de debi\u00f3 a una pugna entre las pandillas denominadas La Uni\u00f3n y Los Tepis, quienes se disputan el control para realizar actividades il\u00edcitas en el barrio de Tepito.<\/p>\n<p>Asever\u00f3 que Rodr\u00edguez Ledesma ha aportado datos importantes en la investigaci\u00f3n, mientras que el jefe de seguridad apodado \u00abel Diablo\u00bb se reserv\u00f3 su derecho a declarar.<\/p>\n<p>R\u00edos Garza afirm\u00f3 que la \u00abPGJDF va a resolver este caso con una investigaci\u00f3n seria y profesional y dar\u00e1 cuenta de los avances a la ciudadan\u00eda, con lo que se busca evitar que haya impunidad\u00bb.<\/p>\n","protected":false},"excerpt":{"rendered":"<p>La Procuradur\u00eda General de Justicia del Distrito Federal (PGJDF) detect\u00f3 en video los veh\u00edculos en los que presuntamente se llevaron del bar Heaven a j\u00f3venes del barrio de Tepito.<\/p>\n","protected":false},"author":1,"featured_media":135625,"comment_status":"open","ping_status":"open","sticky":false,"template":"","format":"standard","meta":{"_monsterinsights_skip_tracking":false,"_monsterinsights_sitenote_active":false,"_monsterinsights_sitenote_note":"","_monsterinsights_sitenote_category":0,"footnotes":""},"categories":[17],"tags":[43691,27177,323,26845],"class_list":["post-135624","post","type-post","status-publish","format-standard","has-post-thumbnail","hentry","category-especiales","tag-gdf","tag-heaven","tag-pgjdf","tag-rodolfo-rios-garza"],"_links":{"self":[{"href":"https:\/\/www.diarioimagen.net\/index.php?rest_route=\/wp\/v2\/posts\/135624","targetHints":{"allow":["GET"]}}],"collection":[{"href":"https:\/\/www.diarioimagen.net\/index.php?rest_route=\/wp\/v2\/posts"}],"about":[{"href":"https:\/\/www.diarioimagen.net\/index.php?rest_route=\/wp\/v2\/types\/post"}],"author":[{"embeddable":true,"href":"https:\/\/www.diarioimagen.net\/index.php?rest_route=\/wp\/v2\/users\/1"}],"replies":[{"embeddable":true,"href":"https:\/\/www.diarioimagen.net\/index.php?rest_route=%2Fwp%2Fv2%2Fcomments&post=135624"}],"version-history":[{"count":0,"href":"https:\/\/www.diarioimagen.net\/index.php?rest_route=\/wp\/v2\/posts\/135624\/revisions"}],"wp:featuredmedia":[{"embeddable":true,"href":"https:\/\/www.diarioimagen.net\/index.php?rest_route=\/wp\/v2\/media\/135625"}],"wp:attachment":[{"href":"https:\/\/www.diarioimagen.net\/index.php?rest_route=%2Fwp%2Fv2%2Fmedia&parent=135624"}],"wp:term":[{"taxonomy":"category","embeddable":true,"href":"https:\/\/www.diarioimagen.net\/index.php?rest_route=%2Fwp%2Fv2%2Fcategories&post=135624"},{"taxonomy":"post_tag","embeddable":true,"href":"https:\/\/www.diarioimagen.net\/index.php?rest_route=%2Fwp%2Fv2%2Ftags&post=135624"}],"curies":[{"name":"wp","href":"https:\/\/api.w.org\/{rel}","templated":true}]}}