{"id":135708,"date":"2013-06-10T00:03:57","date_gmt":"2013-06-10T05:03:57","guid":{"rendered":"http:\/\/www.diarioimagen.net\/?p=135708"},"modified":"2013-06-11T02:08:26","modified_gmt":"2013-06-11T07:08:26","slug":"mexico-y-china-dan-primer-paso-a-mayor-cooperacion","status":"publish","type":"post","link":"https:\/\/www.diarioimagen.net\/?p=135708","title":{"rendered":"M\u00e9xico y China dan primer paso a mayor cooperaci\u00f3n"},"content":{"rendered":"<ul>\n<li><strong><em>Nuestro pa\u00eds fortalecer\u00e1\u00a0 los nexos econ\u00f3micos y comerciales con la segunda econom\u00eda m\u00e1s grande del mundo<\/em><\/strong><\/li>\n<\/ul>\n<div id=\"attachment_135756\" style=\"width: 250px\" class=\"wp-caption alignleft\"><a href=\"http:\/\/www.diarioimagen.net\/wp-content\/uploads\/2013\/06\/Videgaray-2116.jpg\"><img loading=\"lazy\" decoding=\"async\" aria-describedby=\"caption-attachment-135756\" class=\"size-medium wp-image-135756\" alt=\"Luis Videgaray Caso, titular de la Secretar\u00eda de Hacienda y Cr\u00e9dito P\u00fablico.\" src=\"http:\/\/www.diarioimagen.net\/wp-content\/uploads\/2013\/06\/Videgaray-2116-240x135.jpg\" width=\"240\" height=\"135\" srcset=\"https:\/\/www.diarioimagen.net\/wp-content\/uploads\/2013\/06\/Videgaray-2116-240x135.jpg 240w, https:\/\/www.diarioimagen.net\/wp-content\/uploads\/2013\/06\/Videgaray-2116-420x236.jpg 420w, https:\/\/www.diarioimagen.net\/wp-content\/uploads\/2013\/06\/Videgaray-2116-235x132.jpg 235w, https:\/\/www.diarioimagen.net\/wp-content\/uploads\/2013\/06\/Videgaray-2116-202x114.jpg 202w, https:\/\/www.diarioimagen.net\/wp-content\/uploads\/2013\/06\/Videgaray-2116-350x196.jpg 350w, https:\/\/www.diarioimagen.net\/wp-content\/uploads\/2013\/06\/Videgaray-2116-220x123.jpg 220w, https:\/\/www.diarioimagen.net\/wp-content\/uploads\/2013\/06\/Videgaray-2116-237x132.jpg 237w, https:\/\/www.diarioimagen.net\/wp-content\/uploads\/2013\/06\/Videgaray-2116.jpg 480w\" sizes=\"auto, (max-width: 240px) 100vw, 240px\" \/><\/a><p id=\"caption-attachment-135756\" class=\"wp-caption-text\">Luis Videgaray Caso, titular de la Secretar\u00eda de Hacienda y Cr\u00e9dito P\u00fablico.<\/p><\/div>\n<p>Los acuerdos suscritos entre M\u00e9xico y China son el primer paso hacia la proyecci\u00f3n de un mayor desarrollo y prosperidad entre ambas poblaciones, a trav\u00e9s de una visi\u00f3n de largo plazo que consolide un intercambio efectivo, de cooperaci\u00f3n e integraci\u00f3n, se\u00f1al\u00f3 la Secretar\u00eda de Hacienda y Cr\u00e9dito P\u00fablico (SHCP).<\/p>\n<p>En el Informe Semanal de su Vocer\u00eda, destaca que dada la gran relevancia que tiene China en el panorama econ\u00f3mico global, M\u00e9xico fortalecer\u00e1 los nexos econ\u00f3micos y comerciales con la segunda econom\u00eda m\u00e1s grande del mundo.<\/p>\n<p>Por ello, el gobierno de la Rep\u00fablica ha comenzado una nueva etapa en la relaci\u00f3n bilateral, con el prop\u00f3sito de ser el catalizador que detone la competitividad internacional de ambos pa\u00edses, precisa.<\/p>\n<p>Refiere que en el marco del eje rector M\u00e9xico con Responsabilidad Global, se busca fortalecer y promover una nueva relaci\u00f3n con China a trav\u00e9s de acciones espec\u00edficas que permitan incrementar la cooperaci\u00f3n e integraci\u00f3n entre ambas econom\u00edas.<\/p>\n<p>Por ello, los presidentes de China, Xi Jinping, y de M\u00e9xico, Enrique Pe\u00f1a Nieto, han sostenido diversos encuentros, a fin de tratar una agenda sobre diversos temas econ\u00f3micos y de comercio.<\/p>\n<p>China, con una participaci\u00f3n de 15.6 por ciento del PIB global, representa la segunda econom\u00eda m\u00e1s grande del mundo despu\u00e9s de Estados Unidos (18.6 por ciento); M\u00e9xico ocupa el lugar 10 a nivel mundial, con una participaci\u00f3n aproximada de 2.1 por ciento.<\/p>\n<p>La econom\u00eda china creci\u00f3 7.8 por ciento real anual en 2012, desde 9.3 por ciento en 2011, y para este a\u00f1o se proyecta un crecimiento de 7.7 por ciento anual, derivado de la debilidad en la econom\u00eda mundial, as\u00ed como a un menor ritmo en la actividad industrial.<\/p>\n<p>En el caso de M\u00e9xico, la econom\u00eda creci\u00f3 3.9 por ciento en 2012, en parte afectada por la debilidad del crecimiento de su principal socio comercial, Estados Unidos.<\/p>\n<p>Sin embargo, precisa la Secretar\u00eda de Hacienda, con las acciones emprendidas y las reformas estructurales que se han presentado, y las que faltan por presentarse, se busca que el crecimiento econ\u00f3mico de M\u00e9xico sea impulsado desde el interior.<\/p>\n<p>&nbsp;<\/p>\n","protected":false},"excerpt":{"rendered":"<p>Los acuerdos suscritos entre M\u00e9xico y China son el primer paso hacia la proyecci\u00f3n de un mayor desarrollo y prosperidad entre ambas poblaciones, a trav\u00e9s de una visi\u00f3n de largo plazo que consolide un intercambio efectivo, de cooperaci\u00f3n e integraci\u00f3n, se\u00f1al\u00f3 la Secretar\u00eda de Hacienda y Cr\u00e9dito P\u00fablico (SHCP).<\/p>\n","protected":false},"author":3,"featured_media":135756,"comment_status":"open","ping_status":"open","sticky":false,"template":"","format":"standard","meta":{"_monsterinsights_skip_tracking":false,"_monsterinsights_sitenote_active":false,"_monsterinsights_sitenote_note":"","_monsterinsights_sitenote_category":0,"footnotes":""},"categories":[17,3],"tags":[1361,7517,44,1101],"class_list":["post-135708","post","type-post","status-publish","format-standard","has-post-thumbnail","hentry","category-especiales","category-nacional","tag-china","tag-luis-videgaray-caso","tag-mexico","tag-secretaria-de-hacienda-y-credito-publico"],"_links":{"self":[{"href":"https:\/\/www.diarioimagen.net\/index.php?rest_route=\/wp\/v2\/posts\/135708","targetHints":{"allow":["GET"]}}],"collection":[{"href":"https:\/\/www.diarioimagen.net\/index.php?rest_route=\/wp\/v2\/posts"}],"about":[{"href":"https:\/\/www.diarioimagen.net\/index.php?rest_route=\/wp\/v2\/types\/post"}],"author":[{"embeddable":true,"href":"https:\/\/www.diarioimagen.net\/index.php?rest_route=\/wp\/v2\/users\/3"}],"replies":[{"embeddable":true,"href":"https:\/\/www.diarioimagen.net\/index.php?rest_route=%2Fwp%2Fv2%2Fcomments&post=135708"}],"version-history":[{"count":0,"href":"https:\/\/www.diarioimagen.net\/index.php?rest_route=\/wp\/v2\/posts\/135708\/revisions"}],"wp:featuredmedia":[{"embeddable":true,"href":"https:\/\/www.diarioimagen.net\/index.php?rest_route=\/wp\/v2\/media\/135756"}],"wp:attachment":[{"href":"https:\/\/www.diarioimagen.net\/index.php?rest_route=%2Fwp%2Fv2%2Fmedia&parent=135708"}],"wp:term":[{"taxonomy":"category","embeddable":true,"href":"https:\/\/www.diarioimagen.net\/index.php?rest_route=%2Fwp%2Fv2%2Fcategories&post=135708"},{"taxonomy":"post_tag","embeddable":true,"href":"https:\/\/www.diarioimagen.net\/index.php?rest_route=%2Fwp%2Fv2%2Ftags&post=135708"}],"curies":[{"name":"wp","href":"https:\/\/api.w.org\/{rel}","templated":true}]}}