{"id":135714,"date":"2013-06-10T00:08:56","date_gmt":"2013-06-10T05:08:56","guid":{"rendered":"http:\/\/www.diarioimagen.net\/?p=135714"},"modified":"2013-06-10T02:41:27","modified_gmt":"2013-06-10T07:41:27","slug":"realizan-magna-jornada-asistencial-en-ecatepec","status":"publish","type":"post","link":"https:\/\/www.diarioimagen.net\/?p=135714","title":{"rendered":"Realizan magna jornada asistencial en Ecatepec"},"content":{"rendered":"<ul>\n<li><strong><em>Ej\u00e9rcito y ayuntamiento<\/em><\/strong><\/li>\n<\/ul>\n<div id=\"attachment_135770\" style=\"width: 250px\" class=\"wp-caption alignleft\"><a href=\"http:\/\/www.diarioimagen.net\/wp-content\/uploads\/2013\/06\/ECATEPEC-2116.jpg\"><img loading=\"lazy\" decoding=\"async\" aria-describedby=\"caption-attachment-135770\" class=\"size-medium wp-image-135770\" alt=\"El Ej\u00e9rcito despleg\u00f3 una Jornada Asistencial con su personal m\u00e9dico y militar en San Andr\u00e9s de la Ca\u00f1ada, en Ecatepec.\" src=\"http:\/\/www.diarioimagen.net\/wp-content\/uploads\/2013\/06\/ECATEPEC-2116-240x135.jpg\" width=\"240\" height=\"135\" srcset=\"https:\/\/www.diarioimagen.net\/wp-content\/uploads\/2013\/06\/ECATEPEC-2116-240x135.jpg 240w, https:\/\/www.diarioimagen.net\/wp-content\/uploads\/2013\/06\/ECATEPEC-2116-420x236.jpg 420w, https:\/\/www.diarioimagen.net\/wp-content\/uploads\/2013\/06\/ECATEPEC-2116-235x132.jpg 235w, https:\/\/www.diarioimagen.net\/wp-content\/uploads\/2013\/06\/ECATEPEC-2116-202x114.jpg 202w, https:\/\/www.diarioimagen.net\/wp-content\/uploads\/2013\/06\/ECATEPEC-2116-350x196.jpg 350w, https:\/\/www.diarioimagen.net\/wp-content\/uploads\/2013\/06\/ECATEPEC-2116-220x123.jpg 220w, https:\/\/www.diarioimagen.net\/wp-content\/uploads\/2013\/06\/ECATEPEC-2116-237x132.jpg 237w, https:\/\/www.diarioimagen.net\/wp-content\/uploads\/2013\/06\/ECATEPEC-2116.jpg 480w\" sizes=\"auto, (max-width: 240px) 100vw, 240px\" \/><\/a><p id=\"caption-attachment-135770\" class=\"wp-caption-text\">El Ej\u00e9rcito despleg\u00f3 una Jornada Asistencial con su personal m\u00e9dico y militar en San Andr\u00e9s de la Ca\u00f1ada, en Ecatepec.<\/p><\/div>\n<p><strong>Ecatepec, Estado de M\u00e9xico<\/strong>.- En este municipio se llev\u00f3 a cabo la \u201cJornada M\u00e9dico Asistencial\u201d, con la participaci\u00f3n de elementos de la Secretar\u00eda de la Defensa Nacional, el gobierno local, y el Consejo Estatal de Organizaciones A.C. quienes brindaron servicios gratuitos, beneficiando as\u00ed a 10 mil vecinos del pueblo de San Andr\u00e9s de la Ca\u00f1ada.<\/p>\n<p>Durante el evento se ofrecieron consultas y entrega de medicamentos, servicios para la mujer, orientaci\u00f3n psicol\u00f3gica, consultas odontol\u00f3gicas, canje de electrodom\u00e9sticos por kits de primeros auxilios, recolecci\u00f3n de productos de pet a cambio de despensas, servicios de peluquer\u00eda, entre otros.<\/p>\n<p>Personal del Ej\u00e9rcito brind\u00f3 ayuda en la remodelaci\u00f3n y pinta de bardas perimetrales, jardineras, reparaci\u00f3n de juegos infantiles y siembra de \u00e1rboles; as\u00ed como la remodelaci\u00f3n de la escuela primaria \u201cMiguel Hidalgo\u201d ubicada a un costado de la plaza principal. Durante el evento miembros del Tercer Regimiento \u00a0ofrecieron comida para los m\u00e1s de mil asistentes.<\/p>\n<p>Pablo Bedolla inform\u00f3 que adem\u00e1s del fuerte compromiso con la salud de todos los ecatepequenses, el gobierno local trabaja para mejorar la seguridad p\u00fablica y la calidad de vida, as\u00ed como la supervisi\u00f3n de drenajes y alumbrado p\u00fablico.<\/p>\n<p>Tambi\u00e9n agradeci\u00f3 la presencia y colaboraci\u00f3n de la Sedena, al participar con los habitantes del Pueblo de San Andr\u00e9s de la Ca\u00f1ada, el cual pertenece a una de las zonas con mayor \u00edndice de pobreza en el Estado de M\u00e9xico, as\u00ed como a las organizaciones presentes, asegurando la importancia de realizar estos eventos que acercan servicios integrales de salud y atenci\u00f3n a quienes m\u00e1s lo necesitan.<b><\/b><\/p>\n<p>&nbsp;<\/p>\n","protected":false},"excerpt":{"rendered":"<p>En este municipio se llev\u00f3 a cabo la \u201cJornada M\u00e9dico Asistencial\u201d, con la participaci\u00f3n de elementos de la Secretar\u00eda de la Defensa Nacional, el gobierno local, y el Consejo Estatal de Organizaciones A.C. quienes brindaron servicios gratuitos, beneficiando as\u00ed a 10 mil vecinos del pueblo de San Andr\u00e9s de la Ca\u00f1ada.<\/p>\n","protected":false},"author":3,"featured_media":135770,"comment_status":"open","ping_status":"open","sticky":false,"template":"","format":"standard","meta":{"_monsterinsights_skip_tracking":false,"_monsterinsights_sitenote_active":false,"_monsterinsights_sitenote_note":"","_monsterinsights_sitenote_category":0,"footnotes":""},"categories":[5],"tags":[454,43675,13817],"class_list":["post-135714","post","type-post","status-publish","format-standard","has-post-thumbnail","hentry","category-estado-de-mexico","tag-ecatepec","tag-estado-de-mexico","tag-magna"],"_links":{"self":[{"href":"https:\/\/www.diarioimagen.net\/index.php?rest_route=\/wp\/v2\/posts\/135714","targetHints":{"allow":["GET"]}}],"collection":[{"href":"https:\/\/www.diarioimagen.net\/index.php?rest_route=\/wp\/v2\/posts"}],"about":[{"href":"https:\/\/www.diarioimagen.net\/index.php?rest_route=\/wp\/v2\/types\/post"}],"author":[{"embeddable":true,"href":"https:\/\/www.diarioimagen.net\/index.php?rest_route=\/wp\/v2\/users\/3"}],"replies":[{"embeddable":true,"href":"https:\/\/www.diarioimagen.net\/index.php?rest_route=%2Fwp%2Fv2%2Fcomments&post=135714"}],"version-history":[{"count":0,"href":"https:\/\/www.diarioimagen.net\/index.php?rest_route=\/wp\/v2\/posts\/135714\/revisions"}],"wp:featuredmedia":[{"embeddable":true,"href":"https:\/\/www.diarioimagen.net\/index.php?rest_route=\/wp\/v2\/media\/135770"}],"wp:attachment":[{"href":"https:\/\/www.diarioimagen.net\/index.php?rest_route=%2Fwp%2Fv2%2Fmedia&parent=135714"}],"wp:term":[{"taxonomy":"category","embeddable":true,"href":"https:\/\/www.diarioimagen.net\/index.php?rest_route=%2Fwp%2Fv2%2Fcategories&post=135714"},{"taxonomy":"post_tag","embeddable":true,"href":"https:\/\/www.diarioimagen.net\/index.php?rest_route=%2Fwp%2Fv2%2Ftags&post=135714"}],"curies":[{"name":"wp","href":"https:\/\/api.w.org\/{rel}","templated":true}]}}