{"id":135716,"date":"2013-06-10T00:07:46","date_gmt":"2013-06-10T05:07:46","guid":{"rendered":"http:\/\/www.diarioimagen.net\/?p=135716"},"modified":"2013-06-10T02:41:59","modified_gmt":"2013-06-10T07:41:59","slug":"se-agrava-la-situacion-del-campo-afirma-cnc","status":"publish","type":"post","link":"https:\/\/www.diarioimagen.net\/?p=135716","title":{"rendered":"Se agrava la situaci\u00f3n del campo, afirma CNC"},"content":{"rendered":"<ul>\n<li><strong><em>La organizaci\u00f3n se\u00f1ala que los recursos no fluyen y aumenta el desempleo en las comunidades agr\u00edcolas<\/em><\/strong><\/li>\n<\/ul>\n<div id=\"attachment_135772\" style=\"width: 250px\" class=\"wp-caption alignleft\"><a href=\"http:\/\/www.diarioimagen.net\/wp-content\/uploads\/2013\/06\/Campo-2116.jpg\"><img loading=\"lazy\" decoding=\"async\" aria-describedby=\"caption-attachment-135772\" class=\"size-medium wp-image-135772\" alt=\"Nuevamente la CNC destac\u00f3 los detalles de la sequ\u00eda hiost\u00f3rica que afecta al campo mexicano, agravada por la disminuci\u00f3n de las remesas procedentes de EU.\" src=\"http:\/\/www.diarioimagen.net\/wp-content\/uploads\/2013\/06\/Campo-2116-240x135.jpg\" width=\"240\" height=\"135\" srcset=\"https:\/\/www.diarioimagen.net\/wp-content\/uploads\/2013\/06\/Campo-2116-240x135.jpg 240w, https:\/\/www.diarioimagen.net\/wp-content\/uploads\/2013\/06\/Campo-2116-420x236.jpg 420w, https:\/\/www.diarioimagen.net\/wp-content\/uploads\/2013\/06\/Campo-2116-235x132.jpg 235w, https:\/\/www.diarioimagen.net\/wp-content\/uploads\/2013\/06\/Campo-2116-202x114.jpg 202w, https:\/\/www.diarioimagen.net\/wp-content\/uploads\/2013\/06\/Campo-2116-350x196.jpg 350w, https:\/\/www.diarioimagen.net\/wp-content\/uploads\/2013\/06\/Campo-2116-220x123.jpg 220w, https:\/\/www.diarioimagen.net\/wp-content\/uploads\/2013\/06\/Campo-2116-237x132.jpg 237w, https:\/\/www.diarioimagen.net\/wp-content\/uploads\/2013\/06\/Campo-2116.jpg 480w\" sizes=\"auto, (max-width: 240px) 100vw, 240px\" \/><\/a><p id=\"caption-attachment-135772\" class=\"wp-caption-text\">Nuevamente la CNC destac\u00f3 los detalles de la sequ\u00eda hiost\u00f3rica que afecta al campo mexicano, agravada por la disminuci\u00f3n de las remesas procedentes de EU.<\/p><\/div>\n<p>El presidente de la Confederaci\u00f3n Nacional Campesina (CNC), Gerardo S\u00e1nchez, advirti\u00f3 que la situaci\u00f3n del campo mexicano se agrava debido a la sequ\u00eda que registra el pa\u00eds por tercer a\u00f1o consecutivo, y por la reducci\u00f3n de remesas que env\u00edan campesinos que viven en Estados Unidos.<\/p>\n<p>\u201cLa situaci\u00f3n del agro mexicano se agrava por la intensa sequ\u00eda que se registra por tercer a\u00f1o consecutivo y la ca\u00edda anual de las remesas hasta en 6.4 por ciento, pues al no fluir los recursos que env\u00edan los migrantes de Estados Unidos baja el consumo, se frena el crecimiento y aumenta el desempleo en las zonas rurales\u201d, se\u00f1al\u00f3.<\/p>\n<p>En un comunicado, el tambi\u00e9n senador de la Rep\u00fablica record\u00f3 que despu\u00e9s de las exportaciones petroleras, las remesas representan la principal fuente de divisas para el pa\u00eds, por encima del turismo y de la inversi\u00f3n extranjera directa.<\/p>\n<p>\u201cEn el mundo, M\u00e9xico es el tercer pa\u00eds receptor de remesas, s\u00f3lo superado por la India y por China, de ah\u00ed que su disminuci\u00f3n impacte negativamente al campo mexicano y a sus habitantes, ya que en algunas zonas constituyen la \u00fanica fuente de ingresos\u201d, agreg\u00f3.<\/p>\n<p>El dirigente de la CNC consider\u00f3 que la ca\u00edda de la entrada de dinero enviado por quienes trabajan en el extranjero obedece a los problemas econ\u00f3micos de Estados Unidos y a la persecuci\u00f3n de los indocumentados mexicanos.<\/p>\n<p>S\u00e1nchez Garc\u00eda inform\u00f3 que los estados m\u00e1s afectados son Michoac\u00e1n, Guanajuato, Jalisco, Estado de M\u00e9xico, Zacatecas, Puebla, Oaxaca y Tlaxcala, pues M\u00e9xico es el principal receptor de remesas en Am\u00e9rica Latina con 22 mil 400 millones de d\u00f3lares en 2012, por debajo de los 25 mil millones de d\u00f3lares registrados con anterioridad.<\/p>\n<p>Manifest\u00f3 que 50 por ciento de los migrantes mexicanos son campesinos y jornaleros que, de acuerdo con investigaciones, benefician a casi dos millones de hogares.<\/p>\n<p>La recuperaci\u00f3n de las remesas vaya a la par con la econom\u00eda estadunidense y la creaci\u00f3n de empleos en ese pa\u00eds, sin olvidar que est\u00e1 por aprobarse la reforma migratoria que, de ser positiva, aumentar\u00e1 el env\u00edo de d\u00f3lares a M\u00e9xico por los paisanos que trabajan all\u00e1.<\/p>\n<p>&nbsp;<\/p>\n","protected":false},"excerpt":{"rendered":"<p>El presidente de la Confederaci\u00f3n Nacional Campesina (CNC), Gerardo S\u00e1nchez, advirti\u00f3 que la situaci\u00f3n del campo mexicano se agrava debido a la sequ\u00eda que registra el pa\u00eds por tercer a\u00f1o consecutivo, y por la reducci\u00f3n de remesas que env\u00edan campesinos que viven en Estados Unidos.<\/p>\n","protected":false},"author":3,"featured_media":135772,"comment_status":"open","ping_status":"open","sticky":false,"template":"","format":"standard","meta":{"_monsterinsights_skip_tracking":false,"_monsterinsights_sitenote_active":false,"_monsterinsights_sitenote_note":"","_monsterinsights_sitenote_category":0,"footnotes":""},"categories":[3],"tags":[16006,270,269,43673,18256],"class_list":["post-135716","post","type-post","status-publish","format-standard","has-post-thumbnail","hentry","category-nacional","tag-campo","tag-cnc","tag-confederacion-nacional-campesina","tag-nacional","tag-sequia"],"_links":{"self":[{"href":"https:\/\/www.diarioimagen.net\/index.php?rest_route=\/wp\/v2\/posts\/135716","targetHints":{"allow":["GET"]}}],"collection":[{"href":"https:\/\/www.diarioimagen.net\/index.php?rest_route=\/wp\/v2\/posts"}],"about":[{"href":"https:\/\/www.diarioimagen.net\/index.php?rest_route=\/wp\/v2\/types\/post"}],"author":[{"embeddable":true,"href":"https:\/\/www.diarioimagen.net\/index.php?rest_route=\/wp\/v2\/users\/3"}],"replies":[{"embeddable":true,"href":"https:\/\/www.diarioimagen.net\/index.php?rest_route=%2Fwp%2Fv2%2Fcomments&post=135716"}],"version-history":[{"count":0,"href":"https:\/\/www.diarioimagen.net\/index.php?rest_route=\/wp\/v2\/posts\/135716\/revisions"}],"wp:featuredmedia":[{"embeddable":true,"href":"https:\/\/www.diarioimagen.net\/index.php?rest_route=\/wp\/v2\/media\/135772"}],"wp:attachment":[{"href":"https:\/\/www.diarioimagen.net\/index.php?rest_route=%2Fwp%2Fv2%2Fmedia&parent=135716"}],"wp:term":[{"taxonomy":"category","embeddable":true,"href":"https:\/\/www.diarioimagen.net\/index.php?rest_route=%2Fwp%2Fv2%2Fcategories&post=135716"},{"taxonomy":"post_tag","embeddable":true,"href":"https:\/\/www.diarioimagen.net\/index.php?rest_route=%2Fwp%2Fv2%2Ftags&post=135716"}],"curies":[{"name":"wp","href":"https:\/\/api.w.org\/{rel}","templated":true}]}}