{"id":135821,"date":"2013-06-11T00:09:54","date_gmt":"2013-06-11T05:09:54","guid":{"rendered":"http:\/\/www.diarioimagen.net\/?p=135821"},"modified":"2013-06-11T02:09:36","modified_gmt":"2013-06-11T07:09:36","slug":"presentan-iniciativa-para-regular-corralones-en-materia-ambiental","status":"publish","type":"post","link":"https:\/\/www.diarioimagen.net\/?p=135821","title":{"rendered":"Presentan iniciativa para regular corralones en materia ambiental"},"content":{"rendered":"<ul>\n<li><strong><em>Contempla cambios a los c\u00f3digos Penal y para la Biodiversidad y espec\u00edfica multas que van de los 30 a los 150 d\u00edas de salario m\u00ednimo<\/em><\/strong><\/li>\n<\/ul>\n<div id=\"attachment_135936\" style=\"width: 250px\" class=\"wp-caption alignleft\"><a href=\"http:\/\/www.diarioimagen.net\/wp-content\/uploads\/2013\/06\/eruviel-edomex-2117.jpg\"><img loading=\"lazy\" decoding=\"async\" aria-describedby=\"caption-attachment-135936\" class=\"size-medium wp-image-135936\" alt=\"El gobernador Eruviel \u00c1vila Villegas present\u00f3 una iniciativa ante la C\u00e1mara de Diputados mexiquense para modificar disposiciones del C\u00f3digo Penal y del C\u00f3digo para la Biodiversidad del Estado de M\u00e9xico, y establecer sanciones a quienes no respetan disposiciones de las autoridades ambientales del estado.\" src=\"http:\/\/www.diarioimagen.net\/wp-content\/uploads\/2013\/06\/eruviel-edomex-2117-240x135.jpg\" width=\"240\" height=\"135\" srcset=\"https:\/\/www.diarioimagen.net\/wp-content\/uploads\/2013\/06\/eruviel-edomex-2117-240x135.jpg 240w, https:\/\/www.diarioimagen.net\/wp-content\/uploads\/2013\/06\/eruviel-edomex-2117-420x236.jpg 420w, https:\/\/www.diarioimagen.net\/wp-content\/uploads\/2013\/06\/eruviel-edomex-2117-235x132.jpg 235w, https:\/\/www.diarioimagen.net\/wp-content\/uploads\/2013\/06\/eruviel-edomex-2117-202x114.jpg 202w, https:\/\/www.diarioimagen.net\/wp-content\/uploads\/2013\/06\/eruviel-edomex-2117-350x196.jpg 350w, https:\/\/www.diarioimagen.net\/wp-content\/uploads\/2013\/06\/eruviel-edomex-2117-220x123.jpg 220w, https:\/\/www.diarioimagen.net\/wp-content\/uploads\/2013\/06\/eruviel-edomex-2117-237x132.jpg 237w, https:\/\/www.diarioimagen.net\/wp-content\/uploads\/2013\/06\/eruviel-edomex-2117.jpg 480w\" sizes=\"auto, (max-width: 240px) 100vw, 240px\" \/><\/a><p id=\"caption-attachment-135936\" class=\"wp-caption-text\">El gobernador Eruviel \u00c1vila Villegas present\u00f3 una iniciativa ante la C\u00e1mara de Diputados mexiquense para modificar disposiciones del C\u00f3digo Penal y del C\u00f3digo para la Biodiversidad del Estado de M\u00e9xico, y establecer sanciones a quienes no respetan disposiciones de las autoridades ambientales del estado.<\/p><\/div>\n<p><strong>Toluca, Estado de M\u00e9xico<\/strong>.- El gobernador Eruviel \u00c1vila Villegas present\u00f3 una iniciativa a la C\u00e1mara de Diputados local para modificar disposiciones del C\u00f3digo Penal y del C\u00f3digo para la Biodiversidad del Estado de M\u00e9xico, y establecer sanciones de 2 a 8 a\u00f1os de prisi\u00f3n y multas de 30 a 150 d\u00edas de salario m\u00ednimo para quienes prestan el servicio de guarda, custodia, reparaci\u00f3n o dep\u00f3sito de veh\u00edculos, sin acatar las medidas de la autoridad ambiental en el Estado de M\u00e9xico, con lo que se evitar\u00e1 la contaminaci\u00f3n del suelo, disminuci\u00f3n de focos de infecci\u00f3n y de lugares para comercializar autopartes robadas.<\/p>\n<p>\u201cEstamos presentando una iniciativa, la cual tuvo la opini\u00f3n del Tribunal Superior de Justicia, que pretende modificar diferentes disposiciones del C\u00f3digo Penal del Estado de M\u00e9xico y del C\u00f3digo para la Biodiversidad del Estado de M\u00e9xico. El objetivo es adicionar, a efecto de que pueda prestarse el servicio de guarda, custodia, reparaci\u00f3n o dep\u00f3sito de veh\u00edculos, as\u00ed como su comercio, pero que deban contar antes con la aprobaci\u00f3n de la autoridad ambiental estatal\u201d.<\/p>\n<p>Explic\u00f3 que la iniciativa presentada busca, adem\u00e1s de las sanciones referidas, que se persiga de oficio a aquellos negocios de guarda custodia, reparaci\u00f3n, dep\u00f3sito o comercio de veh\u00edculos -exceptuando a los estacionamientos p\u00fablicos-, que sin contar con la autorizaci\u00f3n de impacto y riesgo ambiental, presten este tipo de servicio, pues dicha actividad puede poner en peligro la salud, debido a las concentraciones de metales pesados, como plomo, mercurio o manganeso que se generan, adem\u00e1s de que los escurrimientos de aceite afectan a los mantos fre\u00e1ticos.<\/p>\n<p>En conferencia de prensa, luego de sostener un encuentro con periodistas en el marco de la celebraci\u00f3n del D\u00eda de la Libertad de Expresi\u00f3n, Eruviel \u00c1vila se\u00f1al\u00f3 que con esta iniciativa se cumple uno de los acuerdos logrados la semana pasada en la IV Reuni\u00f3n Regional de Seguridad de la Zona Centro,\u00a0 y abund\u00f3 que la propuesta permitir\u00e1 reducir los agentes contaminantes que se producen en estos lugares y que afectan a los mantos acu\u00edferos; provocan da\u00f1os a la salud p\u00fablica al convertirse en focos de infecci\u00f3n y se convierten en sitios propicios para la inseguridad con la comercializaci\u00f3n de autopartes robadas.<\/p>\n<p>Por ello, hizo un llamado a los propietarios de este tipo de establecimientos a acercarse a la autoridad ecol\u00f3gica para ponerse en orden y cumplir con la normatividad.<\/p>\n<p>\u201cEstoy cierto que, una vez presentada, tengo fe que pueda ser aprobada, y en su momento ejecutada, a afecto de poner en orden a estos llamados deshuesaderos, dep\u00f3sitos de veh\u00edculos, entre otros. Esta iniciativa, le ofrec\u00ed a los se\u00f1ores gobernadores de la Zona Centro, que se las har\u00eda llegar y compartir, para que con ese \u00e1nimo de colaboraci\u00f3n y de intercambio de informaci\u00f3n que tenemos, espero sea de utilidad, en el caso del Estado de M\u00e9xico, tenemos fe, tenemos confianza, que si va a surtir efectos\u201d, dijo.<\/p>\n<p style=\"text-align: center;\"><strong>RESPALDAN ACUERDOS DE ZONA CENTRO<\/strong><\/p>\n<p>Eruviel \u00c1vila asever\u00f3 que, como parte de los acuerdos logrados en la \u00faltima Reuni\u00f3n Regional de Seguridad de la Zona Centro, su administraci\u00f3n pondr\u00e1 a disposici\u00f3n de las entidades participantes, el Instituto Mexiquense de Seguridad y Justicia de la entidad y cinco planteles, cuatro pertenecientes a la Secretar\u00eda de Seguridad Ciudadana (SSC) y uno a la Procuradur\u00eda General de Justicia del Estado de M\u00e9xico (PGJEM), para que se capacite a los cuerpos policiacos municipales, regionales y estatales, y se afinen e intercambien planes de estudio y plantillas acad\u00e9micas en esta materia.<\/p>\n<p>Adem\u00e1s, anunci\u00f3 que el procurador estatal, Miguel \u00c1ngel Contreras Nieto; la consejera jur\u00eddica, Luz Mar\u00eda Zarza Delgado, y el presidente Tribunal Superior de Justicia del estado, Baruch Delgado Carbajal, participar\u00e1n en la conformaci\u00f3n de un grupo de trabajo regional, para unificar penalmente, los delitos como el robo de veh\u00edculos y a casa habitaci\u00f3n, as\u00ed como extorsi\u00f3n o chantaje, para que sean castigados de forma equivalente y con un tratamiento adecuado en la regi\u00f3n, mientras que, se aprueba el C\u00f3digo Penal \u00danico.<\/p>\n<p>Asimismo, se realizar\u00e1n notificaciones a las 440 casas de empe\u00f1o instaladas en la entidad, para recordar la normatividad de la Ley Federal de Protecci\u00f3n al Consumidor, y as\u00ed evitar que sean sancionadas por participar en posibles actos il\u00edcitos.<\/p>\n<p>&nbsp;<\/p>\n","protected":false},"excerpt":{"rendered":"<p>El gobernador Eruviel \u00c1vila Villegas present\u00f3 una iniciativa a la C\u00e1mara de Diputados local para modificar disposiciones del C\u00f3digo Penal y del C\u00f3digo para la Biodiversidad del Estado de M\u00e9xico, y establecer sanciones de 2 a 8 a\u00f1os de prisi\u00f3n y multas de 30 a 150 d\u00edas de salario m\u00ednimo para quienes prestan el servicio de guarda, custodia, reparaci\u00f3n o dep\u00f3sito de veh\u00edculos, sin acatar las medidas de la autoridad ambiental en el Estado de M\u00e9xico, con lo que se evitar\u00e1 la contaminaci\u00f3n del suelo, disminuci\u00f3n de focos de infecci\u00f3n y de lugares para comercializar autopartes robadas.<\/p>\n","protected":false},"author":3,"featured_media":135936,"comment_status":"open","ping_status":"open","sticky":false,"template":"","format":"standard","meta":{"_monsterinsights_skip_tracking":false,"_monsterinsights_sitenote_active":false,"_monsterinsights_sitenote_note":"","_monsterinsights_sitenote_category":0,"footnotes":""},"categories":[5],"tags":[98,5828,43675,452],"class_list":["post-135821","post","type-post","status-publish","format-standard","has-post-thumbnail","hentry","category-estado-de-mexico","tag-camara-de-diputados","tag-eruviel-avila-villegas","tag-estado-de-mexico","tag-toluca"],"_links":{"self":[{"href":"https:\/\/www.diarioimagen.net\/index.php?rest_route=\/wp\/v2\/posts\/135821","targetHints":{"allow":["GET"]}}],"collection":[{"href":"https:\/\/www.diarioimagen.net\/index.php?rest_route=\/wp\/v2\/posts"}],"about":[{"href":"https:\/\/www.diarioimagen.net\/index.php?rest_route=\/wp\/v2\/types\/post"}],"author":[{"embeddable":true,"href":"https:\/\/www.diarioimagen.net\/index.php?rest_route=\/wp\/v2\/users\/3"}],"replies":[{"embeddable":true,"href":"https:\/\/www.diarioimagen.net\/index.php?rest_route=%2Fwp%2Fv2%2Fcomments&post=135821"}],"version-history":[{"count":0,"href":"https:\/\/www.diarioimagen.net\/index.php?rest_route=\/wp\/v2\/posts\/135821\/revisions"}],"wp:featuredmedia":[{"embeddable":true,"href":"https:\/\/www.diarioimagen.net\/index.php?rest_route=\/wp\/v2\/media\/135936"}],"wp:attachment":[{"href":"https:\/\/www.diarioimagen.net\/index.php?rest_route=%2Fwp%2Fv2%2Fmedia&parent=135821"}],"wp:term":[{"taxonomy":"category","embeddable":true,"href":"https:\/\/www.diarioimagen.net\/index.php?rest_route=%2Fwp%2Fv2%2Fcategories&post=135821"},{"taxonomy":"post_tag","embeddable":true,"href":"https:\/\/www.diarioimagen.net\/index.php?rest_route=%2Fwp%2Fv2%2Ftags&post=135821"}],"curies":[{"name":"wp","href":"https:\/\/api.w.org\/{rel}","templated":true}]}}