{"id":135845,"date":"2013-06-11T00:01:10","date_gmt":"2013-06-11T05:01:10","guid":{"rendered":"http:\/\/www.diarioimagen.net\/?p=135845"},"modified":"2013-06-12T04:10:06","modified_gmt":"2013-06-12T09:10:06","slug":"hoy-llega-a-mexico-broadway-por-amor-celebration","status":"publish","type":"post","link":"https:\/\/www.diarioimagen.net\/?p=135845","title":{"rendered":"Hoy llega a M\u00e9xico <i>Broadway por amor&#8230; Celebration<\/i>"},"content":{"rendered":"<ul>\n<li><strong><em>S\u00f3lo tendr\u00e1 dos presentaciones y contar\u00e1 con n\u00fameros musicales de obras como <\/em>Cantando bajo la lluvia<em> y Jekyll &amp; Hyde<\/em><\/strong><\/li>\n<\/ul>\n<h6>Arturo Arellano<\/h6>\n<div id=\"attachment_135925\" style=\"width: 250px\" class=\"wp-caption alignleft\"><a href=\"http:\/\/www.diarioimagen.net\/wp-content\/uploads\/2013\/06\/broadway-2117.jpg\"><img loading=\"lazy\" decoding=\"async\" aria-describedby=\"caption-attachment-135925\" class=\"size-medium wp-image-135925\" alt=\"El elenco del musical est\u00e1 formado por artistas de la comedia musical actual que se realiza en M\u00e9xico. El evento ser\u00e1 conducido por la actriz Laura Luz y el locutor de El Weso, Enrique Hern\u00e1ndez Alc\u00e1zar.\" src=\"http:\/\/www.diarioimagen.net\/wp-content\/uploads\/2013\/06\/broadway-2117-240x135.jpg\" width=\"240\" height=\"135\" srcset=\"https:\/\/www.diarioimagen.net\/wp-content\/uploads\/2013\/06\/broadway-2117-240x135.jpg 240w, https:\/\/www.diarioimagen.net\/wp-content\/uploads\/2013\/06\/broadway-2117-420x236.jpg 420w, https:\/\/www.diarioimagen.net\/wp-content\/uploads\/2013\/06\/broadway-2117-235x132.jpg 235w, https:\/\/www.diarioimagen.net\/wp-content\/uploads\/2013\/06\/broadway-2117-202x114.jpg 202w, https:\/\/www.diarioimagen.net\/wp-content\/uploads\/2013\/06\/broadway-2117-350x196.jpg 350w, https:\/\/www.diarioimagen.net\/wp-content\/uploads\/2013\/06\/broadway-2117-220x123.jpg 220w, https:\/\/www.diarioimagen.net\/wp-content\/uploads\/2013\/06\/broadway-2117-237x132.jpg 237w, https:\/\/www.diarioimagen.net\/wp-content\/uploads\/2013\/06\/broadway-2117.jpg 480w\" sizes=\"auto, (max-width: 240px) 100vw, 240px\" \/><\/a><p id=\"caption-attachment-135925\" class=\"wp-caption-text\">El elenco del musical est\u00e1 formado por artistas de la comedia musical actual que se realiza en M\u00e9xico. El evento ser\u00e1 conducido por la actriz Laura Luz y el locutor de El Weso, Enrique Hern\u00e1ndez Alc\u00e1zar.<\/p><\/div>\n<p>Como ya es tradici\u00f3n la compa\u00f1\u00eda teatral Broadway M\u00e9xico llevar\u00e1 a cabo su anual concierto en el que se realizan n\u00fameros musicales teatralizados de las obras de Broadway, en esta ocasi\u00f3n lleva\u00e1 como t\u00edtulo <i>Broadway por amor&#8230; Celebration<\/i>, gracias a que seg\u00fan su productora, el evento no es m\u00e1s que una celebraci\u00f3n de lo que m\u00e1s les gusta hacer sobre un escenario.<\/p>\n<p>En conferencia de prensa Ana Mar\u00eda Collado, productora del <i>show,<\/i> acompa\u00f1ada de su elenco, platic\u00f3 los detalles del espect\u00e1culo, \u201cOfreceremos un show m\u00e1s \u00e1gil, con canciones bailables que le gusten a la gente, montamos adem\u00e1s algunas otras baladas cl\u00e1sicas de musicales que incluso no han venido a M\u00e9xico\u201d, asegur\u00f3<\/p>\n<p>Entre otras puestas mencion\u00f3 que se podr\u00e1n ver fragmentos de <i>Cantando bajo la lluvia<\/i>,\u00a0 <i>Jekyll &amp; Hyde, Miss Saigon, Newsies, Chaplin, Follies, Wonderland<\/i> y un segmento dedicado a la d\u00e9cada de los 50\u00b4s y 60\u00b4s, este \u00faltimo al que denomin\u00f3 como un espacio para el rock \u201cHabr\u00e1 canciones para bailar, del rock cl\u00e1sico, muchas de ellas son piezas que la gente desconoce que pertenecen a musicales\u201d, asegur\u00f3 Collado.<\/p>\n<p>El elenco est\u00e1 conformado por Abel Fernando, Marta Fernanda, Paola G\u00f3mez, Hiromi, Eduardo Ibarra, Laura Luz, Jos\u00e9 Antonio L\u00f3pez Tercero, Vince Miranda, Juan Navarro Mariano Palacios, Carlos Pulido, Gicela Sehedi, Majo P\u00e9rez y Jos\u00e9 Sampedro, todos ellos destacados artistas de la escena teatral, acerca de esto Ana Mar\u00eda coment\u00f3, \u201cA veces cambia un poco el elenco de artistas que se presentan, porque siempre busco los m\u00e1s adecuados para los temas que vamos a presentar, no escogemos los temas por capricho o por simple gusto, buscamos aquellos que han sido \u00e9xitos en los musicales y quien es capaz de interpretarlos de la mejor manera\u201d.<\/p>\n<p>Jos\u00e9 Antonio L\u00f3pez Tercero, quien recientemente particip\u00f3 en <i>Si nos dejan<\/i>, dijo que el evento puede servir para atraer m\u00e1s miradas a su arte, \u201cEl show es un buen gancho para que la gente comience a ver teatro musical, porque puede disfrutar de piezas claves de varias puestas y as\u00ed elegir si le gusta o no un estilo, para posteriormente buscar ver obras completas. Tambi\u00e9n es un show para los fans que siempre nos aplauden\u201d, destac\u00f3 y defini\u00f3 el espect\u00e1culo como: \u201cDivertido, est\u00e9tico y alegre, tambi\u00e9n ser\u00e1 muy ilustrativo porque veremos n\u00fameros que nunca se han hecho en nuestro pa\u00eds\u201d.<\/p>\n<p>Abel Fernando destacado part\u00edcipe de musicales como <i>Rent, Jesucristo Superestrella<\/i> y <i>Los Miserables<\/i>, estar\u00e1 celebrando con este montaje 25 a\u00f1os de trayectoria ininterrumpida de lo cual se dijo feliz, asegurando que es un evento \u00fanico, \u201cLa gente no puede perd\u00e9rselo, en Estados Unidos se tiene la oportunidad de ver este tipo de eventos, pero en M\u00e9xico es \u00fanico, es complicado porque todos los que participamos tenemos trabajos aparte, entonces nos reunimos con dificultad para ofrecer este show que sin duda es de gran calidad\u201d, enfatiz\u00f3, e hizo una invitaci\u00f3n general para disfrutar del evento este 11 y 18 de junio en el Teatro Aldama a las 20:30 horas.<\/p>\n<p>&nbsp;<\/p>\n","protected":false},"excerpt":{"rendered":"<p>Como ya es tradici\u00f3n la compa\u00f1\u00eda teatral Broadway M\u00e9xico llevar\u00e1 a cabo su anual concierto en el que se realizan n\u00fameros musicales teatralizados de las obras de Broadway, en esta ocasi\u00f3n lleva\u00e1 como t\u00edtulo <i>Broadway por amor&#8230; Celebration<\/i>, gracias a que seg\u00fan su productora, el evento no es m\u00e1s que una celebraci\u00f3n de lo que m\u00e1s les gusta hacer sobre un escenario.<\/p>\n","protected":false},"author":3,"featured_media":135925,"comment_status":"open","ping_status":"open","sticky":false,"template":"","format":"standard","meta":{"_monsterinsights_skip_tracking":false,"_monsterinsights_sitenote_active":false,"_monsterinsights_sitenote_note":"","_monsterinsights_sitenote_category":0,"footnotes":""},"categories":[17,12],"tags":[19031],"class_list":["post-135845","post","type-post","status-publish","format-standard","has-post-thumbnail","hentry","category-especiales","category-espectaculos","tag-arturo-arellano"],"_links":{"self":[{"href":"https:\/\/www.diarioimagen.net\/index.php?rest_route=\/wp\/v2\/posts\/135845","targetHints":{"allow":["GET"]}}],"collection":[{"href":"https:\/\/www.diarioimagen.net\/index.php?rest_route=\/wp\/v2\/posts"}],"about":[{"href":"https:\/\/www.diarioimagen.net\/index.php?rest_route=\/wp\/v2\/types\/post"}],"author":[{"embeddable":true,"href":"https:\/\/www.diarioimagen.net\/index.php?rest_route=\/wp\/v2\/users\/3"}],"replies":[{"embeddable":true,"href":"https:\/\/www.diarioimagen.net\/index.php?rest_route=%2Fwp%2Fv2%2Fcomments&post=135845"}],"version-history":[{"count":0,"href":"https:\/\/www.diarioimagen.net\/index.php?rest_route=\/wp\/v2\/posts\/135845\/revisions"}],"wp:featuredmedia":[{"embeddable":true,"href":"https:\/\/www.diarioimagen.net\/index.php?rest_route=\/wp\/v2\/media\/135925"}],"wp:attachment":[{"href":"https:\/\/www.diarioimagen.net\/index.php?rest_route=%2Fwp%2Fv2%2Fmedia&parent=135845"}],"wp:term":[{"taxonomy":"category","embeddable":true,"href":"https:\/\/www.diarioimagen.net\/index.php?rest_route=%2Fwp%2Fv2%2Fcategories&post=135845"},{"taxonomy":"post_tag","embeddable":true,"href":"https:\/\/www.diarioimagen.net\/index.php?rest_route=%2Fwp%2Fv2%2Ftags&post=135845"}],"curies":[{"name":"wp","href":"https:\/\/api.w.org\/{rel}","templated":true}]}}