{"id":135847,"date":"2013-06-11T00:08:31","date_gmt":"2013-06-11T05:08:31","guid":{"rendered":"http:\/\/www.diarioimagen.net\/?p=135847"},"modified":"2013-06-11T02:12:28","modified_gmt":"2013-06-11T07:12:28","slug":"naucalpan-pone-en-marcha-su-plan-de-canje-de-armas","status":"publish","type":"post","link":"https:\/\/www.diarioimagen.net\/?p=135847","title":{"rendered":"Naucalpan pone en marcha su plan de canje de armas"},"content":{"rendered":"<ul>\n<li><strong><em>Con recursos propios: David S\u00e1nchez<\/em><\/strong><\/li>\n<\/ul>\n<div id=\"attachment_135938\" style=\"width: 250px\" class=\"wp-caption alignleft\"><a href=\"http:\/\/www.diarioimagen.net\/wp-content\/uploads\/2013\/06\/naucalpan-2117.jpg\"><img loading=\"lazy\" decoding=\"async\" aria-describedby=\"caption-attachment-135938\" class=\"size-medium wp-image-135938\" alt=\"El alcalde David S\u00e1nchez Guevara, puso en marcha el programa en la colonia San Agust\u00edn.\" src=\"http:\/\/www.diarioimagen.net\/wp-content\/uploads\/2013\/06\/naucalpan-2117-240x135.jpg\" width=\"240\" height=\"135\" srcset=\"https:\/\/www.diarioimagen.net\/wp-content\/uploads\/2013\/06\/naucalpan-2117-240x135.jpg 240w, https:\/\/www.diarioimagen.net\/wp-content\/uploads\/2013\/06\/naucalpan-2117-420x236.jpg 420w, https:\/\/www.diarioimagen.net\/wp-content\/uploads\/2013\/06\/naucalpan-2117-235x132.jpg 235w, https:\/\/www.diarioimagen.net\/wp-content\/uploads\/2013\/06\/naucalpan-2117-202x114.jpg 202w, https:\/\/www.diarioimagen.net\/wp-content\/uploads\/2013\/06\/naucalpan-2117-350x196.jpg 350w, https:\/\/www.diarioimagen.net\/wp-content\/uploads\/2013\/06\/naucalpan-2117-220x123.jpg 220w, https:\/\/www.diarioimagen.net\/wp-content\/uploads\/2013\/06\/naucalpan-2117-237x132.jpg 237w, https:\/\/www.diarioimagen.net\/wp-content\/uploads\/2013\/06\/naucalpan-2117.jpg 480w\" sizes=\"auto, (max-width: 240px) 100vw, 240px\" \/><\/a><p id=\"caption-attachment-135938\" class=\"wp-caption-text\">El alcalde David S\u00e1nchez Guevara, puso en marcha el programa en la colonia San Agust\u00edn.<\/p><\/div>\n<p><strong>Naucalpan, Estado de M\u00e9xico<\/strong>.- Con el inicio de operaciones del primer m\u00f3dulo de Canje de Armas municipal con recursos econ\u00f3micos propios, el gobierno local se pone a la vanguardia en el Estado de M\u00e9xico y da cumplimiento a las peticiones ciudadanas para disminuir el uso de armas de fuego entre la poblaci\u00f3n, se\u00f1al\u00f3 el alcalde David S\u00e1nchez Guevara, el poner el marcha el programa en la colonia San Agust\u00edn.<\/p>\n<p>\u201cEn esta iniciativa se destinar\u00e1n 3 millones de pesos aprobados por el Cabildo, en el cual se analiz\u00f3 el costo del programa sobre el gran beneficio que conlleva realizarla, para dar seguridad a nuestros vecinos y adem\u00e1s est\u00e1 encaminado a generar conciencia sobre la responsabilidad de tener un arma de fuego\u201d, agreg\u00f3.<\/p>\n<p>Al no contar con la informaci\u00f3n necesaria en el adestramiento, uso y resguardo de armas por parte de la poblaci\u00f3n, existen riesgos latentes que pueden causar accidentes mortales, que aunado a la ola delincuencial que existe en el pa\u00eds, estas acciones se hacen necesarias, consider\u00f3 el presidente municipal.<\/p>\n<p>\u201cEsperamos que los vecinos de Naucalpan realmente se sumen a esta iniciativa de desarme, porque un arma es un peligro latente dentro de los domicilios y esperamos superar la cantidad canjeada en el mes de febrero que fue de 211 armas cortas, 48 armas largas, 26 granadas diversas, 48 cargadores de varios tipos y 4 mil 5 cartuchos \u00fatiles de diversos calibres\u201d.<\/p>\n<p>&nbsp;<\/p>\n","protected":false},"excerpt":{"rendered":"<p>Con el inicio de operaciones del primer m\u00f3dulo de Canje de Armas municipal con recursos econ\u00f3micos propios<\/p>\n","protected":false},"author":3,"featured_media":135938,"comment_status":"open","ping_status":"open","sticky":false,"template":"","format":"standard","meta":{"_monsterinsights_skip_tracking":false,"_monsterinsights_sitenote_active":false,"_monsterinsights_sitenote_note":"","_monsterinsights_sitenote_category":0,"footnotes":""},"categories":[5],"tags":[4484,43675,970],"class_list":["post-135847","post","type-post","status-publish","format-standard","has-post-thumbnail","hentry","category-estado-de-mexico","tag-armas","tag-estado-de-mexico","tag-naucalpan"],"_links":{"self":[{"href":"https:\/\/www.diarioimagen.net\/index.php?rest_route=\/wp\/v2\/posts\/135847","targetHints":{"allow":["GET"]}}],"collection":[{"href":"https:\/\/www.diarioimagen.net\/index.php?rest_route=\/wp\/v2\/posts"}],"about":[{"href":"https:\/\/www.diarioimagen.net\/index.php?rest_route=\/wp\/v2\/types\/post"}],"author":[{"embeddable":true,"href":"https:\/\/www.diarioimagen.net\/index.php?rest_route=\/wp\/v2\/users\/3"}],"replies":[{"embeddable":true,"href":"https:\/\/www.diarioimagen.net\/index.php?rest_route=%2Fwp%2Fv2%2Fcomments&post=135847"}],"version-history":[{"count":0,"href":"https:\/\/www.diarioimagen.net\/index.php?rest_route=\/wp\/v2\/posts\/135847\/revisions"}],"wp:featuredmedia":[{"embeddable":true,"href":"https:\/\/www.diarioimagen.net\/index.php?rest_route=\/wp\/v2\/media\/135938"}],"wp:attachment":[{"href":"https:\/\/www.diarioimagen.net\/index.php?rest_route=%2Fwp%2Fv2%2Fmedia&parent=135847"}],"wp:term":[{"taxonomy":"category","embeddable":true,"href":"https:\/\/www.diarioimagen.net\/index.php?rest_route=%2Fwp%2Fv2%2Fcategories&post=135847"},{"taxonomy":"post_tag","embeddable":true,"href":"https:\/\/www.diarioimagen.net\/index.php?rest_route=%2Fwp%2Fv2%2Ftags&post=135847"}],"curies":[{"name":"wp","href":"https:\/\/api.w.org\/{rel}","templated":true}]}}