{"id":135851,"date":"2013-06-11T00:06:24","date_gmt":"2013-06-11T05:06:24","guid":{"rendered":"http:\/\/www.diarioimagen.net\/?p=135851"},"modified":"2013-06-11T02:11:59","modified_gmt":"2013-06-11T07:11:59","slug":"demandan-acciones-para-acabar-con-el-trabajo-infantil","status":"publish","type":"post","link":"https:\/\/www.diarioimagen.net\/?p=135851","title":{"rendered":"Demandan acciones para acabar con el trabajo infantil"},"content":{"rendered":"<ul>\n<li><strong><em>Los organismos internacionales aseguran que en nuestro pa\u00eds laboran por lo menos 3 millones de ni\u00f1os, ni\u00f1as y adolescentes mexicanos<\/em><\/strong><\/li>\n<\/ul>\n<div id=\"attachment_135944\" style=\"width: 250px\" class=\"wp-caption alignleft\"><a href=\"http:\/\/www.diarioimagen.net\/wp-content\/uploads\/2013\/06\/Trabajo-2117.jpg\"><img loading=\"lazy\" decoding=\"async\" aria-describedby=\"caption-attachment-135944\" class=\"size-medium wp-image-135944\" alt=\"La representante de la Unicef en M\u00e9xico, Isabel Crowley; el director adjunto de la oficina de pa\u00edses de la OIT para M\u00e9xico y Cuba, Thomas Wissing; el subsecretario de Inclusi\u00f3n Laboral, Jos\u00e9 Ad\u00e1n Ignacio Rub\u00ed Salazar, y la directora regional de la UNIFEM, Ana G\u00fcezmes Garc\u00eda, durante la conferencia de ayer.\" src=\"http:\/\/www.diarioimagen.net\/wp-content\/uploads\/2013\/06\/Trabajo-2117-240x135.jpg\" width=\"240\" height=\"135\" srcset=\"https:\/\/www.diarioimagen.net\/wp-content\/uploads\/2013\/06\/Trabajo-2117-240x135.jpg 240w, https:\/\/www.diarioimagen.net\/wp-content\/uploads\/2013\/06\/Trabajo-2117-420x236.jpg 420w, https:\/\/www.diarioimagen.net\/wp-content\/uploads\/2013\/06\/Trabajo-2117-235x132.jpg 235w, https:\/\/www.diarioimagen.net\/wp-content\/uploads\/2013\/06\/Trabajo-2117-202x114.jpg 202w, https:\/\/www.diarioimagen.net\/wp-content\/uploads\/2013\/06\/Trabajo-2117-350x196.jpg 350w, https:\/\/www.diarioimagen.net\/wp-content\/uploads\/2013\/06\/Trabajo-2117-220x123.jpg 220w, https:\/\/www.diarioimagen.net\/wp-content\/uploads\/2013\/06\/Trabajo-2117-237x132.jpg 237w, https:\/\/www.diarioimagen.net\/wp-content\/uploads\/2013\/06\/Trabajo-2117.jpg 480w\" sizes=\"auto, (max-width: 240px) 100vw, 240px\" \/><\/a><p id=\"caption-attachment-135944\" class=\"wp-caption-text\">La representante de la Unicef en M\u00e9xico, Isabel Crowley; el director adjunto de la oficina de pa\u00edses de la OIT para M\u00e9xico y Cuba, Thomas Wissing; el subsecretario de Inclusi\u00f3n Laboral, Jos\u00e9 Ad\u00e1n Ignacio Rub\u00ed Salazar, y la directora regional de la UNIFEM, Ana G\u00fcezmes Garc\u00eda, durante la conferencia de ayer.<\/p><\/div>\n<p>Organizaciones del Sistema de las Naciones Unidas demandaron al gobierno de M\u00e9xico acciones para acabar con el trabajo infantil, que afecta a m\u00e1s de 3 millones 35 mil ni\u00f1os, ni\u00f1as y adolescentes mexicanos, de los cuales 882 mil 778 son menores de 14 a\u00f1os y laboran m\u00e1s de 35 horas semanales.<\/p>\n<p>En rueda de prensa, los representantes de la ONU Mujeres, la OIT y\u00a0 Unicef en M\u00e9xico, afirmaron que seg\u00fan datos del Instituto Nacional de Estad\u00edstica y Geograf\u00eda (INEGI) correspondientes a 2011, en el pa\u00eds 124 mil 308 ni\u00f1os y ni\u00f1as eran empleados dom\u00e9sticos en casa de terceros, de los cuales 80 por ciento son mujeres.<\/p>\n<p>El director de la Oficina de la Organizaci\u00f3n Internacional del Trabajo (OIT), Thomas Wissing, sostuvo que 90 por ciento de los menores de edad que se dedican a labores dom\u00e9sticas por m\u00e1s de 35 horas a la semana (454 mil 853) son mujeres, y que un mill\u00f3n 929 mil 161 no asisten a la escuela por su empleo.<\/p>\n<p>Advirti\u00f3 de los peligros vinculados al trabajo infantil en labores dom\u00e9sticas, como jornadas laborales largas, violencia f\u00edsica, trato humillante, violencia f\u00edsica o verbal y abuso sexual, riesgos que aumentan \u201ccuando conviven en el domicilio del empleador\u201d.<\/p>\n<p>A su vez, la representante del Fondo de las Naciones para la Infancia (Unicef) en M\u00e9xico, Isabel Crowley, detall\u00f3 que en el mundo 215 millones de ni\u00f1os y ni\u00f1as trabajan, lo cual es inaceptable y critic\u00f3 que \u201cen M\u00e9xico es bien visto el trabajo infantil\u201d como una forma de preparar a los peque\u00f1os \u201cpara el futuro\u201d.<\/p>\n<p>Por ello, consider\u00f3 necesario que se ratifiquen y apliquen los convenios de la OIT, tanto el 138 que fija los 15 a\u00f1os como la edad m\u00ednima para trabajar cuando en M\u00e9xico es de 14 a\u00f1os, como el 182, sobre las peores formas de trabajo infantil, y el convenio 189.<\/p>\n<p>De igual manera, la coordinadora del Programa Internacional para la Erradicaci\u00f3n del Trabajo Infantil (IPEC) de la OIT, Victoria Cruz, llam\u00f3 a M\u00e9xico a instaurar mecanismos accesibles para la presentaci\u00f3n de quejas, acceso facilitado a la justicia y a reparaciones jur\u00eddicas, adem\u00e1s de sanciones pertinentes.<\/p>\n<p>Refiri\u00f3 que el 12 de junio se celebra en todo el mundo el D\u00eda Mundial contra el Trabajo Infantil, el cual se centrar\u00e1 en esta ocasi\u00f3n en denunciar las labores dom\u00e9sticas entre ni\u00f1os, para combatir esta situaci\u00f3n que no toma en cuenta los peligros a los que se les expone.<\/p>\n<p>En la conferencia de prensa tambi\u00e9n participaron el subsecretario de Inclusi\u00f3n Laboral de la Secretar\u00eda del Trabajo y Previsi\u00f3n Social (STPS), Ignacio Rub\u00ed, y la representante en M\u00e9xico de la Organizaci\u00f3n de las Naciones Unidas (ONU) Mujeres, Ana G\u00fcezmes.<\/p>\n","protected":false},"excerpt":{"rendered":"<p>Organizaciones del Sistema de las Naciones Unidas demandaron al gobierno de M\u00e9xico acciones para acabar con el trabajo infantil, que afecta a m\u00e1s de 3 millones 35 mil ni\u00f1os, ni\u00f1as y adolescentes mexicanos, de los cuales 882 mil 778 son menores de 14 a\u00f1os y laboran m\u00e1s de 35 horas semanales.<\/p>\n","protected":false},"author":3,"featured_media":135944,"comment_status":"open","ping_status":"open","sticky":false,"template":"","format":"standard","meta":{"_monsterinsights_skip_tracking":false,"_monsterinsights_sitenote_active":false,"_monsterinsights_sitenote_note":"","_monsterinsights_sitenote_category":0,"footnotes":""},"categories":[3],"tags":[11593,43673,23715],"class_list":["post-135851","post","type-post","status-publish","format-standard","has-post-thumbnail","hentry","category-nacional","tag-demanda","tag-nacional","tag-trabajo-infantil"],"_links":{"self":[{"href":"https:\/\/www.diarioimagen.net\/index.php?rest_route=\/wp\/v2\/posts\/135851","targetHints":{"allow":["GET"]}}],"collection":[{"href":"https:\/\/www.diarioimagen.net\/index.php?rest_route=\/wp\/v2\/posts"}],"about":[{"href":"https:\/\/www.diarioimagen.net\/index.php?rest_route=\/wp\/v2\/types\/post"}],"author":[{"embeddable":true,"href":"https:\/\/www.diarioimagen.net\/index.php?rest_route=\/wp\/v2\/users\/3"}],"replies":[{"embeddable":true,"href":"https:\/\/www.diarioimagen.net\/index.php?rest_route=%2Fwp%2Fv2%2Fcomments&post=135851"}],"version-history":[{"count":0,"href":"https:\/\/www.diarioimagen.net\/index.php?rest_route=\/wp\/v2\/posts\/135851\/revisions"}],"wp:featuredmedia":[{"embeddable":true,"href":"https:\/\/www.diarioimagen.net\/index.php?rest_route=\/wp\/v2\/media\/135944"}],"wp:attachment":[{"href":"https:\/\/www.diarioimagen.net\/index.php?rest_route=%2Fwp%2Fv2%2Fmedia&parent=135851"}],"wp:term":[{"taxonomy":"category","embeddable":true,"href":"https:\/\/www.diarioimagen.net\/index.php?rest_route=%2Fwp%2Fv2%2Fcategories&post=135851"},{"taxonomy":"post_tag","embeddable":true,"href":"https:\/\/www.diarioimagen.net\/index.php?rest_route=%2Fwp%2Fv2%2Ftags&post=135851"}],"curies":[{"name":"wp","href":"https:\/\/api.w.org\/{rel}","templated":true}]}}