{"id":135997,"date":"2013-06-12T00:06:27","date_gmt":"2013-06-12T05:06:27","guid":{"rendered":"http:\/\/www.diarioimagen.net\/?p=135997"},"modified":"2013-06-13T01:39:52","modified_gmt":"2013-06-13T06:39:52","slug":"y-si-jesucristo-fracasa","status":"publish","type":"post","link":"https:\/\/www.diarioimagen.net\/?p=135997","title":{"rendered":"\u00bfY si Jesucristo fracasa?"},"content":{"rendered":"<h2>\u00cdndice pol\u00edtico<\/h2>\n<h5>Francisco Rodr\u00edguez<\/h5>\n<p><span><br \/>\nLa alcaldesa de la capital de Nuevo Le\u00f3n dimiti\u00f3 a su cargo el m\u00e1s reciente domingo y, lo peor, es que ni ella misma lo sabe.<\/span><\/p>\n<p>\u201cY yo, Margarita Alicia Arellanes Cervantes \u2014dijo, tras una larga y sensiblera perorata ante tres millares de evang\u00e9licos\u2014 entrego la ciudad de Monterrey\u2026 a nuestro Se\u00f1or Jesucristo, para que su reino de paz y bendici\u00f3n sea establecido. Abro las puertas de este municipio a Dios, como la m\u00e1xima autoridad\u201d.<\/p>\n<p>Tremenda tarea le ech\u00f3 a cuestas a Jesucristo la tambi\u00e9n militante panista \u2014\u00bfde qu\u00e9 otro partido, si no?\u2014, quien ante sus muy evidentes incapacidades entrega la plaza a un poder divino, para algunos, m\u00e1gico para otros.<\/p>\n<p>Ya investido como alcalde o m\u00e1xima autoridad de la ciudad regiomontana \u2014sin que para ello mediara elecci\u00f3n o, cuando menos, consulta p\u00fablica\u2014, Jesucristo tendr\u00e1 que lidiar con los problemas de inseguridad p\u00fablica, vialidad, basura, hacinamiento, precarismo, vivienda y, claro, el que mayor riesgo implica que el de mezclarse con \u201cpol\u00edticos\u201d de la cala\u00f1a de la alcaldesa.<\/p>\n<p>Abogada, experta en Derecho Constitucional, Arellanes utiliz\u00f3 el texto de la Carta Magna cual si fuese papel higi\u00e9nico y, otra vez, antepuso p\u00fablicamente su fe religiosa a los deberes p\u00fablicos que la obligan a respetar la laicidad del Estado mexicano.<\/p>\n<p>Otra vez, en efecto, porque antes ya hab\u00eda sido criticada en medios de comunicaci\u00f3n de la gran zona metropolitana de Monterrey por haber asistido a un rito cat\u00f3lico y haber participado en \u00e9l entregando ofrendas a Jes\u00fas resucitado.<\/p>\n<p>M\u00e1s irresponsable no podr\u00eda ser la presidenta municipal Arellanes.<\/p>\n<p>Y no s\u00f3lo porque, pese a ya no sentirse comprometida con su controvertida administraci\u00f3n, seguir\u00e1 percibiendo los m\u00e1s de 155 mil pesos mensuales con los que oficialmente est\u00e1 inscrita en la n\u00f3mina del ayuntamiento, sino porque ahora, ante cualquier fracaso, bien podr\u00eda responsabilizar a Jesucristo, \u00bfno cree usted?<\/p>\n<p>Arellanes, pues, ya no gobierna Monterrey. Ahora lo hace Jesucristo. Pero \u00bfqu\u00e9 suceder\u00e1 si, como lo han hecho los \u00faltimos tres alcaldes panistas, tambi\u00e9n Jesucristo fracasa?<\/p>\n<p align=\"center\"><b>CABALLO DE TROYA EN EL PRI<\/b><\/p>\n<p>Cuestiones m\u00e1s terrenales: \u00a1la chamaqueada que el panista Javier Lozano acaba de darle al dirigente formal del PRI, C\u00e9sar Camacho Quiroz! Nada m\u00e1s ni nada menos que un caballo de Troya, en la figura del sindicato de trabajadores del IMSS, de filiaci\u00f3n panista. Lo peor es que los verdaderos pri\u00edstas, los disidentes por los malos manejos de Valdemar Guti\u00e9rrez y, ahora, de Manuel Vallejo, fueron no s\u00f3lo ol\u00edmpicamente ignorados, incluso pr\u00e1cticamente echados de las filas del tricolor.<\/p>\n<p>Y es que, seguramente, alguien por ah\u00ed convenci\u00f3 a Camacho de que, al traerse por decreto a la dirigencia del sindicato del IMSS, el presidente Pe\u00f1a Nieto le pondr\u00eda una estrellita.<\/p>\n<p>Seguramente, tambi\u00e9n, no le contaron a Camacho que en el 2003 llevaron al PRI a Roberto Vega Galina, quien no aport\u00f3 nada a ese partido y al final termin\u00f3 engrosando las filas del PRD como candidato a senador.<\/p>\n<p>Lo mismo pas\u00f3 con el cuestionado Valdemar Guti\u00e9rrez Fragoso, a quien Beatriz Paredes recibi\u00f3 con bombo y platillo y festej\u00f3 su aceptaci\u00f3n como candidato plurinominal en el 2009, a lo que renunci\u00f3, terminando como diputado federal en las filas del PAN y, claro, cual fuerte aliado del calderonismo.<\/p>\n<p>Y esto porque, tanto Valdemar Guti\u00e9rrez Fragoso, en el 2006, y su sucesor, Manuel Vallejo Barrag\u00e1n, fueron impuestos mediante procesos ilegales, avalados por el fallido gobierno de Felipe Calder\u00f3n, con Molinar Horcasitas y Lozano Alarc\u00f3n, quien orden\u00f3 se les entregaran las correspondientes \u201ctoma de nota\u201d sin que cumplieran los requisitos estatutarios. Todas estas han sido documentadas a trav\u00e9s de sus respectivas demandas encontr\u00e1ndose en proceso a trav\u00e9s de diferentes procesos en curso.<\/p>\n<p>Ahora afilian los pri\u00edstas a Manuel Vallejo, quien p\u00fablicamente apoy\u00f3 a Josefina V\u00e1zquez Mota para presidenta y, en el DF, a Miguel Mancera, y quien lleg\u00f3 al cargo de dirigente<\/p>\n<p>\u00bfSer\u00e1 que en \u201cel nuevo PRI\u201d no se han dado cuenta que el corporativismo ya no funciona y que pueden afiliar al l\u00edder, pero no a las bases que repudian a sus dirigentes?<\/p>\n<p>Camacho se olvid\u00f3 de los miles de trabajadores que confiaron en el cambio y, con Miguel \u00c1ngel Van Dick,\u00a0dieron la cara p\u00fablicamente por Pe\u00f1a en las pasadas elecciones, contra el Sindicato que jug\u00f3 en contra de Pe\u00f1a, siendo sancionados por la dirigencia sindical de la cual Vallejo era parte. No hay \u201cnuevo PRI\u201d sigue el esquema clientelar, en el que C\u00e9sar Camacho sacrifica a las bases trabajadoras que se la jugaron con el PRI para afiliar a un dirigencia sin militancia y sin reconocimiento por sus trabajadores.<\/p>\n<p>El mismo PRI, pues. Pero chamaqueado por Lozano Alarc\u00f3n, adem\u00e1s.<\/p>\n<p>Los trabajadores del IMSS, pueden olvidar sus esperanzas de justicia y democracia. Ahora a defenderse de la represi\u00f3n, porque nuevamente la dirigencia se al\u00eda al partido de Estado. Adi\u00f3s democracia sindical.<\/p>\n<p><em><a href=\"http:\/\/www.indicepolitico.com\/\" target=\"_blank\"><em>www.indicepolitico.com<\/em><\/a><br \/>\n<\/em><em><a href=\"mailto:pacorodriguez@journalist.com\" target=\"_blank\">pacorodriguez@journalist.com<\/a><\/em><\/p>\n","protected":false},"excerpt":{"rendered":"<p><span style=\"color: #005497;\"><strong>Francisco Rodr\u00edguez<\/strong><\/span><\/p>\n","protected":false},"author":3,"featured_media":0,"comment_status":"open","ping_status":"open","sticky":false,"template":"","format":"standard","meta":{"_monsterinsights_skip_tracking":false,"_monsterinsights_sitenote_active":false,"_monsterinsights_sitenote_note":"","_monsterinsights_sitenote_category":0,"footnotes":""},"categories":[549],"tags":[43689,550,43674],"class_list":["post-135997","post","type-post","status-publish","format-standard","hentry","category-francisco-rodriguez","tag-francisco-rodriguez","tag-indice-politico","tag-opinion"],"_links":{"self":[{"href":"https:\/\/www.diarioimagen.net\/index.php?rest_route=\/wp\/v2\/posts\/135997","targetHints":{"allow":["GET"]}}],"collection":[{"href":"https:\/\/www.diarioimagen.net\/index.php?rest_route=\/wp\/v2\/posts"}],"about":[{"href":"https:\/\/www.diarioimagen.net\/index.php?rest_route=\/wp\/v2\/types\/post"}],"author":[{"embeddable":true,"href":"https:\/\/www.diarioimagen.net\/index.php?rest_route=\/wp\/v2\/users\/3"}],"replies":[{"embeddable":true,"href":"https:\/\/www.diarioimagen.net\/index.php?rest_route=%2Fwp%2Fv2%2Fcomments&post=135997"}],"version-history":[{"count":0,"href":"https:\/\/www.diarioimagen.net\/index.php?rest_route=\/wp\/v2\/posts\/135997\/revisions"}],"wp:attachment":[{"href":"https:\/\/www.diarioimagen.net\/index.php?rest_route=%2Fwp%2Fv2%2Fmedia&parent=135997"}],"wp:term":[{"taxonomy":"category","embeddable":true,"href":"https:\/\/www.diarioimagen.net\/index.php?rest_route=%2Fwp%2Fv2%2Fcategories&post=135997"},{"taxonomy":"post_tag","embeddable":true,"href":"https:\/\/www.diarioimagen.net\/index.php?rest_route=%2Fwp%2Fv2%2Ftags&post=135997"}],"curies":[{"name":"wp","href":"https:\/\/api.w.org\/{rel}","templated":true}]}}