{"id":136027,"date":"2013-06-12T00:03:06","date_gmt":"2013-06-12T05:03:06","guid":{"rendered":"http:\/\/www.diarioimagen.net\/?p=136027"},"modified":"2013-06-13T03:47:01","modified_gmt":"2013-06-13T08:47:01","slug":"dictan-formal-prision-a-luis-armando-reynoso-femat","status":"publish","type":"post","link":"https:\/\/www.diarioimagen.net\/?p=136027","title":{"rendered":"Dictan formal prisi\u00f3n a Luis Armando Reynoso Femat"},"content":{"rendered":"<ul>\n<li><strong><em>Ex gobernador de Aguascalientes<\/em><\/strong><\/li>\n<\/ul>\n<p><strong>Aguascalientes, Aguascalientes<\/strong>.- El ex gobernador Luis Armando Reynoso Femat recibi\u00f3 ayer<\/p>\n<div id=\"attachment_136073\" style=\"width: 250px\" class=\"wp-caption alignleft\"><a href=\"http:\/\/www.diarioimagen.net\/wp-content\/uploads\/2013\/06\/Femat-2118.jpg\"><img loading=\"lazy\" decoding=\"async\" aria-describedby=\"caption-attachment-136073\" class=\"size-medium wp-image-136073\" alt=\"A pesar de haber sido notificado de un auto de formal prisi\u00f3n, el ex mandatario Luis Armando Reynoso enfrentar\u00e1 proceso en libertad.\" src=\"http:\/\/www.diarioimagen.net\/wp-content\/uploads\/2013\/06\/Femat-2118-240x135.jpg\" width=\"240\" height=\"135\" srcset=\"https:\/\/www.diarioimagen.net\/wp-content\/uploads\/2013\/06\/Femat-2118-240x135.jpg 240w, https:\/\/www.diarioimagen.net\/wp-content\/uploads\/2013\/06\/Femat-2118-420x236.jpg 420w, https:\/\/www.diarioimagen.net\/wp-content\/uploads\/2013\/06\/Femat-2118-235x132.jpg 235w, https:\/\/www.diarioimagen.net\/wp-content\/uploads\/2013\/06\/Femat-2118-202x114.jpg 202w, https:\/\/www.diarioimagen.net\/wp-content\/uploads\/2013\/06\/Femat-2118-350x196.jpg 350w, https:\/\/www.diarioimagen.net\/wp-content\/uploads\/2013\/06\/Femat-2118-220x123.jpg 220w, https:\/\/www.diarioimagen.net\/wp-content\/uploads\/2013\/06\/Femat-2118-237x132.jpg 237w, https:\/\/www.diarioimagen.net\/wp-content\/uploads\/2013\/06\/Femat-2118.jpg 480w\" sizes=\"auto, (max-width: 240px) 100vw, 240px\" \/><\/a><p id=\"caption-attachment-136073\" class=\"wp-caption-text\">A pesar de haber sido notificado de un auto de formal prisi\u00f3n, el ex mandatario Luis Armando Reynoso enfrentar\u00e1 proceso en libertad.<\/p><\/div>\n<p>el auto de formal prisi\u00f3n por el delito de peculado y ejercicio indebido del servicio p\u00fablico.<\/p>\n<p>La juez Segundo de lo Penal de esta ciudad dio su resoluci\u00f3n luego de analizar las pruebas presentadas contra el ex gobernador, emanado del Partido Acci\u00f3n Nacional (PAN).<\/p>\n<p>Reynoso Femat se encuentra implicado en la investigaci\u00f3n que se sigue por la simulaci\u00f3n en la compra de un tom\u00f3grafo en 2008, con valor de 13.8 millones de pesos, que nunca apareci\u00f3 en el hospital Tercer Milenio, donde ser\u00eda instalado.<\/p>\n<p>Fuente judiciales consultadas se\u00f1alaron que la juez local decret\u00f3 formal prisi\u00f3n contra el ex gobernador, con lo que inicia el juicio en su contra por los delitos antes mencionados.<\/p>\n<p>Reynoso Femat enfrentar\u00e1 el proceso judicial en libertad, pues cuenta con una suspensi\u00f3n provisional para ser detenido, emitida por el Juez Tercero de Distrito en Aguascalientes.<\/p>\n<p>Con el auto de formal prisi\u00f3n, Reynoso Femat quedar\u00e1 sujeto a cumplir diversas obligaciones para seguir gozando de su libertad, como acudir a firmar el libro de procesados una vez por semana, adem\u00e1s de que no podr\u00e1 abandonar el estado sin permiso del juez y tendr\u00e1 que acudir cada vez que se le llame a audiencias.<\/p>\n<p>El ex mandatario ser\u00eda el segundo funcionario que enfrentar\u00e1 un juicio por el caso del tom\u00f3grafo, luego que desde agosto del 2011, el ex director del Instituto de Salud, Ventura Vilchis Huerta, est\u00e1 bajo proceso, tambi\u00e9n en libertad.<b><\/b><\/p>\n<p>&nbsp;<\/p>\n","protected":false},"excerpt":{"rendered":"<p>El ex gobernador Luis Armando Reynoso Femat recibi\u00f3 ayer el auto de formal prisi\u00f3n por el delito de peculado y ejercicio indebido del servicio p\u00fablico. La juez Segundo de lo Penal de esta ciudad dio su resoluci\u00f3n luego de analizar las pruebas presentadas contra el ex gobernador, emanado del Partido Acci\u00f3n Nacional (PAN).<\/p>\n","protected":false},"author":3,"featured_media":136073,"comment_status":"open","ping_status":"open","sticky":false,"template":"","format":"standard","meta":{"_monsterinsights_skip_tracking":false,"_monsterinsights_sitenote_active":false,"_monsterinsights_sitenote_note":"","_monsterinsights_sitenote_category":0,"footnotes":""},"categories":[17,3],"tags":[35,27232,11252,43673,91],"class_list":["post-136027","post","type-post","status-publish","format-standard","has-post-thumbnail","hentry","category-especiales","category-nacional","tag-aguascalientes","tag-formal-prision","tag-luis-armando-reynoso-femat","tag-nacional","tag-pan"],"_links":{"self":[{"href":"https:\/\/www.diarioimagen.net\/index.php?rest_route=\/wp\/v2\/posts\/136027","targetHints":{"allow":["GET"]}}],"collection":[{"href":"https:\/\/www.diarioimagen.net\/index.php?rest_route=\/wp\/v2\/posts"}],"about":[{"href":"https:\/\/www.diarioimagen.net\/index.php?rest_route=\/wp\/v2\/types\/post"}],"author":[{"embeddable":true,"href":"https:\/\/www.diarioimagen.net\/index.php?rest_route=\/wp\/v2\/users\/3"}],"replies":[{"embeddable":true,"href":"https:\/\/www.diarioimagen.net\/index.php?rest_route=%2Fwp%2Fv2%2Fcomments&post=136027"}],"version-history":[{"count":0,"href":"https:\/\/www.diarioimagen.net\/index.php?rest_route=\/wp\/v2\/posts\/136027\/revisions"}],"wp:featuredmedia":[{"embeddable":true,"href":"https:\/\/www.diarioimagen.net\/index.php?rest_route=\/wp\/v2\/media\/136073"}],"wp:attachment":[{"href":"https:\/\/www.diarioimagen.net\/index.php?rest_route=%2Fwp%2Fv2%2Fmedia&parent=136027"}],"wp:term":[{"taxonomy":"category","embeddable":true,"href":"https:\/\/www.diarioimagen.net\/index.php?rest_route=%2Fwp%2Fv2%2Fcategories&post=136027"},{"taxonomy":"post_tag","embeddable":true,"href":"https:\/\/www.diarioimagen.net\/index.php?rest_route=%2Fwp%2Fv2%2Ftags&post=136027"}],"curies":[{"name":"wp","href":"https:\/\/api.w.org\/{rel}","templated":true}]}}