{"id":136035,"date":"2013-06-12T00:08:05","date_gmt":"2013-06-12T05:08:05","guid":{"rendered":"http:\/\/www.diarioimagen.net\/?p=136035"},"modified":"2013-06-12T04:50:48","modified_gmt":"2013-06-12T09:50:48","slug":"obesidad-ya-es-problema-de-salud-publica-isem","status":"publish","type":"post","link":"https:\/\/www.diarioimagen.net\/?p=136035","title":{"rendered":"Obesidad ya es problema de salud p\u00fablica: ISEM"},"content":{"rendered":"<ul>\n<li><strong><em>En el Estado de M\u00e9xico se realizan acciones para prevenirla, mediante un tratamiento multidisciplinario<\/em><\/strong><\/li>\n<\/ul>\n<div id=\"attachment_136100\" style=\"width: 250px\" class=\"wp-caption alignleft\"><a href=\"http:\/\/www.diarioimagen.net\/wp-content\/uploads\/2013\/06\/SALUD-2118.jpg\"><img loading=\"lazy\" decoding=\"async\" aria-describedby=\"caption-attachment-136100\" class=\"size-medium wp-image-136100\" alt=\"El Instituto de Salud del Estado de M\u00e9xico realiza acciones para prevenir la obesidad y con ella la aparici\u00f3n de enfermedades cr\u00f3nico-degenerativas.\" src=\"http:\/\/www.diarioimagen.net\/wp-content\/uploads\/2013\/06\/SALUD-2118-240x135.jpg\" width=\"240\" height=\"135\" srcset=\"https:\/\/www.diarioimagen.net\/wp-content\/uploads\/2013\/06\/SALUD-2118-240x135.jpg 240w, https:\/\/www.diarioimagen.net\/wp-content\/uploads\/2013\/06\/SALUD-2118-420x236.jpg 420w, https:\/\/www.diarioimagen.net\/wp-content\/uploads\/2013\/06\/SALUD-2118-235x132.jpg 235w, https:\/\/www.diarioimagen.net\/wp-content\/uploads\/2013\/06\/SALUD-2118-202x114.jpg 202w, https:\/\/www.diarioimagen.net\/wp-content\/uploads\/2013\/06\/SALUD-2118-350x196.jpg 350w, https:\/\/www.diarioimagen.net\/wp-content\/uploads\/2013\/06\/SALUD-2118-220x123.jpg 220w, https:\/\/www.diarioimagen.net\/wp-content\/uploads\/2013\/06\/SALUD-2118-237x132.jpg 237w, https:\/\/www.diarioimagen.net\/wp-content\/uploads\/2013\/06\/SALUD-2118.jpg 480w\" sizes=\"auto, (max-width: 240px) 100vw, 240px\" \/><\/a><p id=\"caption-attachment-136100\" class=\"wp-caption-text\">El Instituto de Salud del Estado de M\u00e9xico realiza acciones para prevenir la obesidad y con ella la aparici\u00f3n de enfermedades cr\u00f3nico-degenerativas.<\/p><\/div>\n<p><strong>Toluca, Estado de M\u00e9xico<\/strong>.- La obesidad es el principal factor de riesgo modificable para el desarrollo de enfermedades cr\u00f3nicas no transmisibles, como la diabetes mellitus tipo II y los padecimientos cardio y cerebrovasculares, por lo que hoy en d\u00eda se ha convertido en un problema de salud p\u00fablica, pues est\u00e1 asociada con la p\u00e9rdida del bienestar f\u00edsico y con el incremento de la demanda de los servicios de salud, afectando, adem\u00e1s, el desarrollo econ\u00f3mico y social de los mexicanos.<\/p>\n<p>Al respecto, el Instituto de Salud del Estado de M\u00e9xico (ISEM) realiza acciones preventivas, que de acuerdo con la estrategia nacional impulsada por el presidente Enrique Pe\u00f1a Nieto, busca reducir significativamente la obesidad y diabetes en nuestro pa\u00eds, a trav\u00e9s de un tratamiento multidisciplinario el cual involucre al m\u00e9dico, nutri\u00f3logo, activador f\u00edsico y psic\u00f3logo, modelo que aborda todos los factores que detonan la aparici\u00f3n de esta enfermedad.<\/p>\n<p>Con base en los resultados obtenidos en la Encuesta Nacional de Salud y Nutrici\u00f3n (ENSANUT 2012), actualmente 7 de cada 10 adultos mexicanos (m\u00e1s de 49 millones) y 1 de cada 3 ni\u00f1os de 5 a 19 a\u00f1os (alrededor de 12 millones) presentan peso excesivo.<\/p>\n<p>En lo que respecta al Estado de M\u00e9xico, la prevalencia de sobrepeso y obesidad en menores de 5 a 11 a\u00f1os es de 30.8 por ciento, y en ni\u00f1as de 32.3 por ciento; mientras en adolescentes varones de 12 a 19 es de 33.6 por ciento y en mujeres el porcentaje es de 35.<\/p>\n<p>&nbsp;<\/p>\n","protected":false},"excerpt":{"rendered":"<p> La obesidad es el principal factor de riesgo modificable para el desarrollo de enfermedades cr\u00f3nicas no transmisibles, como la diabetes mellitus tipo II y los padecimientos cardio y cerebrovasculares, por lo que hoy en d\u00eda se ha convertido en un problema de salud p\u00fablica, pues est\u00e1 asociada con la p\u00e9rdida del bienestar f\u00edsico y con el incremento de la demanda de los servicios de salud, afectando, adem\u00e1s, el desarrollo econ\u00f3mico y social de los mexicanos.<\/p>\n","protected":false},"author":3,"featured_media":136100,"comment_status":"open","ping_status":"open","sticky":false,"template":"","format":"standard","meta":{"_monsterinsights_skip_tracking":false,"_monsterinsights_sitenote_active":false,"_monsterinsights_sitenote_note":"","_monsterinsights_sitenote_category":0,"footnotes":""},"categories":[5],"tags":[43675,13566,1489,452],"class_list":["post-136035","post","type-post","status-publish","format-standard","has-post-thumbnail","hentry","category-estado-de-mexico","tag-estado-de-mexico","tag-isem","tag-obesidad","tag-toluca"],"_links":{"self":[{"href":"https:\/\/www.diarioimagen.net\/index.php?rest_route=\/wp\/v2\/posts\/136035","targetHints":{"allow":["GET"]}}],"collection":[{"href":"https:\/\/www.diarioimagen.net\/index.php?rest_route=\/wp\/v2\/posts"}],"about":[{"href":"https:\/\/www.diarioimagen.net\/index.php?rest_route=\/wp\/v2\/types\/post"}],"author":[{"embeddable":true,"href":"https:\/\/www.diarioimagen.net\/index.php?rest_route=\/wp\/v2\/users\/3"}],"replies":[{"embeddable":true,"href":"https:\/\/www.diarioimagen.net\/index.php?rest_route=%2Fwp%2Fv2%2Fcomments&post=136035"}],"version-history":[{"count":0,"href":"https:\/\/www.diarioimagen.net\/index.php?rest_route=\/wp\/v2\/posts\/136035\/revisions"}],"wp:featuredmedia":[{"embeddable":true,"href":"https:\/\/www.diarioimagen.net\/index.php?rest_route=\/wp\/v2\/media\/136100"}],"wp:attachment":[{"href":"https:\/\/www.diarioimagen.net\/index.php?rest_route=%2Fwp%2Fv2%2Fmedia&parent=136035"}],"wp:term":[{"taxonomy":"category","embeddable":true,"href":"https:\/\/www.diarioimagen.net\/index.php?rest_route=%2Fwp%2Fv2%2Fcategories&post=136035"},{"taxonomy":"post_tag","embeddable":true,"href":"https:\/\/www.diarioimagen.net\/index.php?rest_route=%2Fwp%2Fv2%2Ftags&post=136035"}],"curies":[{"name":"wp","href":"https:\/\/api.w.org\/{rel}","templated":true}]}}