{"id":136208,"date":"2013-06-13T00:09:37","date_gmt":"2013-06-13T05:09:37","guid":{"rendered":"http:\/\/www.diarioimagen.net\/?p=136208"},"modified":"2013-06-13T03:48:48","modified_gmt":"2013-06-13T08:48:48","slug":"inicia-programa-de-abasto-social-en-mexicaltzingo","status":"publish","type":"post","link":"https:\/\/www.diarioimagen.net\/?p=136208","title":{"rendered":"Inicia programa de Abasto Social en Mexicaltzingo"},"content":{"rendered":"<ul>\n<li><strong><em>Instaurado por David L\u00f3pez C\u00e1rdenas<\/em><\/strong><\/li>\n<\/ul>\n<div id=\"attachment_136269\" style=\"width: 250px\" class=\"wp-caption alignleft\"><a href=\"http:\/\/www.diarioimagen.net\/wp-content\/uploads\/2013\/06\/LEGISLATURA-2119.jpg\"><img loading=\"lazy\" decoding=\"async\" aria-describedby=\"caption-attachment-136269\" class=\"size-medium wp-image-136269\" alt=\"El diputado mexiquense, David L\u00f3pez C\u00e1rdenas, asisti\u00f3 al arranque del programa de Abasto Social, en Mexicaltzingo, en el que se entregan despensas con verduras.\" src=\"http:\/\/www.diarioimagen.net\/wp-content\/uploads\/2013\/06\/LEGISLATURA-2119-240x135.jpg\" width=\"240\" height=\"135\" srcset=\"https:\/\/www.diarioimagen.net\/wp-content\/uploads\/2013\/06\/LEGISLATURA-2119-240x135.jpg 240w, https:\/\/www.diarioimagen.net\/wp-content\/uploads\/2013\/06\/LEGISLATURA-2119-420x236.jpg 420w, https:\/\/www.diarioimagen.net\/wp-content\/uploads\/2013\/06\/LEGISLATURA-2119-235x132.jpg 235w, https:\/\/www.diarioimagen.net\/wp-content\/uploads\/2013\/06\/LEGISLATURA-2119-202x114.jpg 202w, https:\/\/www.diarioimagen.net\/wp-content\/uploads\/2013\/06\/LEGISLATURA-2119-350x196.jpg 350w, https:\/\/www.diarioimagen.net\/wp-content\/uploads\/2013\/06\/LEGISLATURA-2119-220x123.jpg 220w, https:\/\/www.diarioimagen.net\/wp-content\/uploads\/2013\/06\/LEGISLATURA-2119-237x132.jpg 237w, https:\/\/www.diarioimagen.net\/wp-content\/uploads\/2013\/06\/LEGISLATURA-2119.jpg 480w\" sizes=\"auto, (max-width: 240px) 100vw, 240px\" \/><\/a><p id=\"caption-attachment-136269\" class=\"wp-caption-text\">El diputado mexiquense, David L\u00f3pez C\u00e1rdenas, asisti\u00f3 al arranque del programa de Abasto Social, en Mexicaltzingo, en el que se entregan despensas con verduras.<\/p><\/div>\n<p>Contribuir a mejorar la salud p\u00fablica y favorecer la econom\u00eda de las familias mexiquenses, es el objetivo del diputado David L\u00f3pez C\u00e1rdenas, representante del XXXV distrito electoral local, al iniciar en Mexicaltzingo el programa de Abasto Social que ya opera en Metepec, por el cual entrega despensas conformadas por frutas y verduras.<\/p>\n<p>Acompa\u00f1ado por los l\u00edderes sociales y comunitarios de este municipio, el tambi\u00e9n representante popular de Metepec y Chapultepec, destac\u00f3 la importancia del cuidado a la salud, procurando una dieta balanceada y modificando los h\u00e1bitos alimentarios, ya que M\u00e9xico ocupa el primer lugar con obesidad en el mundo, de acuerdo con la Organizaci\u00f3n de las Naciones Unidas para la Alimentaci\u00f3n y la Agricultura (FAO).<\/p>\n<p>Al entregar las despensas, con productos del campo mexiquense y una gu\u00eda nutricional, el tambi\u00e9n presidente de la Comisi\u00f3n de la Juventud y el Deporte en la LVIII Legislatura estatal, dijo que adem\u00e1s de contribuir a la salud, al prevenir enfermedades como la diabetes e hipertensi\u00f3n, se contribuye a la econom\u00eda familiar.<\/p>\n<p>En Mexicaltzingo y las colonias San Jer\u00f3nimo Chicahualco, Bellavista e Infonavit San Gabriel, de Metepec, exhort\u00f3 a la poblaci\u00f3n a ejercitarse y practicar alg\u00fan deporte, a fin de evitar padecimientos provocados por una mala alimentaci\u00f3n.<\/p>\n<p>El integrante del grupo parlamentario del PRI en la LVIII Legislatura, agreg\u00f3 que adem\u00e1s de legislar, el diputado tiene la responsabilidad de regresar a las comunidades y hacer gestiones a su favor.<\/p>\n<p>En este sentido, reconoci\u00f3 al gobernador, Eruviel \u00c1vila Villegas, quien dio respuesta inmediata para la implementaci\u00f3n de este programa que inici\u00f3 en Metepec y que abarcar\u00e1 los tres municipios que representa.<\/p>\n<p>&nbsp;<\/p>\n","protected":false},"excerpt":{"rendered":"<p>Contribuir a mejorar la salud p\u00fablica y favorecer la econom\u00eda de las familias mexiquenses, es el objetivo del diputado David L\u00f3pez C\u00e1rdenas, representante del XXXV distrito electoral local, al iniciar en Mexicaltzingo el programa de Abasto Social que ya opera en Metepec, por el cual entrega despensas conformadas por frutas y verduras.<\/p>\n","protected":false},"author":3,"featured_media":136269,"comment_status":"open","ping_status":"open","sticky":false,"template":"","format":"standard","meta":{"_monsterinsights_skip_tracking":false,"_monsterinsights_sitenote_active":false,"_monsterinsights_sitenote_note":"","_monsterinsights_sitenote_category":0,"footnotes":""},"categories":[5],"tags":[14250,43675,15198,2779,362],"class_list":["post-136208","post","type-post","status-publish","format-standard","has-post-thumbnail","hentry","category-estado-de-mexico","tag-david-lopez-cardenas","tag-estado-de-mexico","tag-fao","tag-mexicaltzingo","tag-pri"],"_links":{"self":[{"href":"https:\/\/www.diarioimagen.net\/index.php?rest_route=\/wp\/v2\/posts\/136208","targetHints":{"allow":["GET"]}}],"collection":[{"href":"https:\/\/www.diarioimagen.net\/index.php?rest_route=\/wp\/v2\/posts"}],"about":[{"href":"https:\/\/www.diarioimagen.net\/index.php?rest_route=\/wp\/v2\/types\/post"}],"author":[{"embeddable":true,"href":"https:\/\/www.diarioimagen.net\/index.php?rest_route=\/wp\/v2\/users\/3"}],"replies":[{"embeddable":true,"href":"https:\/\/www.diarioimagen.net\/index.php?rest_route=%2Fwp%2Fv2%2Fcomments&post=136208"}],"version-history":[{"count":0,"href":"https:\/\/www.diarioimagen.net\/index.php?rest_route=\/wp\/v2\/posts\/136208\/revisions"}],"wp:featuredmedia":[{"embeddable":true,"href":"https:\/\/www.diarioimagen.net\/index.php?rest_route=\/wp\/v2\/media\/136269"}],"wp:attachment":[{"href":"https:\/\/www.diarioimagen.net\/index.php?rest_route=%2Fwp%2Fv2%2Fmedia&parent=136208"}],"wp:term":[{"taxonomy":"category","embeddable":true,"href":"https:\/\/www.diarioimagen.net\/index.php?rest_route=%2Fwp%2Fv2%2Fcategories&post=136208"},{"taxonomy":"post_tag","embeddable":true,"href":"https:\/\/www.diarioimagen.net\/index.php?rest_route=%2Fwp%2Fv2%2Ftags&post=136208"}],"curies":[{"name":"wp","href":"https:\/\/api.w.org\/{rel}","templated":true}]}}