{"id":136211,"date":"2013-06-13T00:08:40","date_gmt":"2013-06-13T05:08:40","guid":{"rendered":"http:\/\/www.diarioimagen.net\/?p=136211"},"modified":"2013-06-13T03:49:37","modified_gmt":"2013-06-13T08:49:37","slug":"edil-de-huixquilucan-firma-acuerdo-con-el-suteym","status":"publish","type":"post","link":"https:\/\/www.diarioimagen.net\/?p=136211","title":{"rendered":"Edil de Huixquilucan firma acuerdo con el SUTEyM"},"content":{"rendered":"<ul>\n<li><strong><em>Fortalece al gobierno municipal<\/em><\/strong><\/li>\n<\/ul>\n<div id=\"attachment_136271\" style=\"width: 250px\" class=\"wp-caption alignleft\"><a href=\"http:\/\/www.diarioimagen.net\/wp-content\/uploads\/2013\/06\/HUIXQUILUCAN-2119.jpg\"><img loading=\"lazy\" decoding=\"async\" aria-describedby=\"caption-attachment-136271\" class=\"size-medium wp-image-136271\" alt=\"Carlos Iriarte Mercado y el dirigente Jorge Omar Vel\u00e1zquez Ruiz.\" src=\"http:\/\/www.diarioimagen.net\/wp-content\/uploads\/2013\/06\/HUIXQUILUCAN-2119-240x135.jpg\" width=\"240\" height=\"135\" srcset=\"https:\/\/www.diarioimagen.net\/wp-content\/uploads\/2013\/06\/HUIXQUILUCAN-2119-240x135.jpg 240w, https:\/\/www.diarioimagen.net\/wp-content\/uploads\/2013\/06\/HUIXQUILUCAN-2119-420x236.jpg 420w, https:\/\/www.diarioimagen.net\/wp-content\/uploads\/2013\/06\/HUIXQUILUCAN-2119-235x132.jpg 235w, https:\/\/www.diarioimagen.net\/wp-content\/uploads\/2013\/06\/HUIXQUILUCAN-2119-202x114.jpg 202w, https:\/\/www.diarioimagen.net\/wp-content\/uploads\/2013\/06\/HUIXQUILUCAN-2119-350x196.jpg 350w, https:\/\/www.diarioimagen.net\/wp-content\/uploads\/2013\/06\/HUIXQUILUCAN-2119-220x123.jpg 220w, https:\/\/www.diarioimagen.net\/wp-content\/uploads\/2013\/06\/HUIXQUILUCAN-2119-237x132.jpg 237w, https:\/\/www.diarioimagen.net\/wp-content\/uploads\/2013\/06\/HUIXQUILUCAN-2119.jpg 480w\" sizes=\"auto, (max-width: 240px) 100vw, 240px\" \/><\/a><p id=\"caption-attachment-136271\" class=\"wp-caption-text\">Carlos Iriarte Mercado y el dirigente Jorge Omar Vel\u00e1zquez Ruiz.<\/p><\/div>\n<p><strong>Huixquilucan, Estado de M\u00e9xico<\/strong>.- Al firmar el Convenio de Prestaciones de Ley y Colaterales 2013 con el Sindicato \u00danico de Trabajadores del Estado y Municipios (SUTEyM), el presidente municipal, Carlos Iriarte Mercado, asegur\u00f3 \u00e9ste es un acuerdo que fortalece la consolidaci\u00f3n del gobierno municipal.<\/p>\n<p>Acompa\u00f1ado de Jorge Omar Vel\u00e1zquez Ruiz, secretario general del SUTEyM; de Salvador Linares Romero, subsecretario estatal del SUTEyM; Jes\u00fas Cayetano Montoya, secretario general de la secci\u00f3n de Huixquilucan; de autoridades municipales e integrantes del Sindicato, el edil, enfatiz\u00f3 que el compromiso adquirido se da en dos vertientes: por un lado la administraci\u00f3n p\u00fablica debe trabajar correctamente y ser austera; y del lado de los suteymistas en el esfuerzo cotidiano de dar lo mejor de si en beneficio de la sociedad.<\/p>\n<p>Iriarte Mercado reconoci\u00f3 que en el servicio p\u00fablico el factor humano es insustituible, por lo que se pronunci\u00f3 a favor de seguir reforz\u00e1ndolo, en especial los sectores m\u00e1s vulnerables que requieren apoyos, como lo son las madres solteras, personas con discapacidad y personas de la tercera edad.<\/p>\n<p>Ante los miembros del SUTEyM de la delegaci\u00f3n Huixquilucan, reiter\u00f3 que \u201clos valores de las personas llevadas a lo colectivo hacen comunidad y construyen ciudadan\u00eda, y construir ciudadan\u00eda es lo que m\u00e1s le conviene a nuestros hijos, porque en esa medida es que cabemos todos en espacios cada vez m\u00e1s reducidos, adem\u00e1s permite cohabitar, asumir responsabilidades y trabajar por objetivos comunes\u201d.<\/p>\n<p>&nbsp;<\/p>\n","protected":false},"excerpt":{"rendered":"<p>Al firmar el Convenio de Prestaciones de Ley y Colaterales 2013 con el Sindicato \u00danico de Trabajadores del Estado y Municipios (SUTEyM), el presidente municipal, Carlos Iriarte Mercado, asegur\u00f3 \u00e9ste es un acuerdo que fortalece la consolidaci\u00f3n del gobierno municipal.<\/p>\n","protected":false},"author":3,"featured_media":136271,"comment_status":"open","ping_status":"open","sticky":false,"template":"","format":"standard","meta":{"_monsterinsights_skip_tracking":false,"_monsterinsights_sitenote_active":false,"_monsterinsights_sitenote_note":"","_monsterinsights_sitenote_category":0,"footnotes":""},"categories":[5],"tags":[43675,1097,27247],"class_list":["post-136211","post","type-post","status-publish","format-standard","has-post-thumbnail","hentry","category-estado-de-mexico","tag-estado-de-mexico","tag-huixquilucan","tag-sindicato-unico-de-trabajadores-del-estado-y-municipios"],"_links":{"self":[{"href":"https:\/\/www.diarioimagen.net\/index.php?rest_route=\/wp\/v2\/posts\/136211","targetHints":{"allow":["GET"]}}],"collection":[{"href":"https:\/\/www.diarioimagen.net\/index.php?rest_route=\/wp\/v2\/posts"}],"about":[{"href":"https:\/\/www.diarioimagen.net\/index.php?rest_route=\/wp\/v2\/types\/post"}],"author":[{"embeddable":true,"href":"https:\/\/www.diarioimagen.net\/index.php?rest_route=\/wp\/v2\/users\/3"}],"replies":[{"embeddable":true,"href":"https:\/\/www.diarioimagen.net\/index.php?rest_route=%2Fwp%2Fv2%2Fcomments&post=136211"}],"version-history":[{"count":0,"href":"https:\/\/www.diarioimagen.net\/index.php?rest_route=\/wp\/v2\/posts\/136211\/revisions"}],"wp:featuredmedia":[{"embeddable":true,"href":"https:\/\/www.diarioimagen.net\/index.php?rest_route=\/wp\/v2\/media\/136271"}],"wp:attachment":[{"href":"https:\/\/www.diarioimagen.net\/index.php?rest_route=%2Fwp%2Fv2%2Fmedia&parent=136211"}],"wp:term":[{"taxonomy":"category","embeddable":true,"href":"https:\/\/www.diarioimagen.net\/index.php?rest_route=%2Fwp%2Fv2%2Fcategories&post=136211"},{"taxonomy":"post_tag","embeddable":true,"href":"https:\/\/www.diarioimagen.net\/index.php?rest_route=%2Fwp%2Fv2%2Ftags&post=136211"}],"curies":[{"name":"wp","href":"https:\/\/api.w.org\/{rel}","templated":true}]}}