{"id":136222,"date":"2013-06-13T00:07:47","date_gmt":"2013-06-13T05:07:47","guid":{"rendered":"http:\/\/www.diarioimagen.net\/?p=136222"},"modified":"2013-06-13T03:54:30","modified_gmt":"2013-06-13T08:54:30","slug":"segob-analiza-apoyar-al-df-en-seguridad","status":"publish","type":"post","link":"https:\/\/www.diarioimagen.net\/?p=136222","title":{"rendered":"Segob analiza apoyar al DF en seguridad"},"content":{"rendered":"<ul>\n<li><strong><em>Roberto Campa Cifri\u00e1n, subsecretario de Prevenci\u00f3n y Participaci\u00f3n Ciudadana, culpa al narcomenudeo en la capital<\/em><\/strong><\/li>\n<\/ul>\n<div id=\"attachment_136288\" style=\"width: 250px\" class=\"wp-caption alignleft\"><a href=\"http:\/\/www.diarioimagen.net\/wp-content\/uploads\/2013\/06\/segob-2119.jpg\"><img loading=\"lazy\" decoding=\"async\" aria-describedby=\"caption-attachment-136288\" class=\"size-medium wp-image-136288\" alt=\"Los subsecretarios de Prevenci\u00f3n y Participaci\u00f3n Ciudadana, Roberto Campa Cifri\u00e1n, y de Normatividad de Medios, Eduardo S\u00e1nchez Hern\u00e1ndez, de la Secretar\u00eda de Gobernaci\u00f3n, durante la conferencia de prensa de ayer.\" src=\"http:\/\/www.diarioimagen.net\/wp-content\/uploads\/2013\/06\/segob-2119-240x159.jpg\" width=\"240\" height=\"159\" srcset=\"https:\/\/www.diarioimagen.net\/wp-content\/uploads\/2013\/06\/segob-2119-240x159.jpg 240w, https:\/\/www.diarioimagen.net\/wp-content\/uploads\/2013\/06\/segob-2119-420x279.jpg 420w, https:\/\/www.diarioimagen.net\/wp-content\/uploads\/2013\/06\/segob-2119.jpg 500w\" sizes=\"auto, (max-width: 240px) 100vw, 240px\" \/><\/a><p id=\"caption-attachment-136288\" class=\"wp-caption-text\">Los subsecretarios de Prevenci\u00f3n y Participaci\u00f3n Ciudadana, Roberto Campa Cifri\u00e1n, y de Normatividad de Medios, Eduardo S\u00e1nchez Hern\u00e1ndez, de la Secretar\u00eda de Gobernaci\u00f3n, durante la conferencia de prensa de ayer.<\/p><\/div>\n<p>El gobierno federal analiza la posibilidad de apoyar al\u00a0 gobierno de la ciudad de M\u00e9xico en relaci\u00f3n a los hechos que se ha registrado en las \u00faltimas semanas en Tepito.<\/p>\n<p>El subsecretario de Prevenci\u00f3n y Participaci\u00f3n Ciudadana de la Secretar\u00eda de Gobernaci\u00f3n (Segob), Roberto Campa Cifri\u00e1n, mencion\u00f3 que los problemas que se presentan en la colonia se originan por el narcomenudeo.<\/p>\n<p>\u201cLo tenemos agendado para la reuni\u00f3n en la Comisi\u00f3n Intersecretarial que se sostendremos en las pr\u00f3ximas semanas. Nosotros estamos confiados es que esta crisis que sea vivido en los \u00faltimos d\u00edas, a partir de los problemas que se dieron en la Zona Rosa, derivados de esta situaci\u00f3n en Tepito, y que como, sucede normalmente en situaciones con situaciones como esta, alteran la situaci\u00f3n en las comunidades, sobre todo en delitos como este, que tienen que ver con narcomenudeo donde se presentan conflictos y crisis\u201d.<\/p>\n<p>En conferencia de prensa, explic\u00f3 que tras los incidentes que se han generado luego de la desaparici\u00f3n de 12 personas cuando se encontraban en el interior de un bar de la Zona Rosa, la Comisi\u00f3n Intersecretarial analiza el apoyo que se le dar\u00e1 a las autoridades capitalinas.<\/p>\n<p>\u201cHemos tenido los \u00faltimos d\u00edas,\u00ad comunicaci\u00f3n, contacto con el gobierno de la ciudad para revisar la posibilidad de apoyar, con acciones de la Comisi\u00f3n Intersecretarial, la zona de Tepito\u201d, mencion\u00f3.<\/p>\n<p>El funcionario respald\u00f3 la estrategia de seguridad que se realizan en la ciudad, por lo que confi\u00f3 que en el corto tiempo se pueda revertir la inseguridad que se registra en la capital de pa\u00eds.<\/p>\n<p>\u201cConfiamos en que sea una crisis focalizada, pasajera. Reconocemos una gesti\u00f3n eficaz en el Distrito Federal. Reconocemos una gesti\u00f3n que est\u00e1 vinculada a un n\u00famero importante de polic\u00edas en la ciudad, a una estructura de tecnolog\u00eda muy avanzada\u201d.<b><\/b><\/p>\n<p>&nbsp;<\/p>\n","protected":false},"excerpt":{"rendered":"<p>El gobierno federal analiza la posibilidad de apoyar al  gobierno de la ciudad de M\u00e9xico en relaci\u00f3n a los hechos que se ha registrado en las \u00faltimas semanas en Tepito.<\/p>\n","protected":false},"author":3,"featured_media":136288,"comment_status":"open","ping_status":"open","sticky":false,"template":"","format":"standard","meta":{"_monsterinsights_skip_tracking":false,"_monsterinsights_sitenote_active":false,"_monsterinsights_sitenote_note":"","_monsterinsights_sitenote_category":0,"footnotes":""},"categories":[6],"tags":[204,384,10168,702,5598],"class_list":["post-136222","post","type-post","status-publish","format-standard","has-post-thumbnail","hentry","category-cd-de-mexico","tag-ciudad-de-mexico","tag-df","tag-roberto-campa-cifrian","tag-segob","tag-tepito"],"_links":{"self":[{"href":"https:\/\/www.diarioimagen.net\/index.php?rest_route=\/wp\/v2\/posts\/136222","targetHints":{"allow":["GET"]}}],"collection":[{"href":"https:\/\/www.diarioimagen.net\/index.php?rest_route=\/wp\/v2\/posts"}],"about":[{"href":"https:\/\/www.diarioimagen.net\/index.php?rest_route=\/wp\/v2\/types\/post"}],"author":[{"embeddable":true,"href":"https:\/\/www.diarioimagen.net\/index.php?rest_route=\/wp\/v2\/users\/3"}],"replies":[{"embeddable":true,"href":"https:\/\/www.diarioimagen.net\/index.php?rest_route=%2Fwp%2Fv2%2Fcomments&post=136222"}],"version-history":[{"count":0,"href":"https:\/\/www.diarioimagen.net\/index.php?rest_route=\/wp\/v2\/posts\/136222\/revisions"}],"wp:featuredmedia":[{"embeddable":true,"href":"https:\/\/www.diarioimagen.net\/index.php?rest_route=\/wp\/v2\/media\/136288"}],"wp:attachment":[{"href":"https:\/\/www.diarioimagen.net\/index.php?rest_route=%2Fwp%2Fv2%2Fmedia&parent=136222"}],"wp:term":[{"taxonomy":"category","embeddable":true,"href":"https:\/\/www.diarioimagen.net\/index.php?rest_route=%2Fwp%2Fv2%2Fcategories&post=136222"},{"taxonomy":"post_tag","embeddable":true,"href":"https:\/\/www.diarioimagen.net\/index.php?rest_route=%2Fwp%2Fv2%2Ftags&post=136222"}],"curies":[{"name":"wp","href":"https:\/\/api.w.org\/{rel}","templated":true}]}}