{"id":136388,"date":"2013-06-14T00:09:33","date_gmt":"2013-06-14T05:09:33","guid":{"rendered":"http:\/\/www.diarioimagen.net\/?p=136388"},"modified":"2013-06-14T03:02:54","modified_gmt":"2013-06-14T08:02:54","slug":"mercedes-juan-reconoce-presiones-en-sector-salud","status":"publish","type":"post","link":"https:\/\/www.diarioimagen.net\/?p=136388","title":{"rendered":"Mercedes Juan reconoce presiones en Sector Salud"},"content":{"rendered":"<ul>\n<li><strong><em>La titular de la Ssa se\u00f1ala la urgencia de mejorar los servicios y llegar a un Sistema Universal en la materia<\/em><\/strong><\/li>\n<\/ul>\n<div id=\"attachment_136456\" style=\"width: 250px\" class=\"wp-caption alignleft\"><a href=\"http:\/\/www.diarioimagen.net\/wp-content\/uploads\/2013\/06\/Mercedes-2120.jpg\"><img loading=\"lazy\" decoding=\"async\" aria-describedby=\"caption-attachment-136456\" class=\"size-medium wp-image-136456\" alt=\"La secretaria de Salud, Mercedes Juan L\u00f3pez, inform\u00f3 sobre traslapes y duplicidades en su sector.\" src=\"http:\/\/www.diarioimagen.net\/wp-content\/uploads\/2013\/06\/Mercedes-2120-240x135.jpg\" width=\"240\" height=\"135\" srcset=\"https:\/\/www.diarioimagen.net\/wp-content\/uploads\/2013\/06\/Mercedes-2120-240x135.jpg 240w, https:\/\/www.diarioimagen.net\/wp-content\/uploads\/2013\/06\/Mercedes-2120-420x236.jpg 420w, https:\/\/www.diarioimagen.net\/wp-content\/uploads\/2013\/06\/Mercedes-2120-235x132.jpg 235w, https:\/\/www.diarioimagen.net\/wp-content\/uploads\/2013\/06\/Mercedes-2120-202x114.jpg 202w, https:\/\/www.diarioimagen.net\/wp-content\/uploads\/2013\/06\/Mercedes-2120-350x196.jpg 350w, https:\/\/www.diarioimagen.net\/wp-content\/uploads\/2013\/06\/Mercedes-2120-220x123.jpg 220w, https:\/\/www.diarioimagen.net\/wp-content\/uploads\/2013\/06\/Mercedes-2120-237x132.jpg 237w, https:\/\/www.diarioimagen.net\/wp-content\/uploads\/2013\/06\/Mercedes-2120.jpg 480w\" sizes=\"auto, (max-width: 240px) 100vw, 240px\" \/><\/a><p id=\"caption-attachment-136456\" class=\"wp-caption-text\">La secretaria de Salud, Mercedes Juan L\u00f3pez, inform\u00f3 sobre traslapes y duplicidades en su sector.<\/p><\/div>\n<p><strong>M\u00e9rida, Yucat\u00e1n<\/strong>.- Las duplicidades y los traslapes de 6 millones de derechohabientes presionan la atenci\u00f3n m\u00e9dica y la parte financiera del Seguro Popular, del IMSS y del ISSSTE, se\u00f1al\u00f3 ayer la secretaria de Salud, Mercedes Juan L\u00f3pez.<\/p>\n<p>En su participaci\u00f3n en la 22 Convenci\u00f3n Nacional de la Industria Farmac\u00e9utica, acompa\u00f1ada del gobernador Rolando Zapata Bello, insisti\u00f3 en la urgencia de mejorar los servicios del sector y llegar a un Sistema Universal de Salud.<\/p>\n<p>\u201cUna de las cosas que hemos visto, y que est\u00e1 adem\u00e1s en el Pacto por M\u00e9xico, es que podamos avanzar inicialmente antes de llegar a la reforma m\u00e1s de fondo que estamos planteando, llegar a tener la portabilidad y la convergencia a trav\u00e9s del intercambio de servicios\u201d, explic\u00f3.<\/p>\n<p>\u201cLo que pretendemos es hacer un fondo \u00fanico de salud en donde a trav\u00e9s de una base \u00fanica de datos de la identidad de las personas se pueda evitar esa duplicidad en el financiamiento a trav\u00e9s de una cuota social para cada persona y de esa manera podamos tener m\u00e1s eficiencia en la atenci\u00f3n a la salud y en el uso de los recursos\u201d.<\/p>\n<p>En su conferencia magistral \u201cEstrategias y l\u00edneas de acci\u00f3n del PND 2013-2018 para fortalecer el sistema nacional de salud\u201d, advirti\u00f3 que el sistema de salud se encuentra fragmentado y propuso trabajar para revertir la situaci\u00f3n, en primera instancia mediante la homologaci\u00f3n de servicios.<\/p>\n<p>La funcionaria refiri\u00f3 que, en t\u00e9rminos generales, el financiamiento est\u00e1 reconocido con el Sistema de Protecci\u00f3n Social en Salud, el cual defini\u00f3 como un gran logro de estos 10 a\u00f1os.<\/p>\n<p>Con datos del padr\u00f3n general del CURP y gr\u00e1ficas, ilustr\u00f3 la duplicidad y el traslape en la atenci\u00f3n y en el financiamiento de las tres instituciones.<\/p>\n<p>\u201cY s\u00f3lo como un ejemplo podemos ver ah\u00ed el traslape de 6 millones de derechohabientes del Seguro Social con el Seguro Popular. Esto es una evidencia de que algo tenemos que hacer\u201d, concluy\u00f3.<b><\/b><\/p>\n<p>&nbsp;<\/p>\n<p>&nbsp;<\/p>\n","protected":false},"excerpt":{"rendered":"<p>Las duplicidades y los traslapes de 6 millones de derechohabientes presionan la atenci\u00f3n m\u00e9dica y la parte financiera del Seguro Popular, del IMSS y del ISSSTE, se\u00f1al\u00f3 ayer la secretaria de Salud, Mercedes Juan L\u00f3pez.<\/p>\n","protected":false},"author":3,"featured_media":136456,"comment_status":"open","ping_status":"open","sticky":false,"template":"","format":"standard","meta":{"_monsterinsights_skip_tracking":false,"_monsterinsights_sitenote_active":false,"_monsterinsights_sitenote_note":"","_monsterinsights_sitenote_category":0,"footnotes":""},"categories":[877],"tags":[257,952,25540,1288],"class_list":["post-136388","post","type-post","status-publish","format-standard","has-post-thumbnail","hentry","category-salud","tag-imss","tag-issste","tag-mercedes-juan-lopez","tag-sector-salud"],"_links":{"self":[{"href":"https:\/\/www.diarioimagen.net\/index.php?rest_route=\/wp\/v2\/posts\/136388","targetHints":{"allow":["GET"]}}],"collection":[{"href":"https:\/\/www.diarioimagen.net\/index.php?rest_route=\/wp\/v2\/posts"}],"about":[{"href":"https:\/\/www.diarioimagen.net\/index.php?rest_route=\/wp\/v2\/types\/post"}],"author":[{"embeddable":true,"href":"https:\/\/www.diarioimagen.net\/index.php?rest_route=\/wp\/v2\/users\/3"}],"replies":[{"embeddable":true,"href":"https:\/\/www.diarioimagen.net\/index.php?rest_route=%2Fwp%2Fv2%2Fcomments&post=136388"}],"version-history":[{"count":0,"href":"https:\/\/www.diarioimagen.net\/index.php?rest_route=\/wp\/v2\/posts\/136388\/revisions"}],"wp:featuredmedia":[{"embeddable":true,"href":"https:\/\/www.diarioimagen.net\/index.php?rest_route=\/wp\/v2\/media\/136456"}],"wp:attachment":[{"href":"https:\/\/www.diarioimagen.net\/index.php?rest_route=%2Fwp%2Fv2%2Fmedia&parent=136388"}],"wp:term":[{"taxonomy":"category","embeddable":true,"href":"https:\/\/www.diarioimagen.net\/index.php?rest_route=%2Fwp%2Fv2%2Fcategories&post=136388"},{"taxonomy":"post_tag","embeddable":true,"href":"https:\/\/www.diarioimagen.net\/index.php?rest_route=%2Fwp%2Fv2%2Ftags&post=136388"}],"curies":[{"name":"wp","href":"https:\/\/api.w.org\/{rel}","templated":true}]}}