{"id":136653,"date":"2013-06-18T00:09:31","date_gmt":"2013-06-18T05:09:31","guid":{"rendered":"http:\/\/www.diarioimagen.net\/?p=136653"},"modified":"2013-06-18T03:19:43","modified_gmt":"2013-06-18T08:19:43","slug":"edomex-garantiza-servicios-de-salud-a-los-mexiquenses","status":"publish","type":"post","link":"https:\/\/www.diarioimagen.net\/?p=136653","title":{"rendered":"Edomex garantiza servicios de salud a los mexiquenses"},"content":{"rendered":"<ul>\n<li><strong><em>El gobernador inaugur\u00f3 ayer el Centro Especializado de Atenci\u00f3n Primaria, en Ray\u00f3n, que beneficia a vecinos de otros 4 municipios<\/em><\/strong><\/li>\n<\/ul>\n<div id=\"attachment_136761\" style=\"width: 250px\" class=\"wp-caption alignleft\"><a href=\"http:\/\/www.diarioimagen.net\/wp-content\/uploads\/2013\/06\/eruviel-2122.jpg\"><img loading=\"lazy\" decoding=\"async\" aria-describedby=\"caption-attachment-136761\" class=\"size-medium wp-image-136761\" alt=\"El gobernador Eruviel \u00c1vila Villegas inform\u00f3 que este a\u00f1o en el Estado de M\u00e9xico se invierten m\u00e1s de mil millones de pesos en la construcci\u00f3n de unidades m\u00e9dicas para brindar mejor atenci\u00f3n y servicios m\u00e9dicos a los mexiquenses, al inaugurar el CEAPS de Ray\u00f3n, que tuvo una inversi\u00f3n superior a 16 millones de pesos.\" src=\"http:\/\/www.diarioimagen.net\/wp-content\/uploads\/2013\/06\/eruviel-2122-240x159.jpg\" width=\"240\" height=\"159\" srcset=\"https:\/\/www.diarioimagen.net\/wp-content\/uploads\/2013\/06\/eruviel-2122-240x159.jpg 240w, https:\/\/www.diarioimagen.net\/wp-content\/uploads\/2013\/06\/eruviel-2122-420x279.jpg 420w, https:\/\/www.diarioimagen.net\/wp-content\/uploads\/2013\/06\/eruviel-2122.jpg 480w\" sizes=\"auto, (max-width: 240px) 100vw, 240px\" \/><\/a><p id=\"caption-attachment-136761\" class=\"wp-caption-text\">El gobernador Eruviel \u00c1vila Villegas inform\u00f3 que este a\u00f1o en el Estado de M\u00e9xico se invierten m\u00e1s de mil millones de pesos en la construcci\u00f3n de unidades m\u00e9dicas para brindar mejor atenci\u00f3n y servicios m\u00e9dicos a los mexiquenses, al inaugurar el CEAPS de Ray\u00f3n, que tuvo una inversi\u00f3n superior a 16 millones de pesos.<\/p><\/div>\n<p><strong>Ray\u00f3n, Estado de M\u00e9xico<\/strong>.- Para brindar mejor atenci\u00f3n y servicios m\u00e9dicos a los mexiquenses, el gobernador Eruviel \u00c1vila Villegas inform\u00f3 que este a\u00f1o en el Estado de M\u00e9xico se invierten m\u00e1s de mil millones de pesos en la construcci\u00f3n de unidades m\u00e9dicas, como cl\u00ednicas de Atenci\u00f3n Geri\u00e1trica, Centros Especializados de Atenci\u00f3n Primaria a la Salud (CEAPS), y unidades de hemodi\u00e1lisis, entre otras.<\/p>\n<p>\u201cEn la salud no se gasta, en la salud se invierte, estoy convencido de ello; por eso es que este a\u00f1o estamos realizando una inversi\u00f3n considerable, gracias al apoyo de nuestro presidente de la Rep\u00fablica, Enrique Pe\u00f1a Nieto, de m\u00e1s de mil millones de pesos, en diferentes acciones, por ejemplo, en estos Centros de Atenci\u00f3n Primaria a la Salud, que son muy importantes, porque ahorita pod\u00edamos ver una sala de expulsi\u00f3n, y una serie de aparatos y equipos muy modernos en beneficio de la gente\u201d, afirm\u00f3.<\/p>\n<p>Al inaugurar el CEAPS de Ray\u00f3n, que tuvo una inversi\u00f3n superior a 16 millones de pesos, en beneficio de los habitantes de este municipio, as\u00ed como de San Antonio La Isla, Calimaya y Tenango del Valle, Eruviel \u00c1vila Villegas, destac\u00f3 que la atenci\u00f3n que se da en estos centros, por ejemplo a las mujeres embarazadas, ha permitido disminuir la mortandad materna.<\/p>\n<p>\u201cSi le brindamos a nuestra poblaci\u00f3n y especialmente a nuestras mujeres, a quienes van a dar a luz, la atenci\u00f3n pronta, la atenci\u00f3n profesional, como debe ser, disminuimos la mortandad materna. De hecho, en el Estado de M\u00e9xico, hoy d\u00eda podemos afirmar, tenemos datos oficiales del sector salud federal, de diferentes instituciones, hemos disminuido la mortalidad materna\u201d, expres\u00f3 acompa\u00f1ado por la directora general del DIFEM y el secretario de Salud, Caritina Sa\u00e9nz Vargas y C\u00e9sar G\u00f3mez Monge, respectivamente.<\/p>\n<p>El CEAPS de Ray\u00f3n dar\u00e1 servicio los 365 d\u00edas del a\u00f1o las 24 horas del d\u00eda, cuenta con cuatro consultorios de medicina general; sala de expulsi\u00f3n y \u00e1rea de recuperaci\u00f3n y cuidados neonatales, as\u00ed como una unidad dental; dar\u00e1 servicios de consulta externa, nutrici\u00f3n, pediatr\u00eda, medicina preventiva, estimulaci\u00f3n temprana, hidrataci\u00f3n oral, toma de citolog\u00edas, salud reproductiva, curaciones, entre otros.<b><\/b><\/p>\n<p>&nbsp;<\/p>\n","protected":false},"excerpt":{"rendered":"<p> Para brindar mejor atenci\u00f3n y servicios m\u00e9dicos a los mexiquenses, el gobernador Eruviel \u00c1vila Villegas inform\u00f3 que este a\u00f1o en el Estado de M\u00e9xico se invierten m\u00e1s de mil millones de pesos en la construcci\u00f3n de unidades m\u00e9dicas, como cl\u00ednicas de Atenci\u00f3n Geri\u00e1trica, Centros Especializados de Atenci\u00f3n Primaria a la Salud (CEAPS), y unidades de hemodi\u00e1lisis, entre otras.<\/p>\n","protected":false},"author":3,"featured_media":136761,"comment_status":"open","ping_status":"open","sticky":false,"template":"","format":"standard","meta":{"_monsterinsights_skip_tracking":false,"_monsterinsights_sitenote_active":false,"_monsterinsights_sitenote_note":"","_monsterinsights_sitenote_category":0,"footnotes":""},"categories":[5],"tags":[5828,43675,10785],"class_list":["post-136653","post","type-post","status-publish","format-standard","has-post-thumbnail","hentry","category-estado-de-mexico","tag-eruviel-avila-villegas","tag-estado-de-mexico","tag-rayon"],"_links":{"self":[{"href":"https:\/\/www.diarioimagen.net\/index.php?rest_route=\/wp\/v2\/posts\/136653","targetHints":{"allow":["GET"]}}],"collection":[{"href":"https:\/\/www.diarioimagen.net\/index.php?rest_route=\/wp\/v2\/posts"}],"about":[{"href":"https:\/\/www.diarioimagen.net\/index.php?rest_route=\/wp\/v2\/types\/post"}],"author":[{"embeddable":true,"href":"https:\/\/www.diarioimagen.net\/index.php?rest_route=\/wp\/v2\/users\/3"}],"replies":[{"embeddable":true,"href":"https:\/\/www.diarioimagen.net\/index.php?rest_route=%2Fwp%2Fv2%2Fcomments&post=136653"}],"version-history":[{"count":0,"href":"https:\/\/www.diarioimagen.net\/index.php?rest_route=\/wp\/v2\/posts\/136653\/revisions"}],"wp:featuredmedia":[{"embeddable":true,"href":"https:\/\/www.diarioimagen.net\/index.php?rest_route=\/wp\/v2\/media\/136761"}],"wp:attachment":[{"href":"https:\/\/www.diarioimagen.net\/index.php?rest_route=%2Fwp%2Fv2%2Fmedia&parent=136653"}],"wp:term":[{"taxonomy":"category","embeddable":true,"href":"https:\/\/www.diarioimagen.net\/index.php?rest_route=%2Fwp%2Fv2%2Fcategories&post=136653"},{"taxonomy":"post_tag","embeddable":true,"href":"https:\/\/www.diarioimagen.net\/index.php?rest_route=%2Fwp%2Fv2%2Ftags&post=136653"}],"curies":[{"name":"wp","href":"https:\/\/api.w.org\/{rel}","templated":true}]}}