{"id":136691,"date":"2013-06-18T00:05:00","date_gmt":"2013-06-18T05:05:00","guid":{"rendered":"http:\/\/www.diarioimagen.net\/?p=136691"},"modified":"2013-06-19T02:54:29","modified_gmt":"2013-06-19T07:54:29","slug":"eruviel-entrega-estimulos-a-profesores-destacados","status":"publish","type":"post","link":"https:\/\/www.diarioimagen.net\/?p=136691","title":{"rendered":"Eruviel entrega est\u00edmulos a profesores destacados"},"content":{"rendered":"<h2>Arco Norte<\/h2>\n<h5>Jos\u00e9 Luis Monta\u00f1ez Aguilar<\/h5>\n<p><span>\u00a0<\/span><\/p>\n<div id=\"attachment_136739\" style=\"width: 250px\" class=\"wp-caption alignleft\"><a href=\"http:\/\/www.diarioimagen.net\/wp-content\/uploads\/2013\/06\/arco-2122.jpg\"><img loading=\"lazy\" decoding=\"async\" aria-describedby=\"caption-attachment-136739\" class=\"size-medium wp-image-136739\" alt=\"El gobernador Eruviel \u00c1vila Villegas otorg\u00f3 cheques del programa Est\u00edmulos a la Calidad Docente a 8 mil 900 profesores de educaci\u00f3n especial, primaria y secundaria, destacados por lograr que sus alumnos alcanzaran un sobresaliente desempe\u00f1o escolar, con el prop\u00f3sito de reconocer su labor que contribuye a brindar a los ni\u00f1os y j\u00f3venes mexiquenses una mejor educaci\u00f3n. En este municipio tambi\u00e9n entreg\u00f3 la rehabilitaci\u00f3n de la Unidad Deportiva Dionisio Cer\u00f3n, en la que se invirtieron 10 millones de pesos y ofrece un mejor espacio para ejercitarse.\" src=\"http:\/\/www.diarioimagen.net\/wp-content\/uploads\/2013\/06\/arco-2122-240x135.jpg\" width=\"240\" height=\"135\" srcset=\"https:\/\/www.diarioimagen.net\/wp-content\/uploads\/2013\/06\/arco-2122-240x135.jpg 240w, https:\/\/www.diarioimagen.net\/wp-content\/uploads\/2013\/06\/arco-2122-420x236.jpg 420w, https:\/\/www.diarioimagen.net\/wp-content\/uploads\/2013\/06\/arco-2122-235x132.jpg 235w, https:\/\/www.diarioimagen.net\/wp-content\/uploads\/2013\/06\/arco-2122-202x114.jpg 202w, https:\/\/www.diarioimagen.net\/wp-content\/uploads\/2013\/06\/arco-2122-350x196.jpg 350w, https:\/\/www.diarioimagen.net\/wp-content\/uploads\/2013\/06\/arco-2122-220x123.jpg 220w, https:\/\/www.diarioimagen.net\/wp-content\/uploads\/2013\/06\/arco-2122-237x132.jpg 237w, https:\/\/www.diarioimagen.net\/wp-content\/uploads\/2013\/06\/arco-2122.jpg 480w\" sizes=\"auto, (max-width: 240px) 100vw, 240px\" \/><\/a><p id=\"caption-attachment-136739\" class=\"wp-caption-text\">El gobernador Eruviel \u00c1vila Villegas otorg\u00f3 cheques del programa Est\u00edmulos a la Calidad Docente a 8 mil 900 profesores.<\/p><\/div>\n<p><span>El gobernador Eruviel \u00c1vila Villegas entreg\u00f3 ayer en el municipio de Ray\u00f3n, Est\u00edmulos a la Calidad Docente a 8 mil 900 profesores de educaci\u00f3n especial, primaria y secundaria, destacados por lograr que sus alumnos alcanzaran un sobresaliente y mejor desempe\u00f1o escolar, con el prop\u00f3sito de reconocer su labor que contribuye a brindar a los ni\u00f1os y j\u00f3venes mexiquenses una mejor educaci\u00f3n. \u201cEstamos entregando m\u00e1s de 8 mil 900 est\u00edmulos a docentes y directivos pertenecientes a m\u00e1s de mil 500 escuelas de nuestra entidad, merecedores de este reconocimiento; todo ello nos habla de la notable calidad educativa, pero no podemos confiarnos, no hay que bajar la guardia, sigamos por ese camino de grandes logros\u201d, indic\u00f3. Estos reconocimientos, que fueron para profesores del subsistema federalizado, dijo el gobernador que son una inversi\u00f3n para incentivarlos y destacar la entrega de su vida a la educaci\u00f3n del Estado de M\u00e9xico, al tiempo de destacar el trabajo y la voluntad de los dirigentes de las secciones 17 y 36 del SNTE, para impulsar la reforma educativa, que garantizar\u00e1 la estabilidad laboral de los maestros, les otorgar\u00e1 garant\u00edas, reconocer\u00e1 su esfuerzo, labor y dedicaci\u00f3n, adem\u00e1s de que permitir\u00e1 transformar a M\u00e9xico. \u201cTodos debemos aportar la parte que nos corresponda, desde los padres de familia, los alumnos, los maestros, desde luego, est\u00e1n demostrando su parte, los gobiernos en sus diferentes niveles, porque tambi\u00e9n debemos redoblar esfuerzos para mejorar la infraestructura y mejorar las condiciones en que imparten educaci\u00f3n y hacen esta importante labor\u201d, indic\u00f3. Por ello, afirm\u00f3 que el gobierno del Estado de M\u00e9xico seguir\u00e1 impulsando programas para apoyar a los maestros, como la entrega de becas de especializaci\u00f3n en el idioma Ingl\u00e9s, en Londres, Inglaterra, o Texas, Estados Unidos.<\/span><\/p>\n<p><em><a href=\"mailto:montanezaguilar@gmail.com\" target=\"_blank\">montanezaguilar@gmail.com<\/a><\/em><\/p>\n","protected":false},"excerpt":{"rendered":"<p><span style=\"color: #005497;\"><strong>Jos\u00e9 Luis Monta\u00f1ez Aguilar<\/strong><\/span><br \/>\n<br \/>\nEl gobernador Eruviel \u00c1vila Villegas entreg\u00f3 ayer en el municipio de Ray\u00f3n, Est\u00edmulos a la Calidad Docente a 8 mil 900 profesores de educaci\u00f3n especial, primaria y secundaria, destacados por lograr que sus alumnos alcanzaran un sobresaliente y mejor desempe\u00f1o escolar, con el prop\u00f3sito de reconocer su labor que contribuye a brindar a los ni\u00f1os y j\u00f3venes mexiquenses una mejor educaci\u00f3n. <\/p>\n","protected":false},"author":3,"featured_media":136739,"comment_status":"open","ping_status":"open","sticky":false,"template":"","format":"standard","meta":{"_monsterinsights_skip_tracking":false,"_monsterinsights_sitenote_active":false,"_monsterinsights_sitenote_note":"","_monsterinsights_sitenote_category":0,"footnotes":""},"categories":[17],"tags":[13284,43704,43674,10785],"class_list":["post-136691","post","type-post","status-publish","format-standard","has-post-thumbnail","hentry","category-especiales","tag-arco-norte","tag-jose-luis-montanez-aguilar","tag-opinion","tag-rayon"],"_links":{"self":[{"href":"https:\/\/www.diarioimagen.net\/index.php?rest_route=\/wp\/v2\/posts\/136691","targetHints":{"allow":["GET"]}}],"collection":[{"href":"https:\/\/www.diarioimagen.net\/index.php?rest_route=\/wp\/v2\/posts"}],"about":[{"href":"https:\/\/www.diarioimagen.net\/index.php?rest_route=\/wp\/v2\/types\/post"}],"author":[{"embeddable":true,"href":"https:\/\/www.diarioimagen.net\/index.php?rest_route=\/wp\/v2\/users\/3"}],"replies":[{"embeddable":true,"href":"https:\/\/www.diarioimagen.net\/index.php?rest_route=%2Fwp%2Fv2%2Fcomments&post=136691"}],"version-history":[{"count":0,"href":"https:\/\/www.diarioimagen.net\/index.php?rest_route=\/wp\/v2\/posts\/136691\/revisions"}],"wp:featuredmedia":[{"embeddable":true,"href":"https:\/\/www.diarioimagen.net\/index.php?rest_route=\/wp\/v2\/media\/136739"}],"wp:attachment":[{"href":"https:\/\/www.diarioimagen.net\/index.php?rest_route=%2Fwp%2Fv2%2Fmedia&parent=136691"}],"wp:term":[{"taxonomy":"category","embeddable":true,"href":"https:\/\/www.diarioimagen.net\/index.php?rest_route=%2Fwp%2Fv2%2Fcategories&post=136691"},{"taxonomy":"post_tag","embeddable":true,"href":"https:\/\/www.diarioimagen.net\/index.php?rest_route=%2Fwp%2Fv2%2Ftags&post=136691"}],"curies":[{"name":"wp","href":"https:\/\/api.w.org\/{rel}","templated":true}]}}