{"id":136698,"date":"2013-06-18T00:02:29","date_gmt":"2013-06-18T05:02:29","guid":{"rendered":"http:\/\/www.diarioimagen.net\/?p=136698"},"modified":"2013-06-19T02:54:15","modified_gmt":"2013-06-19T07:54:15","slug":"en-2014-mexico-lanza-el-satelite-centenario","status":"publish","type":"post","link":"https:\/\/www.diarioimagen.net\/?p=136698","title":{"rendered":"En 2014 M\u00e9xico lanza el sat\u00e9lite Centenario"},"content":{"rendered":"<ul>\n<li><strong><em>El aparato se colocar\u00e1 a una distancia de 36 mil kil\u00f3metros sobre el plano del Ecuador<\/em><\/strong><\/li>\n<\/ul>\n<div id=\"attachment_136749\" style=\"width: 250px\" class=\"wp-caption alignleft\"><a href=\"http:\/\/www.diarioimagen.net\/wp-content\/uploads\/2013\/06\/satelite-2122.jpg\"><img loading=\"lazy\" decoding=\"async\" aria-describedby=\"caption-attachment-136749\" class=\"size-medium wp-image-136749\" alt=\"El sat\u00e9lite mexicano se llamar\u00e1 Centenario.\" src=\"http:\/\/www.diarioimagen.net\/wp-content\/uploads\/2013\/06\/satelite-2122-240x135.jpg\" width=\"240\" height=\"135\" srcset=\"https:\/\/www.diarioimagen.net\/wp-content\/uploads\/2013\/06\/satelite-2122-240x135.jpg 240w, https:\/\/www.diarioimagen.net\/wp-content\/uploads\/2013\/06\/satelite-2122-420x236.jpg 420w, https:\/\/www.diarioimagen.net\/wp-content\/uploads\/2013\/06\/satelite-2122-235x132.jpg 235w, https:\/\/www.diarioimagen.net\/wp-content\/uploads\/2013\/06\/satelite-2122-202x114.jpg 202w, https:\/\/www.diarioimagen.net\/wp-content\/uploads\/2013\/06\/satelite-2122-350x196.jpg 350w, https:\/\/www.diarioimagen.net\/wp-content\/uploads\/2013\/06\/satelite-2122-220x123.jpg 220w, https:\/\/www.diarioimagen.net\/wp-content\/uploads\/2013\/06\/satelite-2122-237x132.jpg 237w, https:\/\/www.diarioimagen.net\/wp-content\/uploads\/2013\/06\/satelite-2122.jpg 480w\" sizes=\"auto, (max-width: 240px) 100vw, 240px\" \/><\/a><p id=\"caption-attachment-136749\" class=\"wp-caption-text\">El sat\u00e9lite mexicano se llamar\u00e1 Centenario.<\/p><\/div>\n<p>M\u00e9xico colocar\u00e1 en \u00f3rbita durante el primer semestre del 2014 su sat\u00e9lite Centenario, el segundo del sistema estatal Mexsat, con casi 6 toneladas y una antena de 22 metros de di\u00e1metro, informaron fuentes oficiales.<\/p>\n<p>La Secretar\u00eda de Comunicaciones y Transportes (SCT) precis\u00f3 en un comunicado que este sat\u00e9lite de fabricaci\u00f3n estadounidense forma parte de la familia denominada \u201cGeom\u00f3vil\u201d de la empresa Boeing y se colocar\u00e1 a una distancia de 36 mil kil\u00f3metros sobre el plano del Ecuador.<\/p>\n<p>El lanzamiento del Centenario se har\u00e1 en el centro espacial de Baikonur, en Kazajist\u00e1n, tendr\u00e1 una vida \u00fatil de 15 a\u00f1os, dar\u00e1 servicio en la banda \u201cL\u201d y contar\u00e1 con una antena de 22 metros de di\u00e1metro, \u201cla antena m\u00e1s grande que existe a nivel comercial en el mercado\u201d , agreg\u00f3 la SCT.<\/p>\n<p>Por sus caracter\u00edsticas, este sat\u00e9lite tendr\u00e1 una mayor capacidad para la trasmisi\u00f3n de datos de banda ancha y tendr\u00e1 una cobertura de red en todo M\u00e9xico, Centroam\u00e9rica y el norte de Sudam\u00e9rica, y los usuarios podr\u00e1n captar sus se\u00f1ales con antenas de entre 10 y 50 cent\u00edmetros.<\/p>\n<p>La SCT indic\u00f3 que el Centenario podr\u00e1 llegar a los sitios donde \u201clas redes terrestres de cobre, fibra o celulares no tienen cobertura y ser\u00e1 un complemento de estos servicios\u201d.<\/p>\n<p>A\u00f1adi\u00f3 que el sat\u00e9lite prestar\u00e1 servicio satelital con terminales de veh\u00edculos terrestres, mar\u00edtimos, aeron\u00e1uticos, as\u00ed como celulares y computadoras port\u00e1tiles.<\/p>\n<p>El aparato ser\u00e1 fabricado con materiales de punta de la industria aeroespacial, como el titanio, aluminio, fibra de carbono y molibdeno. Ser\u00e1 lanzado al espacio por un cohete \u201cProt\u00f3n\u201d y su operaci\u00f3n estar\u00e1 a cargo de dos estaciones terrenas, una en Iztapalapa, en el Distrito Federal, y otra en Hermosillo, Sonora.<\/p>\n","protected":false},"excerpt":{"rendered":"<p>M\u00e9xico colocar\u00e1 en \u00f3rbita durante el primer semestre del 2014 su sat\u00e9lite Centenario, el segundo del sistema estatal Mexsat, con casi 6 toneladas y una antena de 22 metros de di\u00e1metro, informaron fuentes oficiales.<\/p>\n","protected":false},"author":3,"featured_media":136749,"comment_status":"open","ping_status":"open","sticky":false,"template":"","format":"standard","meta":{"_monsterinsights_skip_tracking":false,"_monsterinsights_sitenote_active":false,"_monsterinsights_sitenote_note":"","_monsterinsights_sitenote_category":0,"footnotes":""},"categories":[17,3],"tags":[11959,43673,13136,347],"class_list":["post-136698","post","type-post","status-publish","format-standard","has-post-thumbnail","hentry","category-especiales","category-nacional","tag-centenario","tag-nacional","tag-satelite","tag-sct"],"_links":{"self":[{"href":"https:\/\/www.diarioimagen.net\/index.php?rest_route=\/wp\/v2\/posts\/136698","targetHints":{"allow":["GET"]}}],"collection":[{"href":"https:\/\/www.diarioimagen.net\/index.php?rest_route=\/wp\/v2\/posts"}],"about":[{"href":"https:\/\/www.diarioimagen.net\/index.php?rest_route=\/wp\/v2\/types\/post"}],"author":[{"embeddable":true,"href":"https:\/\/www.diarioimagen.net\/index.php?rest_route=\/wp\/v2\/users\/3"}],"replies":[{"embeddable":true,"href":"https:\/\/www.diarioimagen.net\/index.php?rest_route=%2Fwp%2Fv2%2Fcomments&post=136698"}],"version-history":[{"count":0,"href":"https:\/\/www.diarioimagen.net\/index.php?rest_route=\/wp\/v2\/posts\/136698\/revisions"}],"wp:featuredmedia":[{"embeddable":true,"href":"https:\/\/www.diarioimagen.net\/index.php?rest_route=\/wp\/v2\/media\/136749"}],"wp:attachment":[{"href":"https:\/\/www.diarioimagen.net\/index.php?rest_route=%2Fwp%2Fv2%2Fmedia&parent=136698"}],"wp:term":[{"taxonomy":"category","embeddable":true,"href":"https:\/\/www.diarioimagen.net\/index.php?rest_route=%2Fwp%2Fv2%2Fcategories&post=136698"},{"taxonomy":"post_tag","embeddable":true,"href":"https:\/\/www.diarioimagen.net\/index.php?rest_route=%2Fwp%2Fv2%2Ftags&post=136698"}],"curies":[{"name":"wp","href":"https:\/\/api.w.org\/{rel}","templated":true}]}}