{"id":136703,"date":"2013-06-18T00:08:42","date_gmt":"2013-06-18T05:08:42","guid":{"rendered":"http:\/\/www.diarioimagen.net\/?p=136703"},"modified":"2013-06-18T03:20:43","modified_gmt":"2013-06-18T08:20:43","slug":"isem-inicia-cruzada-estatal-contra-el-vph","status":"publish","type":"post","link":"https:\/\/www.diarioimagen.net\/?p=136703","title":{"rendered":"ISEM inicia cruzada estatal contra el VPH"},"content":{"rendered":"<ul>\n<li><strong><em>La instituci\u00f3n invita a las mujeres mexiquenses de entre 35 y 64 a\u00f1os a realizarse el estudio de detecci\u00f3n del virus<\/em><\/strong><\/li>\n<\/ul>\n<div id=\"attachment_136763\" style=\"width: 250px\" class=\"wp-caption alignleft\"><a href=\"http:\/\/www.diarioimagen.net\/wp-content\/uploads\/2013\/06\/ISEM-2122.jpg\"><img loading=\"lazy\" decoding=\"async\" aria-describedby=\"caption-attachment-136763\" class=\"size-medium wp-image-136763\" alt=\"Elizabeth D\u00e1vila Ch\u00e1vez, directora general del Instituto de Salud del Estado de M\u00e9xico, explic\u00f3 que el Virus del Papiloma Humano (VPH) es la enfermedad de transmisi\u00f3n sexual viral m\u00e1s frecuente a nivel mundial. Es el factor de riesgo m\u00e1s importante para el desarrollo de c\u00e1ncer c\u00e9rvico-uterino, que es la segunda causa de muerte por este mal en las mujeres mexicanas, de entre 35 a 64 a\u00f1os de edad.\" src=\"http:\/\/www.diarioimagen.net\/wp-content\/uploads\/2013\/06\/ISEM-2122-240x135.jpg\" width=\"240\" height=\"135\" srcset=\"https:\/\/www.diarioimagen.net\/wp-content\/uploads\/2013\/06\/ISEM-2122-240x135.jpg 240w, https:\/\/www.diarioimagen.net\/wp-content\/uploads\/2013\/06\/ISEM-2122-420x236.jpg 420w, https:\/\/www.diarioimagen.net\/wp-content\/uploads\/2013\/06\/ISEM-2122-235x132.jpg 235w, https:\/\/www.diarioimagen.net\/wp-content\/uploads\/2013\/06\/ISEM-2122-202x114.jpg 202w, https:\/\/www.diarioimagen.net\/wp-content\/uploads\/2013\/06\/ISEM-2122-350x196.jpg 350w, https:\/\/www.diarioimagen.net\/wp-content\/uploads\/2013\/06\/ISEM-2122-220x123.jpg 220w, https:\/\/www.diarioimagen.net\/wp-content\/uploads\/2013\/06\/ISEM-2122-237x132.jpg 237w, https:\/\/www.diarioimagen.net\/wp-content\/uploads\/2013\/06\/ISEM-2122.jpg 480w\" sizes=\"auto, (max-width: 240px) 100vw, 240px\" \/><\/a><p id=\"caption-attachment-136763\" class=\"wp-caption-text\">Elizabeth D\u00e1vila Ch\u00e1vez, directora general del Instituto de Salud del Estado de M\u00e9xico, explic\u00f3 que el Virus del Papiloma Humano (VPH) es la enfermedad de transmisi\u00f3n sexual viral m\u00e1s frecuente a nivel mundial. Es el factor de riesgo m\u00e1s importante para el desarrollo de c\u00e1ncer c\u00e9rvico-uterino, que es la segunda causa de muerte por este mal en las mujeres mexicanas, de entre 35 a 64 a\u00f1os de edad.<\/p><\/div>\n<p><strong>Toluca, Estado de M\u00e9xico<\/strong>.- El Virus del Papiloma Humano (VPH) es la enfermedad de transmisi\u00f3n sexual viral m\u00e1s frecuente a nivel mundial. Es el factor de riesgo m\u00e1s importante para el desarrollo de c\u00e1ncer c\u00e9rvico-uterino, que es la segunda causa de muerte por este mal en las mujeres mexicanas de entre 35 a 64 a\u00f1os, explic\u00f3 Elizabeth D\u00e1vila Ch\u00e1vez, directora general del Instituto de Salud del Estado de M\u00e9xico.<\/p>\n<p>En este contexto, hizo la invitaci\u00f3n para que las mujeres se hagan la prueba de detecci\u00f3n del VPH, durante la semana del 17 al 21 de junio, campa\u00f1a que se realizar\u00e1 con el apoyo de la Fundaci\u00f3n Aliados en la Salud, para detectar oportunamente el Virus del Papiloma Humano y dar tratamiento en aquellos casos donde se descubra su presencia.<\/p>\n<p>\u201c`Seamos el ejemplo` es el nombre de la cruzada que impulsa el ISEM, donde la voluntad e inter\u00e9s del secretario de Salud, C\u00e9sar G\u00f3mez Monge ha sido fundamental para innovar y agilizar procedimientos m\u00e9dicos en beneficio de los mexiquenses, acorde con las pol\u00edticas p\u00fablicas que en la materia, promueve el gobierno del Estado\u201d, coment\u00f3 la funcionaria.<\/p>\n<p>La detecci\u00f3n del Virus del Papiloma Humano se realizar\u00e1 en las 19 Jurisdicciones Sanitarias de la entidad, donde se aplicar\u00e1n 2 mil pruebas de PCR (reacci\u00f3n en cadena de la polimerasa), y posteriormente se dar\u00e1n lectura en el laboratorio de Biolog\u00eda Molecular de Ecatepec.<\/p>\n<p>Cabe mencionar que el an\u00e1lisis no tiene costo, ser\u00e1 manejado de forma confidencial y las mujeres recibir\u00e1n un trato respetuoso. Este procedimiento es sencillo y consiste en tomar una muestra en el cuello del \u00fatero, con un peque\u00f1o dispositivo especial desechable, mismo que se analizar\u00e1 y posteriormente se entregar\u00e1 a cada mujer el resultado.\u00a0 No requiere de anestesia, ni hospitalizaci\u00f3n y toma tan s\u00f3lo unos minutos, pero es un apoyo fundamental para salvar vidas.<\/p>\n<p>En el Estado de M\u00e9xico este padecimiento es el causante de alrededor de 461 muertes al a\u00f1o. Est\u00e1 demostrado que el Virus del Papiloma Humano principalmente los tipos 16 y 18, son los agentes causales y est\u00e1n relacionados en el 99.7% de los casos de c\u00e1ncer c\u00e9rvico uterino. En lo que va del a\u00f1o y al corte del 31 de mayo, el ISEM ha practicado 25 mil 489 pruebas; de las cuales 2 mil 190 han dado positivo.<\/p>\n<p>Por su parte, Esther Dragustinovis, directora del Programa de Virus de Papiloma Humano de la Fundaci\u00f3n Aliados en la Salud, explic\u00f3 que en el caso concreto de esta campa\u00f1a, se busca contribuir con el ISEM para la detecci\u00f3n oportuna de las lesiones precancerosas causadas por el VPH, utilizando la prueba de genotipicaci\u00f3n por biolog\u00eda molecular (PCR), que identifica el ADN del virus en sus tipos 16 y 18.<\/p>\n<p>\u201cCerrar filas por la salud de las mujeres mexiquenses es muestra de sensibilidad y una gran aportaci\u00f3n para las familias, pues se trata de una campa\u00f1a de detecci\u00f3n oportuna gratuita que puede marcar la diferencia entre una vida plena y la muerte.\u00a0 Fundaci\u00f3n Aliados en la Salud representa uno de tantos esfuerzos de la iniciativa privada en M\u00e9xico, cuyos programas est\u00e1n enfocados a la salud integral materno\u2013infantil\u201d, se\u00f1al\u00f3 Dragustinovis, al tiempo de precisar que \u00e9sta es la segunda campa\u00f1a de VPH en el pa\u00eds en la cual colaboran, la primera fue en Boca del R\u00edo, Veracruz.<\/p>\n<p>Es importante mencionar que las pacientes a quienes se les practique la prueba de VPH y den\u00a0 positivo, se canalizar\u00e1n a una de las 12 cl\u00ednicas de colposcopia para valoraci\u00f3n y tratamiento adecuado, el cual puede ser conservador (cono, electro y\/o criocirug\u00eda) o invasor y\/o quir\u00fargico y todos tendr\u00e1n un seguimiento hasta el final.<\/p>\n","protected":false},"excerpt":{"rendered":"<p>El Virus del Papiloma Humano (VPH) es la enfermedad de transmisi\u00f3n sexual viral m\u00e1s frecuente a nivel mundial. Es el factor de riesgo m\u00e1s importante para el desarrollo de c\u00e1ncer c\u00e9rvico-uterino, que es la segunda causa de muerte por este mal en las mujeres mexicanas de entre 35 a 64 a\u00f1os, explic\u00f3 Elizabeth D\u00e1vila Ch\u00e1vez, directora general del Instituto de Salud del Estado de M\u00e9xico.<\/p>\n","protected":false},"author":3,"featured_media":136763,"comment_status":"open","ping_status":"open","sticky":false,"template":"","format":"standard","meta":{"_monsterinsights_skip_tracking":false,"_monsterinsights_sitenote_active":false,"_monsterinsights_sitenote_note":"","_monsterinsights_sitenote_category":0,"footnotes":""},"categories":[5],"tags":[43675,452,19744,18220],"class_list":["post-136703","post","type-post","status-publish","format-standard","has-post-thumbnail","hentry","category-estado-de-mexico","tag-estado-de-mexico","tag-toluca","tag-virus-del-papiloma-humano","tag-vph"],"_links":{"self":[{"href":"https:\/\/www.diarioimagen.net\/index.php?rest_route=\/wp\/v2\/posts\/136703","targetHints":{"allow":["GET"]}}],"collection":[{"href":"https:\/\/www.diarioimagen.net\/index.php?rest_route=\/wp\/v2\/posts"}],"about":[{"href":"https:\/\/www.diarioimagen.net\/index.php?rest_route=\/wp\/v2\/types\/post"}],"author":[{"embeddable":true,"href":"https:\/\/www.diarioimagen.net\/index.php?rest_route=\/wp\/v2\/users\/3"}],"replies":[{"embeddable":true,"href":"https:\/\/www.diarioimagen.net\/index.php?rest_route=%2Fwp%2Fv2%2Fcomments&post=136703"}],"version-history":[{"count":0,"href":"https:\/\/www.diarioimagen.net\/index.php?rest_route=\/wp\/v2\/posts\/136703\/revisions"}],"wp:featuredmedia":[{"embeddable":true,"href":"https:\/\/www.diarioimagen.net\/index.php?rest_route=\/wp\/v2\/media\/136763"}],"wp:attachment":[{"href":"https:\/\/www.diarioimagen.net\/index.php?rest_route=%2Fwp%2Fv2%2Fmedia&parent=136703"}],"wp:term":[{"taxonomy":"category","embeddable":true,"href":"https:\/\/www.diarioimagen.net\/index.php?rest_route=%2Fwp%2Fv2%2Fcategories&post=136703"},{"taxonomy":"post_tag","embeddable":true,"href":"https:\/\/www.diarioimagen.net\/index.php?rest_route=%2Fwp%2Fv2%2Ftags&post=136703"}],"curies":[{"name":"wp","href":"https:\/\/api.w.org\/{rel}","templated":true}]}}