{"id":136707,"date":"2013-06-18T00:06:21","date_gmt":"2013-06-18T05:06:21","guid":{"rendered":"http:\/\/www.diarioimagen.net\/?p=136707"},"modified":"2013-06-18T03:22:34","modified_gmt":"2013-06-18T08:22:34","slug":"don-goyo-registra-evento-explosivo","status":"publish","type":"post","link":"https:\/\/www.diarioimagen.net\/?p=136707","title":{"rendered":"<i>Don Goyo<\/i> registra evento explosivo"},"content":{"rendered":"<ul>\n<li><strong><em>La columna de ceniza despedida por el coloso fue llevada por los vientos hacia el noroeste<\/em><\/strong><\/li>\n<\/ul>\n<div id=\"attachment_136769\" style=\"width: 250px\" class=\"wp-caption alignleft\"><a href=\"http:\/\/www.diarioimagen.net\/wp-content\/uploads\/2013\/06\/POPO-2122.jpg\"><img loading=\"lazy\" decoding=\"async\" aria-describedby=\"caption-attachment-136769\" class=\"size-medium wp-image-136769\" alt=\"El Popo registr\u00f3 la exhalaci\u00f3n m\u00e1s fuerte de los \u00faltimos meses, al lanzar una columna eruptiva de ceniza de 4 kil\u00f3metros de altura.\" src=\"http:\/\/www.diarioimagen.net\/wp-content\/uploads\/2013\/06\/POPO-2122-240x135.jpg\" width=\"240\" height=\"135\" srcset=\"https:\/\/www.diarioimagen.net\/wp-content\/uploads\/2013\/06\/POPO-2122-240x135.jpg 240w, https:\/\/www.diarioimagen.net\/wp-content\/uploads\/2013\/06\/POPO-2122-420x236.jpg 420w, https:\/\/www.diarioimagen.net\/wp-content\/uploads\/2013\/06\/POPO-2122-235x132.jpg 235w, https:\/\/www.diarioimagen.net\/wp-content\/uploads\/2013\/06\/POPO-2122-202x114.jpg 202w, https:\/\/www.diarioimagen.net\/wp-content\/uploads\/2013\/06\/POPO-2122-350x196.jpg 350w, https:\/\/www.diarioimagen.net\/wp-content\/uploads\/2013\/06\/POPO-2122-220x123.jpg 220w, https:\/\/www.diarioimagen.net\/wp-content\/uploads\/2013\/06\/POPO-2122-237x132.jpg 237w, https:\/\/www.diarioimagen.net\/wp-content\/uploads\/2013\/06\/POPO-2122.jpg 480w\" sizes=\"auto, (max-width: 240px) 100vw, 240px\" \/><\/a><p id=\"caption-attachment-136769\" class=\"wp-caption-text\">El Popo registr\u00f3 la exhalaci\u00f3n m\u00e1s fuerte de los \u00faltimos meses, al lanzar una columna eruptiva de ceniza de 4 kil\u00f3metros de altura.<\/p><\/div>\n<p>El sistema de monitoreo del Centro Nacional de Prevenci\u00f3n de Desastres (Cenapred) inform\u00f3 que ayer, a las 13:23 horas, ocurri\u00f3 una explosi\u00f3n en el volc\u00e1n Popocat\u00e9petl, que gener\u00f3 una columna eruptiva de ceniza de poco m\u00e1s de 4 kil\u00f3metros de altura y lanz\u00f3 fragmentos incandescentes a distancias de hasta 2 kil\u00f3metros del cr\u00e1ter, los cuales por su alta temperatura provocaron peque\u00f1os incendios en la zona de pastizales.<\/p>\n<p>Las ceniza fue llevadas hacia el noroeste por los vientos predominantes en la zona, por lo que se registr\u00f3 ca\u00edda de ceniza en las poblaciones de ese sector, incluso en la porci\u00f3n sureste de la ciudad de M\u00e9xico. Al momento de este reporte, el volc\u00e1n ha recuperado sus niveles previos de actividad.<\/p>\n<p>Asimismo, Cenapred se\u00f1al\u00f3 que durante las \u00faltimas 24 horas\u00a0 el Popo registr\u00f3 78 exhalaciones de baja a moderada intensidad que estuvieron acompa\u00f1adas por la emisi\u00f3n de vapor de agua, gas y en algunos casos de ceniza. Las exhalaciones m\u00e1s importantes ocurrieron el domingo a las 11:40 y 14:38 horas; y ayer a las 07:03 y 08:07 horas.<\/p>\n<p>El organismo cient\u00edfico resalt\u00f3 que de forma adicional, se registraron episodios de tremor de alta y baja frecuencia que en suma dan dos horas y otros episodios de tremor arm\u00f3nico que sumaron aproximadamente 75 minutos.<\/p>\n<p>\u201cAl momento de este reporte se observa una ligera emanaci\u00f3n, principalmente de gas con direcci\u00f3n suroeste\u201d, inform\u00f3 el Cenapred.<\/p>\n<p>El sem\u00e1foro de alerta volc\u00e1nica se encuentra en Amarillo Fase 2, por lo que, el organismo hizo especial \u00e9nfasis en las siguientes recomendaciones: continuar con el radio de seguridad de 12 km, por lo que la permanencia en esa \u00e1rea no est\u00e1 permitida y mantener el tr\u00e1nsito controlado entre Santiago Xalitzintla y San Pedro Nexapa, v\u00eda Paso de Cort\u00e9s.<b><\/b><\/p>\n<p>&nbsp;<\/p>\n","protected":false},"excerpt":{"rendered":"<p>El sistema de monitoreo del Centro Nacional de Prevenci\u00f3n de Desastres (Cenapred) inform\u00f3 que ayer, a las 13:23 horas, ocurri\u00f3 una explosi\u00f3n en el volc\u00e1n Popocat\u00e9petl, que gener\u00f3 una columna eruptiva de ceniza de poco m\u00e1s de 4 kil\u00f3metros de altura y lanz\u00f3 fragmentos incandescentes a distancias de hasta 2 kil\u00f3metros del cr\u00e1ter, los cuales por su alta temperatura provocaron peque\u00f1os incendios en la zona de pastizales.<\/p>\n","protected":false},"author":3,"featured_media":136769,"comment_status":"open","ping_status":"open","sticky":false,"template":"","format":"standard","meta":{"_monsterinsights_skip_tracking":false,"_monsterinsights_sitenote_active":false,"_monsterinsights_sitenote_note":"","_monsterinsights_sitenote_category":0,"footnotes":""},"categories":[3],"tags":[13722,21959,43673],"class_list":["post-136707","post","type-post","status-publish","format-standard","has-post-thumbnail","hentry","category-nacional","tag-centro-nacional-de-prevencion-de-desastres","tag-don-goyo","tag-nacional"],"_links":{"self":[{"href":"https:\/\/www.diarioimagen.net\/index.php?rest_route=\/wp\/v2\/posts\/136707","targetHints":{"allow":["GET"]}}],"collection":[{"href":"https:\/\/www.diarioimagen.net\/index.php?rest_route=\/wp\/v2\/posts"}],"about":[{"href":"https:\/\/www.diarioimagen.net\/index.php?rest_route=\/wp\/v2\/types\/post"}],"author":[{"embeddable":true,"href":"https:\/\/www.diarioimagen.net\/index.php?rest_route=\/wp\/v2\/users\/3"}],"replies":[{"embeddable":true,"href":"https:\/\/www.diarioimagen.net\/index.php?rest_route=%2Fwp%2Fv2%2Fcomments&post=136707"}],"version-history":[{"count":0,"href":"https:\/\/www.diarioimagen.net\/index.php?rest_route=\/wp\/v2\/posts\/136707\/revisions"}],"wp:featuredmedia":[{"embeddable":true,"href":"https:\/\/www.diarioimagen.net\/index.php?rest_route=\/wp\/v2\/media\/136769"}],"wp:attachment":[{"href":"https:\/\/www.diarioimagen.net\/index.php?rest_route=%2Fwp%2Fv2%2Fmedia&parent=136707"}],"wp:term":[{"taxonomy":"category","embeddable":true,"href":"https:\/\/www.diarioimagen.net\/index.php?rest_route=%2Fwp%2Fv2%2Fcategories&post=136707"},{"taxonomy":"post_tag","embeddable":true,"href":"https:\/\/www.diarioimagen.net\/index.php?rest_route=%2Fwp%2Fv2%2Ftags&post=136707"}],"curies":[{"name":"wp","href":"https:\/\/api.w.org\/{rel}","templated":true}]}}