{"id":136817,"date":"2013-06-19T00:03:02","date_gmt":"2013-06-19T05:03:02","guid":{"rendered":"http:\/\/www.diarioimagen.net\/?p=136817"},"modified":"2013-06-20T02:22:35","modified_gmt":"2013-06-20T07:22:35","slug":"tijuana-el-subdesarrollo-aeroportuario","status":"publish","type":"post","link":"https:\/\/www.diarioimagen.net\/?p=136817","title":{"rendered":"Tijuana, el subdesarrollo aeroportuario"},"content":{"rendered":"<h2>Detr\u00e1s del Poder<\/h2>\n<h5>Jos\u00e9 Antonio L\u00f3pez Sosa<\/h5>\n<p><span><br \/>\n<strong>Tijuana, Baja California<\/strong>.- Millones de pesos se han invertido en el aeropuerto internacional Abelardo Rodr\u00edguez de la ciudad de Tijuana. Hace unos quince a\u00f1os luc\u00eda cual central de autobuses sin la infraestructura necesaria para una terminal a\u00e9rea de las dimensiones que ha tenido hist\u00f3ricamente.<\/span><\/p>\n<p>En efecto luce muy renovado, las instalaciones son m\u00e1s modernas y se nota la inversi\u00f3n realizada. Sin embargo, las instituciones que convergen en la atenci\u00f3n a los usuarios tienen severas deficiencias:<\/p>\n<p align=\"center\"><b>MIGRACI\u00d3N<\/b><\/p>\n<p>No hay informaci\u00f3n clara del Instituto Nacional de Migraci\u00f3n, algunos tr\u00e1mites se hacen en la l\u00ednea fronteriza y otros en el aeropuerto. Sin embargo no hay precisi\u00f3n en ello y depende del humor del personal del Instituto el hecho de realizar o no un tr\u00e1mite en la terminal a\u00e9rea.<\/p>\n<p align=\"center\"><b>ADUANAS<\/b><\/p>\n<p>El personal del SAT se caracteriza por el abuso de autoridad y el p\u00e9simo trato a los usuarios del aeropuerto, es recurrente escuchar quejas con relaci\u00f3n a este personal poco capacitado que no tiene la vocaci\u00f3n de atenci\u00f3n al usuario, como debiera ser.<\/p>\n<p align=\"center\"><b>SEGURIDAD PRIVADA<\/b><\/p>\n<p>La empresa de seguridad privada en el aeropuerto carece de los m\u00ednimos elementos de atenci\u00f3n a quienes usan el aeropuerto, ni siquiera un gafete con sus nombres para saber con qui\u00e9n se est\u00e1 tratando, la forma de revisar maletas y personas depende del turno y del humor que tengan las personas, no necesariamente adecu\u00e1ndose a los est\u00e1ndares internacionales.<\/p>\n<p align=\"center\"><b>POLIC\u00cdA FEDERAL<\/b><\/p>\n<p>Los elementos de esta corporaci\u00f3n revisan a las personas de acuerdo a su apariencia, es decir, a su forma de vestir y a su imagen personal, ello sin contar que existe un trato discriminatorio sobre algunas personas.<\/p>\n<p>Es dif\u00edcil creer que un puerto a\u00e9reo de tal importancia como es Tijuana, siga operando con caracter\u00edsticas de un pa\u00eds subdesarrollado, sin el cuidado que debiera tener un aeropuerto de estas dimensiones.<\/p>\n<p><em><a href=\"mailto:lopez.sosa@mexico.com\" target=\"_blank\">lopez.sosa@mexico.com<\/a><\/em><br \/>\n<em><a href=\"http:\/\/twitter.com\/#%21\/joseantonio1977\" target=\"_blank\">@joseantonio1977<br \/>\n<\/a><\/em><em><a href=\"http:\/\/www.formulaconfidencial.com.mx\/\" target=\"_blank\">www.formulaconfidencial.com.mx<\/a><\/em><\/p>\n","protected":false},"excerpt":{"rendered":"<p><span style=\"color: #005497;\"><strong>Jos\u00e9 Antonio L\u00f3pez Sosa<\/strong><\/span><\/p>\n","protected":false},"author":3,"featured_media":0,"comment_status":"open","ping_status":"open","sticky":false,"template":"","format":"standard","meta":{"_monsterinsights_skip_tracking":false,"_monsterinsights_sitenote_active":false,"_monsterinsights_sitenote_note":"","_monsterinsights_sitenote_category":0,"footnotes":""},"categories":[637],"tags":[36,43674,3282],"class_list":["post-136817","post","type-post","status-publish","format-standard","hentry","category-jose-antonio-lopez-sosa","tag-baja-california","tag-opinion","tag-tijuana"],"_links":{"self":[{"href":"https:\/\/www.diarioimagen.net\/index.php?rest_route=\/wp\/v2\/posts\/136817","targetHints":{"allow":["GET"]}}],"collection":[{"href":"https:\/\/www.diarioimagen.net\/index.php?rest_route=\/wp\/v2\/posts"}],"about":[{"href":"https:\/\/www.diarioimagen.net\/index.php?rest_route=\/wp\/v2\/types\/post"}],"author":[{"embeddable":true,"href":"https:\/\/www.diarioimagen.net\/index.php?rest_route=\/wp\/v2\/users\/3"}],"replies":[{"embeddable":true,"href":"https:\/\/www.diarioimagen.net\/index.php?rest_route=%2Fwp%2Fv2%2Fcomments&post=136817"}],"version-history":[{"count":0,"href":"https:\/\/www.diarioimagen.net\/index.php?rest_route=\/wp\/v2\/posts\/136817\/revisions"}],"wp:attachment":[{"href":"https:\/\/www.diarioimagen.net\/index.php?rest_route=%2Fwp%2Fv2%2Fmedia&parent=136817"}],"wp:term":[{"taxonomy":"category","embeddable":true,"href":"https:\/\/www.diarioimagen.net\/index.php?rest_route=%2Fwp%2Fv2%2Fcategories&post=136817"},{"taxonomy":"post_tag","embeddable":true,"href":"https:\/\/www.diarioimagen.net\/index.php?rest_route=%2Fwp%2Fv2%2Ftags&post=136817"}],"curies":[{"name":"wp","href":"https:\/\/api.w.org\/{rel}","templated":true}]}}