{"id":136848,"date":"2013-06-19T00:08:58","date_gmt":"2013-06-19T05:08:58","guid":{"rendered":"http:\/\/www.diarioimagen.net\/?p=136848"},"modified":"2013-06-19T02:57:47","modified_gmt":"2013-06-19T07:57:47","slug":"inauguran-en-ecatepec-foro-sobre-transporte","status":"publish","type":"post","link":"https:\/\/www.diarioimagen.net\/?p=136848","title":{"rendered":"Inauguran en Ecatepec foro sobre transporte"},"content":{"rendered":"<ul>\n<li><strong><em>El mun\u00edcipe Pablo Bedolla resalta la importancia de regular el servicio para que sea de calidad y cantidad<\/em><\/strong><\/li>\n<\/ul>\n<div id=\"attachment_136902\" style=\"width: 250px\" class=\"wp-caption alignleft\"><a href=\"http:\/\/www.diarioimagen.net\/wp-content\/uploads\/2013\/06\/ECATEPEC-2123.jpg\"><img loading=\"lazy\" decoding=\"async\" aria-describedby=\"caption-attachment-136902\" class=\"size-medium wp-image-136902\" alt=\"Pablo Bedolla, alcalde de Ecatepec, puso en marcha el Foro Estatal de Movilidad Urbana, que pretende conocer propuestas para regular el transporte en calidad y cantidad.\" src=\"http:\/\/www.diarioimagen.net\/wp-content\/uploads\/2013\/06\/ECATEPEC-2123-240x135.jpg\" width=\"240\" height=\"135\" srcset=\"https:\/\/www.diarioimagen.net\/wp-content\/uploads\/2013\/06\/ECATEPEC-2123-240x135.jpg 240w, https:\/\/www.diarioimagen.net\/wp-content\/uploads\/2013\/06\/ECATEPEC-2123-420x236.jpg 420w, https:\/\/www.diarioimagen.net\/wp-content\/uploads\/2013\/06\/ECATEPEC-2123-235x132.jpg 235w, https:\/\/www.diarioimagen.net\/wp-content\/uploads\/2013\/06\/ECATEPEC-2123-202x114.jpg 202w, https:\/\/www.diarioimagen.net\/wp-content\/uploads\/2013\/06\/ECATEPEC-2123-350x196.jpg 350w, https:\/\/www.diarioimagen.net\/wp-content\/uploads\/2013\/06\/ECATEPEC-2123-220x123.jpg 220w, https:\/\/www.diarioimagen.net\/wp-content\/uploads\/2013\/06\/ECATEPEC-2123-237x132.jpg 237w, https:\/\/www.diarioimagen.net\/wp-content\/uploads\/2013\/06\/ECATEPEC-2123.jpg 480w\" sizes=\"auto, (max-width: 240px) 100vw, 240px\" \/><\/a><p id=\"caption-attachment-136902\" class=\"wp-caption-text\">Pablo Bedolla, alcalde de Ecatepec, puso en marcha el Foro Estatal de Movilidad Urbana, que pretende conocer propuestas para regular el transporte en calidad y cantidad.<\/p><\/div>\n<p><strong>Ecatepec, Estado de M\u00e9xico<\/strong>.- El presidente municipal de Ecatepec, Pablo Bedolla L\u00f3pez, inaugur\u00f3 el Foro Estatal de Movilidad Urbana, \u201cMarco Jur\u00eddico y Normativo del Transporte P\u00fablico\u201d, que tuvo como prop\u00f3sito la transformaci\u00f3n integral del servicio en el transporte p\u00fablico, no s\u00f3lo en el municipio sino en todo el estado de M\u00e9xico.<\/p>\n<p>Bedolla L\u00f3pez resalt\u00f3 la importancia que tiene este servicio para el municipio,\u00a0 por ello es necesario \u201cregular el transporte en calidad y cantidad, al capacitar e incentivar a los transportistas para tomar cursos, talleres y conferencias que permitan incrementar la eficacia y la rapidez en el servicio\u201d.<\/p>\n<p>Adem\u00e1s, expres\u00f3 que en Ecatepec se cuenta con diversos medios de transporte como: Metro, Mexib\u00fas, taxi, camiones y combis, para la movilidad de los m\u00e1s de dos millones de pasajeros que diariamente se trasladan a sus lugares de trabajo o escuelas.<\/p>\n<p>Durante este encuentro entre autoridades estatales, municipales y representantes de diferentes empresas de toda la entidad, que tuvo lugar en las instalaciones del Tecnol\u00f3gico de Estudios Superiores de Ecatepec, TESE, se abordaron cuatro temas fundamentales: modernizaci\u00f3n del transporte, desarrollo del capital humano, estructura jur\u00eddica y administrativa para la movilidad urbana y derecho a la ciudad y al transporte.<b><\/b><\/p>\n<p>&nbsp;<\/p>\n","protected":false},"excerpt":{"rendered":"<p>El presidente municipal de Ecatepec, Pablo Bedolla L\u00f3pez, inaugur\u00f3 el Foro Estatal de Movilidad Urbana, \u201cMarco Jur\u00eddico y Normativo del Transporte P\u00fablico\u201d, que tuvo como prop\u00f3sito la transformaci\u00f3n integral del servicio en el transporte p\u00fablico, no s\u00f3lo en el municipio sino en todo el estado de M\u00e9xico.<\/p>\n","protected":false},"author":3,"featured_media":136902,"comment_status":"open","ping_status":"open","sticky":false,"template":"","format":"standard","meta":{"_monsterinsights_skip_tracking":false,"_monsterinsights_sitenote_active":false,"_monsterinsights_sitenote_note":"","_monsterinsights_sitenote_category":0,"footnotes":""},"categories":[5],"tags":[454,43675,27282,2193,17814],"class_list":["post-136848","post","type-post","status-publish","format-standard","has-post-thumbnail","hentry","category-estado-de-mexico","tag-ecatepec","tag-estado-de-mexico","tag-foro","tag-pablo-bedolla-lopez","tag-transporte"],"_links":{"self":[{"href":"https:\/\/www.diarioimagen.net\/index.php?rest_route=\/wp\/v2\/posts\/136848","targetHints":{"allow":["GET"]}}],"collection":[{"href":"https:\/\/www.diarioimagen.net\/index.php?rest_route=\/wp\/v2\/posts"}],"about":[{"href":"https:\/\/www.diarioimagen.net\/index.php?rest_route=\/wp\/v2\/types\/post"}],"author":[{"embeddable":true,"href":"https:\/\/www.diarioimagen.net\/index.php?rest_route=\/wp\/v2\/users\/3"}],"replies":[{"embeddable":true,"href":"https:\/\/www.diarioimagen.net\/index.php?rest_route=%2Fwp%2Fv2%2Fcomments&post=136848"}],"version-history":[{"count":0,"href":"https:\/\/www.diarioimagen.net\/index.php?rest_route=\/wp\/v2\/posts\/136848\/revisions"}],"wp:featuredmedia":[{"embeddable":true,"href":"https:\/\/www.diarioimagen.net\/index.php?rest_route=\/wp\/v2\/media\/136902"}],"wp:attachment":[{"href":"https:\/\/www.diarioimagen.net\/index.php?rest_route=%2Fwp%2Fv2%2Fmedia&parent=136848"}],"wp:term":[{"taxonomy":"category","embeddable":true,"href":"https:\/\/www.diarioimagen.net\/index.php?rest_route=%2Fwp%2Fv2%2Fcategories&post=136848"},{"taxonomy":"post_tag","embeddable":true,"href":"https:\/\/www.diarioimagen.net\/index.php?rest_route=%2Fwp%2Fv2%2Ftags&post=136848"}],"curies":[{"name":"wp","href":"https:\/\/api.w.org\/{rel}","templated":true}]}}