{"id":137129,"date":"2013-06-21T00:03:32","date_gmt":"2013-06-21T05:03:32","guid":{"rendered":"http:\/\/www.diarioimagen.net\/?p=137129"},"modified":"2013-06-24T01:26:43","modified_gmt":"2013-06-24T06:26:43","slug":"pan-vs-pan","status":"publish","type":"post","link":"https:\/\/www.diarioimagen.net\/?p=137129","title":{"rendered":"PAN vs PAN"},"content":{"rendered":"<h2>Detr\u00e1s del Poder<\/h2>\n<h5>Jos\u00e9 Antonio L\u00f3pez Sosa<\/h5>\n<p><span><br \/>\nEl Partido Acci\u00f3n Nacional (PAN) muestra que, tras convertirse en oposici\u00f3n aquella fortaleza que presum\u00edan se sosten\u00eda con hilos muy delgados, dos grupos en su interior, el de Gustavo Madero y el de Ernesto Cordero, ambos luchan encarnizadamente por el control del partido, no por corresponder a su militancia o a los intereses de sus votantes, simplemente a la ambici\u00f3n de grupo.<\/span><\/p>\n<p>En M\u00e9xico estamos \u00e1vidos de una oposici\u00f3n responsable que funja como equilibrio en la fuerza que el partido dominante tiene. Sin embargo, con esta clase de rupturas y pleitos internos, resulta casi imposible pensar en que Acci\u00f3n Nacional pueda cumplir con ese cometido.<\/p>\n<p>Me parece que el principal problema de Acci\u00f3n Nacional es no reconocer las aberraciones que se cometieron en la administraci\u00f3n de Felipe Calder\u00f3n, desde ah\u00ed no se est\u00e1 dentro de la realidad y no se puede reconstruir una casa en ruinas.<\/p>\n<p>El PAN se perfila a ser la tercera fuerza pol\u00edtica de forma global en el pa\u00eds, de no corregir el rumbo, cosa que es posible tome no meses, sino incluso a\u00f1os.<\/p>\n<p>Resulta claro como un partido que tuvo el poder presidencial por 12 a\u00f1os, ha llegado a tal nivel de crisis de, adem\u00e1s de perder la elecci\u00f3n federal, seguir en divisiones, dimes y diretes entre sus l\u00edderes con la sombra terrible de personajes como Felipe Calder\u00f3n o Genaro Garc\u00eda Luna.<\/p>\n<p>\u00bfQu\u00e9 sigue?, esa una excelente pregunta para todos quienes rigen los destinos de Acci\u00f3n Nacional.<\/p>\n<p>Ya probaron expulsando a sus militantes (como el caso de Espino o Clouthier), ya probaron pele\u00e1ndose entre los que critican a los liderazgos, ya tocaron fondo pero insisten en ir m\u00e1s abajo.<\/p>\n<p>En el PAN seguir\u00e1 exactamente lo que Cordero y Madero quieren que siga, una larga tormenta.<\/p>\n<p><em><a href=\"mailto:lopez.sosa@mexico.com\" target=\"_blank\">lopez.sosa@mexico.com<\/a><\/em><br \/>\n<em><a href=\"http:\/\/twitter.com\/#%21\/joseantonio1977\" target=\"_blank\">@joseantonio1977<br \/>\n<\/a><\/em><em><a href=\"http:\/\/www.formulaconfidencial.com.mx\/\" target=\"_blank\">www.formulaconfidencial.com.mx<\/a><\/em><\/p>\n","protected":false},"excerpt":{"rendered":"<p><span style=\"color: #005497;\"><strong>Jos\u00e9 Antonio L\u00f3pez Sosa<\/strong><\/span><\/p>\n","protected":false},"author":3,"featured_media":0,"comment_status":"open","ping_status":"open","sticky":false,"template":"","format":"standard","meta":{"_monsterinsights_skip_tracking":false,"_monsterinsights_sitenote_active":false,"_monsterinsights_sitenote_note":"","_monsterinsights_sitenote_category":0,"footnotes":""},"categories":[637],"tags":[638,8617,43690,43674],"class_list":["post-137129","post","type-post","status-publish","format-standard","hentry","category-jose-antonio-lopez-sosa","tag-detras-del-poder","tag-ernesto-cordero-arroyo","tag-jose-antonio-lopez-sosa","tag-opinion"],"_links":{"self":[{"href":"https:\/\/www.diarioimagen.net\/index.php?rest_route=\/wp\/v2\/posts\/137129","targetHints":{"allow":["GET"]}}],"collection":[{"href":"https:\/\/www.diarioimagen.net\/index.php?rest_route=\/wp\/v2\/posts"}],"about":[{"href":"https:\/\/www.diarioimagen.net\/index.php?rest_route=\/wp\/v2\/types\/post"}],"author":[{"embeddable":true,"href":"https:\/\/www.diarioimagen.net\/index.php?rest_route=\/wp\/v2\/users\/3"}],"replies":[{"embeddable":true,"href":"https:\/\/www.diarioimagen.net\/index.php?rest_route=%2Fwp%2Fv2%2Fcomments&post=137129"}],"version-history":[{"count":0,"href":"https:\/\/www.diarioimagen.net\/index.php?rest_route=\/wp\/v2\/posts\/137129\/revisions"}],"wp:attachment":[{"href":"https:\/\/www.diarioimagen.net\/index.php?rest_route=%2Fwp%2Fv2%2Fmedia&parent=137129"}],"wp:term":[{"taxonomy":"category","embeddable":true,"href":"https:\/\/www.diarioimagen.net\/index.php?rest_route=%2Fwp%2Fv2%2Fcategories&post=137129"},{"taxonomy":"post_tag","embeddable":true,"href":"https:\/\/www.diarioimagen.net\/index.php?rest_route=%2Fwp%2Fv2%2Ftags&post=137129"}],"curies":[{"name":"wp","href":"https:\/\/api.w.org\/{rel}","templated":true}]}}