{"id":137134,"date":"2013-06-21T00:02:20","date_gmt":"2013-06-21T05:02:20","guid":{"rendered":"http:\/\/www.diarioimagen.net\/?p=137134"},"modified":"2013-06-24T01:28:26","modified_gmt":"2013-06-24T06:28:26","slug":"drones-en-la-ciudad","status":"publish","type":"post","link":"https:\/\/www.diarioimagen.net\/?p=137134","title":{"rendered":"Drones en la ciudad"},"content":{"rendered":"<h2>Acta P\u00fablica<\/h2>\n<h5>Claudia Rodr\u00edguez<\/h5>\n<p><span><br \/>\nLos aviones no tripulados, los conocidos drones, ya no son asunto de futurismo, ni tampoco de ficci\u00f3n escrita o visual, ya est\u00e1n aqu\u00ed y la noticia es que cada vez se usan para muy distintos fines, no dudemos que la vigilancia de las ciudades sea uno m\u00e1s de sus usos contemplados.<\/span><\/p>\n<p>Estos artefactos que se desplazan por el aire de manera dirigida, se mostraron con todo frente a la humanidad cuando las fuerzas estadounidenses iniciaron su uso en las guerras de Irak, Afganist\u00e1n, Yemen y Pakist\u00e1n. Los drones de Estados Unidos sobrevolando el territorio de esas naciones portaban c\u00e1maras y armas destructivas.<\/p>\n<p>Los estadounidenses han usado drones propios en M\u00e9xico, autorizados sus sobrevuelos por el gobierno de nuestro pa\u00eds y el caso m\u00e1s conocido es el que se realiz\u00f3 en los estados de la frontera norte en busca de los asesinos responsables de un agente norteamericano de la Patrulla Fronteriza, quien fue asesinado durante un asalto.<\/p>\n<p>Tras la incursi\u00f3n de esta tecnolog\u00eda en territorio nacional, Felipe Calder\u00f3n, durante su administraci\u00f3n, intent\u00f3 convencer al gobierno de los Estados Unidos para que lo apoyara con aviones no tripulados en su \u201cguerra en contra del narcotr\u00e1fico\u201d; sin embargo la solicitud \u2014interpretada por los norteamericanos como s\u00faplica\u2014 no fue atendida de forma positiva y entonces Calder\u00f3n opt\u00f3 por usar parte del presupuesto aprobado por el Congreso mexicano para comprar drones propios.<\/p>\n<p>Se ha dicho mucho que fueron precisamente estos artefactos no tripulados los que han logrado ubicar para su posterior captura a importantes capos de la droga y familiares de los mismos.<\/p>\n<p>Hoy, ante la inseguridad en las ciudad de M\u00e9xico, hay quienes intentan hablarle al o\u00eddo al jefe de gobierno Miguel \u00c1ngel Mancera, para que estos aparatos sobrevuelen y puedan ser activados para atacar a criminales justo en el momento que delinquen.<\/p>\n<p>Por supuesto, existen drones de millones de d\u00f3lares, pero tambi\u00e9n los hay baratos. El negocio est\u00e1 a la vista, pues estos aparatos generan para su operaci\u00f3n un gran n\u00famero de empleos y muchos otros dividendos en materia de negocios.<\/p>\n<p>Sin embargo, insisto en que la violencia y la inseguridad no se abaten con m\u00e1s tecnolog\u00eda o el aumento presencial de fuerzas armadas.<\/p>\n<p>Ojal\u00e1 falte tiempo para que nuestro espacio a\u00e9reo inmediato sea custodiado por drones.<\/p>\n<p><b><i>Acta Divina\u2026<\/i><\/b> Mancera garantiza seguridad en Tepito y todo el DF y acepta que hay narcomenudeo en la ciudad de M\u00e9xico, pero descarta tajantemente la presencia de c\u00e1rteles en la capital del pa\u00eds.<\/p>\n<p><b><i>Para advertir\u2026<\/i><\/b>\u00a0 La Suprema Corte de Justicia de la Naci\u00f3n (SCJN), a un paso de rebajar su carga de trabajo, pero sobre todo, a reducir su \u00a0nivel de exposici\u00f3n p\u00fablica.<\/p>\n<p><em><a href=\"mailto:actapublica@gmail.com\" target=\"_blank\">actapublica@gmail.com<\/a><\/em><\/p>\n","protected":false},"excerpt":{"rendered":"<p><span style=\"color: #005497;\"><strong>Claudia Rodr\u00edguez<\/strong><\/span><\/p>\n","protected":false},"author":3,"featured_media":0,"comment_status":"open","ping_status":"open","sticky":false,"template":"","format":"standard","meta":{"_monsterinsights_skip_tracking":false,"_monsterinsights_sitenote_active":false,"_monsterinsights_sitenote_note":"","_monsterinsights_sitenote_category":0,"footnotes":""},"categories":[1281],"tags":[1756,43674],"class_list":["post-137134","post","type-post","status-publish","format-standard","hentry","category-claudia-rodriguez","tag-irak","tag-opinion"],"_links":{"self":[{"href":"https:\/\/www.diarioimagen.net\/index.php?rest_route=\/wp\/v2\/posts\/137134","targetHints":{"allow":["GET"]}}],"collection":[{"href":"https:\/\/www.diarioimagen.net\/index.php?rest_route=\/wp\/v2\/posts"}],"about":[{"href":"https:\/\/www.diarioimagen.net\/index.php?rest_route=\/wp\/v2\/types\/post"}],"author":[{"embeddable":true,"href":"https:\/\/www.diarioimagen.net\/index.php?rest_route=\/wp\/v2\/users\/3"}],"replies":[{"embeddable":true,"href":"https:\/\/www.diarioimagen.net\/index.php?rest_route=%2Fwp%2Fv2%2Fcomments&post=137134"}],"version-history":[{"count":0,"href":"https:\/\/www.diarioimagen.net\/index.php?rest_route=\/wp\/v2\/posts\/137134\/revisions"}],"wp:attachment":[{"href":"https:\/\/www.diarioimagen.net\/index.php?rest_route=%2Fwp%2Fv2%2Fmedia&parent=137134"}],"wp:term":[{"taxonomy":"category","embeddable":true,"href":"https:\/\/www.diarioimagen.net\/index.php?rest_route=%2Fwp%2Fv2%2Fcategories&post=137134"},{"taxonomy":"post_tag","embeddable":true,"href":"https:\/\/www.diarioimagen.net\/index.php?rest_route=%2Fwp%2Fv2%2Ftags&post=137134"}],"curies":[{"name":"wp","href":"https:\/\/api.w.org\/{rel}","templated":true}]}}