{"id":137282,"date":"2013-06-24T00:02:40","date_gmt":"2013-06-24T05:02:40","guid":{"rendered":"http:\/\/www.diarioimagen.net\/?p=137282"},"modified":"2013-06-25T02:08:20","modified_gmt":"2013-06-25T07:08:20","slug":"elecciones-7-de-julio","status":"publish","type":"post","link":"https:\/\/www.diarioimagen.net\/?p=137282","title":{"rendered":"Elecciones 7 de julio"},"content":{"rendered":"<h2>Acta P\u00fablica<\/h2>\n<h5>Claudia Rodr\u00edguez<\/h5>\n<p><span><br \/>\nEl primer domingo del mes siguiente habr\u00e1 elecciones locales en 14 entidades de la Rep\u00fablica y de esos resultados depender\u00e1 en mucho el papel a jugar de las fuerzas pol\u00edticas a nivel federal, y por supuesto, del cauce y ritmo del proyecto pol\u00edtico del Partido Revolucionario Institucional (PRI) a nivel nacional.<\/span><\/p>\n<p>En Aguascalientes, \u00a0Chihuahua, Durango, Veracruz, Oaxaca, Puebla, Sinaloa, Tamaulipas, Tlaxcala y Zacatecas se elegir\u00e1n diputaciones y ayuntamientos; en Coahuila habr\u00e1 elecciones para votar por 38 presidentes municipales, en Hidalgo diputaciones y en Baja California, el m\u00e1s llamativo por distintas circunstancias, se elegir\u00e1 gobernador, diputados y presidentes municipales.<\/p>\n<p>Hasta ahora, una cosa es cierta en materia de sufragio:\u00a0Las elecciones locales no son tan atractivas para los votantes\u00a0cuando de por medio no se elige al gobernante de la entidad, o bien, Presidente de la Rep\u00fablica. \u00a0El nivel de abstencionismo es considerable.<\/p>\n<p>Pero quiz\u00e1 el pr\u00f3ximo 7 de julio en Baja California, donde tambi\u00e9n se elegir\u00e1 gobernador, las votaciones ser\u00e1n competidas por otras cuestiones, como la alta posibilidad de arrebatar la gubernatura al Partido Acci\u00f3n Nacional (PAN) por el candidato pri\u00edsta, quien ya muestra seg\u00fan los sondeos, una franca posibilidad.<\/p>\n<p>Fernando Castro Trenti\u00a0 \u2014quien gan\u00f3 la candidatura a Jorge Hank Rhon\u2014 s\u00ed tiene posibilidades de gobernar con la bandera e intereses del tricolor a Baja California, luego de que desde 1989 la entidad s\u00f3lo se vistiera de azul a nivel de gobierno local.<\/p>\n<p>El hecho es que es muy posible que en esa entidad peninsular, la c\u00fapula panista local\u00a0 y nacional resienta la derrota a manos de los pri\u00edstas.<\/p>\n<p>Lo que viene a nivel federal como guerra ideol\u00f3gica entre el PRI y el PAN, ser\u00e1 bastante agitado.\u00a0 No fue gratuito que el l\u00edder de los azules, Gustavo Madero, a quien se le ha visto muy zalamero con las propuestas pri\u00edstas y pe\u00f1istas hubiera tenido que decir que los panistas est\u00e1n hartos de los pri\u00edstas y sus corruptelas, asunto que intent\u00f3 componer, pero s\u00f3lo como endoso personal.<\/p>\n<p>De las elecciones del 7 de julio, no s\u00f3lo habr\u00e1 ganadores y perdedores a nivel local, tambi\u00e9n habr\u00e1 triunfadores y derrotados a nivel nacional.<\/p>\n<p><b><i>Acta Divina\u2026<\/i><\/b>La victoria del PRI en elecciones del 7 de julio nadie nos la va a regalar: C\u00e9sar Camacho, dirigente pri\u00edsta.<\/p>\n<p><b><i>Para advertir\u2026<\/i><\/b>\u00a0Y ahora resulta que el gran enemigo de la izquierda es el ex gobernante del Distrito Federal, Marcelo Ebrard.<\/p>\n<p><em><a href=\"mailto:actapublica@gmail.com\" target=\"_blank\">actapublica@gmail.com<\/a><\/em><\/p>\n","protected":false},"excerpt":{"rendered":"<p><span style=\"color: #005497;\"><strong>Claudia Rodr\u00edguez<\/strong><\/span><\/p>\n","protected":false},"author":3,"featured_media":0,"comment_status":"open","ping_status":"open","sticky":false,"template":"","format":"standard","meta":{"_monsterinsights_skip_tracking":false,"_monsterinsights_sitenote_active":false,"_monsterinsights_sitenote_note":"","_monsterinsights_sitenote_category":0,"footnotes":""},"categories":[1281],"tags":[36],"class_list":["post-137282","post","type-post","status-publish","format-standard","hentry","category-claudia-rodriguez","tag-baja-california"],"_links":{"self":[{"href":"https:\/\/www.diarioimagen.net\/index.php?rest_route=\/wp\/v2\/posts\/137282","targetHints":{"allow":["GET"]}}],"collection":[{"href":"https:\/\/www.diarioimagen.net\/index.php?rest_route=\/wp\/v2\/posts"}],"about":[{"href":"https:\/\/www.diarioimagen.net\/index.php?rest_route=\/wp\/v2\/types\/post"}],"author":[{"embeddable":true,"href":"https:\/\/www.diarioimagen.net\/index.php?rest_route=\/wp\/v2\/users\/3"}],"replies":[{"embeddable":true,"href":"https:\/\/www.diarioimagen.net\/index.php?rest_route=%2Fwp%2Fv2%2Fcomments&post=137282"}],"version-history":[{"count":0,"href":"https:\/\/www.diarioimagen.net\/index.php?rest_route=\/wp\/v2\/posts\/137282\/revisions"}],"wp:attachment":[{"href":"https:\/\/www.diarioimagen.net\/index.php?rest_route=%2Fwp%2Fv2%2Fmedia&parent=137282"}],"wp:term":[{"taxonomy":"category","embeddable":true,"href":"https:\/\/www.diarioimagen.net\/index.php?rest_route=%2Fwp%2Fv2%2Fcategories&post=137282"},{"taxonomy":"post_tag","embeddable":true,"href":"https:\/\/www.diarioimagen.net\/index.php?rest_route=%2Fwp%2Fv2%2Ftags&post=137282"}],"curies":[{"name":"wp","href":"https:\/\/api.w.org\/{rel}","templated":true}]}}