{"id":137286,"date":"2013-06-24T00:01:01","date_gmt":"2013-06-24T05:01:01","guid":{"rendered":"http:\/\/www.diarioimagen.net\/?p=137286"},"modified":"2013-06-25T02:20:09","modified_gmt":"2013-06-25T07:20:09","slug":"divide-e-impera","status":"publish","type":"post","link":"https:\/\/www.diarioimagen.net\/?p=137286","title":{"rendered":"Divide e impera"},"content":{"rendered":"<h2>Pol\u00edtica Spot<\/h2>\n<h5>Juan Manuel Maga\u00f1a<\/h5>\n<p><span><br \/>\nComo anticipo de lo que vendr\u00e1, las declaraciones del presidente Enrique Pe\u00f1a Nieto a medios como The Wall Street Journal y Financial Times sobre el asunto petrolero sacudieron en d\u00edas recientes a las c\u00fapulas de la derecha y la izquierda mexicanas.<\/span><\/p>\n<p>La antiqu\u00edsima f\u00f3rmula romana \u201cdivide e impera\u201d, pareciera cobrar sentido cuando vemos a esas c\u00fapulas divididas por pleitos que hasta llegan a ser vulgares.<\/p>\n<p>Y m\u00e1s cuando los panistas han llegado a demostrar que los suyos son todav\u00eda m\u00e1s bajos que los de \u201cLos chuchos\u201d. Y no lo digo yo. Lo dijo el ex l\u00edder panista Luis Felipe Bravo Mena en el caso del PAN. Esa disputa por dinero entre calderonistas y maderistas es \u201cvulgar\u201d, \u201cpobre\u201d y \u201cbaja\u201d, refleja la tribalizaci\u00f3n de ese partido. \u201cYa es lo m\u00e1s bajo que se puede en este momento\u201d, sostuvo. Pero de esa ri\u00f1a lo que hay que destacar es su curiosa expresi\u00f3n en cuanto al tema petrolero.<\/p>\n<p>La divisi\u00f3n panista implica hasta disputarse qui\u00e9n le vende el favor al gobierno de respaldar lo que vaya a proponer como reforma petrolera. Divididos hasta en una causa com\u00fan. \u00bfPues que esperar\u00e1n?<\/p>\n<p>Las palabras del calderonista Ernesto Cordero, un d\u00eda despu\u00e9s de que retom\u00f3 el control econ\u00f3mico y pol\u00edtico del grupo senatorial del PAN, son bien sintom\u00e1ticas: \u201cLe quiero mandar desde aqu\u00ed un mensaje al presidente Enrique Pe\u00f1a Nieto: que no se desanime, que puede modificar la Constituci\u00f3n y hacer una reforma energ\u00e9tica de a de veras\u201d.<\/p>\n<p>Y en el flanco de la izquierda, cantado ha estado el pleito. Marcelo Ebrard, que propuso a Pe\u00f1a debatir sobre lo que dijo en Londres, de pasada le puso un coscorr\u00f3n al dirigente perredista Jes\u00fas Zambrano, por el que \u00e9ste de inmediato resping\u00f3.<\/p>\n<p>El primero asegur\u00f3 tener desconfianza hacia Zambrano, pues ser\u00eda el fin del PRD avalar la entrada de capital privado a Pemex en el marco del Pacto por M\u00e9xico.<\/p>\n<p>El segundo revir\u00f3: \u201cAnda como borracho de cantina, por debajo de las mesas preguntando qu\u00e9 me miras para buscar pleito con alguien que ni siquiera pretende que haya pleito\u201d.<\/p>\n<p>Hasta su pasado salinista le record\u00f3 \u201cEl chucho\u201d a Ebrard en ese modo de descalificaci\u00f3n, si no es que de insulto, que usan muchos en este pa\u00eds al comparar a quien sea con el innombrable.<\/p>\n<p>Pero la reacci\u00f3n de parte de esa izquierda que ya se dej\u00f3 ver bastante articulada es la que ya no tiene mucho que ver con el PRD.\u00a0 Y la plante\u00f3 sorpresivamente el jefe de Gobierno del Distrito Federal, Miguel \u00c1ngel Mancera, al afirmar su oposici\u00f3n a reformar el art\u00edculo 27 constitucional y sostener que la postura de la izquierda es la que encabeza el ex candidato a la Presidencia de la Rep\u00fablica, Andr\u00e9s Manuel L\u00f3pez Obrador, de impulsar la reforma energ\u00e9tica propuesta por Cuauht\u00e9moc C\u00e1rdenas.<\/p>\n<p>M\u00e1s claro, ni el agua.<\/p>\n<p>Por supuesto que tambi\u00e9n reaccion\u00f3 el Peje, quien se la ha pasado nadando en aguas m\u00e1s tranquilas, esperando el momento.\u00a0 De entrada apoy\u00f3 a Ebrard y pidi\u00f3 a Pe\u00f1a Nieto aceptar la invitaci\u00f3n a debatir p\u00fablicamente sobre la reforma energ\u00e9tica que se negocia ya con los partidos.<\/p>\n<p>Despu\u00e9s habl\u00f3 de que ser\u00e1 inevitable la protesta social, a la que \u00e9l convocar\u00e1, cuando se presente la iniciativa para privatizar Pemex.<\/p>\n<p>Queda claro el tipo de alineamiento que se est\u00e1 dando en un sector de la izquierda m\u00e1s all\u00e1 de lo que ahora es el PRD. Y todo esto es apenas una aproximaci\u00f3n a lo que vendr\u00e1 despu\u00e9s de septiembre.<\/p>\n<p><em><a href=\"mailto: maganapalace@yahoo.com.mx\" target=\"_blank\">maganapalace@yahoo.com.mx<\/a><\/em><\/p>\n","protected":false},"excerpt":{"rendered":"<p><span style=\"color: #005497;\"><strong>Juan Manuel Maga\u00f1a<\/strong><\/span><\/p>\n","protected":false},"author":3,"featured_media":0,"comment_status":"open","ping_status":"open","sticky":false,"template":"","format":"standard","meta":{"_monsterinsights_skip_tracking":false,"_monsterinsights_sitenote_active":false,"_monsterinsights_sitenote_note":"","_monsterinsights_sitenote_category":0,"footnotes":""},"categories":[22905],"tags":[18,43709,43674,22904],"class_list":["post-137286","post","type-post","status-publish","format-standard","hentry","category-juan-manuel-magana","tag-enrique-pena-nieto","tag-juan-manuel-magana","tag-opinion","tag-politica-spot"],"_links":{"self":[{"href":"https:\/\/www.diarioimagen.net\/index.php?rest_route=\/wp\/v2\/posts\/137286","targetHints":{"allow":["GET"]}}],"collection":[{"href":"https:\/\/www.diarioimagen.net\/index.php?rest_route=\/wp\/v2\/posts"}],"about":[{"href":"https:\/\/www.diarioimagen.net\/index.php?rest_route=\/wp\/v2\/types\/post"}],"author":[{"embeddable":true,"href":"https:\/\/www.diarioimagen.net\/index.php?rest_route=\/wp\/v2\/users\/3"}],"replies":[{"embeddable":true,"href":"https:\/\/www.diarioimagen.net\/index.php?rest_route=%2Fwp%2Fv2%2Fcomments&post=137286"}],"version-history":[{"count":0,"href":"https:\/\/www.diarioimagen.net\/index.php?rest_route=\/wp\/v2\/posts\/137286\/revisions"}],"wp:attachment":[{"href":"https:\/\/www.diarioimagen.net\/index.php?rest_route=%2Fwp%2Fv2%2Fmedia&parent=137286"}],"wp:term":[{"taxonomy":"category","embeddable":true,"href":"https:\/\/www.diarioimagen.net\/index.php?rest_route=%2Fwp%2Fv2%2Fcategories&post=137286"},{"taxonomy":"post_tag","embeddable":true,"href":"https:\/\/www.diarioimagen.net\/index.php?rest_route=%2Fwp%2Fv2%2Ftags&post=137286"}],"curies":[{"name":"wp","href":"https:\/\/api.w.org\/{rel}","templated":true}]}}