{"id":137298,"date":"2013-06-24T00:01:51","date_gmt":"2013-06-24T05:01:51","guid":{"rendered":"http:\/\/www.diarioimagen.net\/?p=137298"},"modified":"2013-06-25T03:03:13","modified_gmt":"2013-06-25T08:03:13","slug":"150-millones-de-pesos-se-invertiran-en-salamanca-destaco-fernando-olivera-rocha-secretario-de-turismo-de-guanajuato","status":"publish","type":"post","link":"https:\/\/www.diarioimagen.net\/?p=137298","title":{"rendered":"150 millones de pesos se invertir\u00e1n en Salamanca, destac\u00f3 Fernando Olivera Rocha, secretario de Turismo de Guanajuato"},"content":{"rendered":"<h2>De cinco estrellas<\/h2>\n<h5>Victoria Gonz\u00e1lez Prado<\/h5>\n<p>&nbsp;<\/p>\n<ul>\n<li><em><strong>Claudia Ruiz Massieu ser\u00e1 oradora central en el Foro de la ONU sobre equidad de g\u00e9nero<\/strong><\/em><\/li>\n<li><em><strong>Remede Spa en St. Regis Punta Mita presenta un nuevo y exclusivo tratamiento \u201cSignature Body\u201d<\/strong><\/em><\/li>\n<li><em><strong>Ayer domingo se realiz\u00f3 la 6ta. Carrera organizada por Aqu\u00ed Nadie Se Rinde, asociaci\u00f3n que apoya a ni\u00f1os con c\u00e1ncer<\/strong><\/em><\/li>\n<li><em><strong>Miguel Torruco, titular de Turismo capitalino, en el 36 aniversario de la Confederaci\u00f3n Nacional Tur\u00edstica<\/strong><\/em><\/li>\n<\/ul>\n<div id=\"attachment_137398\" style=\"width: 250px\" class=\"wp-caption alignleft\"><a href=\"http:\/\/www.diarioimagen.net\/wp-content\/uploads\/2013\/06\/turismo-2126.jpg\"><img loading=\"lazy\" decoding=\"async\" aria-describedby=\"caption-attachment-137398\" class=\"size-medium wp-image-137398\" alt=\"Fernando Olivera anunci\u00f3 inversi\u00f3n para Salamanca.\" src=\"http:\/\/www.diarioimagen.net\/wp-content\/uploads\/2013\/06\/turismo-2126-240x135.jpg\" width=\"240\" height=\"135\" srcset=\"https:\/\/www.diarioimagen.net\/wp-content\/uploads\/2013\/06\/turismo-2126-240x135.jpg 240w, https:\/\/www.diarioimagen.net\/wp-content\/uploads\/2013\/06\/turismo-2126-420x236.jpg 420w, https:\/\/www.diarioimagen.net\/wp-content\/uploads\/2013\/06\/turismo-2126-235x132.jpg 235w, https:\/\/www.diarioimagen.net\/wp-content\/uploads\/2013\/06\/turismo-2126-202x114.jpg 202w, https:\/\/www.diarioimagen.net\/wp-content\/uploads\/2013\/06\/turismo-2126-350x196.jpg 350w, https:\/\/www.diarioimagen.net\/wp-content\/uploads\/2013\/06\/turismo-2126-220x123.jpg 220w, https:\/\/www.diarioimagen.net\/wp-content\/uploads\/2013\/06\/turismo-2126-237x132.jpg 237w, https:\/\/www.diarioimagen.net\/wp-content\/uploads\/2013\/06\/turismo-2126.jpg 480w\" sizes=\"auto, (max-width: 240px) 100vw, 240px\" \/><\/a><p id=\"caption-attachment-137398\" class=\"wp-caption-text\">Fernando Olivera anunci\u00f3 inversi\u00f3n para Salamanca.<\/p><\/div>\n<p><b>Fernando Olivera Rocha<\/b>,<b> <\/b>secretario de Turismo de Guanajuato, destac\u00f3 la atracci\u00f3n de inversi\u00f3n tur\u00edstica en el municipio de Salamanca, donde se prev\u00e9 la llegada de m\u00e1s 150 millones de pesos por la construcci\u00f3n de tres hoteles y un centro de negocios.\u00a0Lo anterior, durante la reuni\u00f3n de trabajo que sostuvo el funcionario estatal con el alcalde de Salamanca, Justino Arriaga y autoridades municipales, donde se dio a conocer el anuncio de dicha inversi\u00f3n y otros temas que permitir\u00e1n recuperar la vocaci\u00f3n tur\u00edstica del municipio. Respecto al punto de la inversi\u00f3n, se anunci\u00f3 la llegada de tres hoteles de tipo <i>Bussines Class<\/i>, que aportar\u00e1n 200 habitaciones m\u00e1s a las 622 ya existentes; el monto de estas obras ser\u00e1 de 145 millones de pesos y permitir\u00e1 la creaci\u00f3n de 163 empleos directos, una vez que comiencen operaciones. Aunado a ello, se construir\u00e1 un centro de negocios con una inversi\u00f3n de 6 millones de pesos. Para finales de julio, adelant\u00f3 que se dar\u00e1 a conocer el programa \u00bfQu\u00e9 hacer este fin de semana en Guanajuato?, con el que se busca potencializar el turismo hacia el interior del Estado, y donde tambi\u00e9n se har\u00e1 una intensa promoci\u00f3n de Salamanca. Fue as\u00ed como el secretario de Turismo, reconoci\u00f3 la inclusi\u00f3n de Salamanca como un destino de suma importancia para el estado de Guanajuato y se mostr\u00f3 complacido por la inquietud de las autoridades municipales de mejorar y promover los atractivos de la ciudad.<\/p>\n<p>En reconocimiento a su liderazgo y a su proactividad a favor de la mujer, la secretaria de Turismo, <b>Claudia Ruiz Massieu<\/b>, durante su estancia en Nueva York, fue convocada a participar como oradora en los trabajos que se realizaran esta ciudad, el 26 de septiembre pr\u00f3ximo, en el marco de la Asamblea General de la ONU. La directora de <i>Global Women\u2019s Leadership Iniciative<\/i> y de <i>Women in Public Service Project<\/i>, del <i>Woodrow Wilson International Center for Scholars<\/i>, <b>Rangita da Silva<\/b>, invit\u00f3 personalmente a la secretaria de Turismo de M\u00e9xico\u00a0por la destacada labor que, dijo, ha desarrollado en pro de los derechos humanos y de la equidad de g\u00e9nero en particular. <b>Claudia Ruiz Massieu<\/b> participar\u00e1 como una de las conferencistas principales en el evento que, sobre la mujer, se celebrar\u00e1 en el <i>Barnard College<\/i>. <b>Rangita da Silva<\/b> pidi\u00f3 tambi\u00e9n a <b>Ruiz Massieu<\/b> su apoyo y participaci\u00f3n, a fin de consolidar una plataforma para amplificar las voces de las mujeres en M\u00e9xico y en Am\u00e9rica Latina. En el encuentro, <b>Claudia Ruiz Massieu<\/b> explic\u00f3 a <b>Da Silva<\/b> que M\u00e9xico ha avanzado de manera importante en cuanto a los derechos de las mujeres, aunque admiti\u00f3 que \u201ctodav\u00eda es largo el camino por recorrer\u201d. Mencion\u00f3 que la mujer ha luchado desde hace muchos a\u00f1os por un rol m\u00e1s equitativo y ha\u00a0 ido adquiriendo un papel cada vez m\u00e1s relevante en el servicio p\u00fablico y en los cargos de elecci\u00f3n popular.<\/p>\n<p>\u2730\u2730\u2730\u2730\u2730\u00a0<i>Remede Spa<\/i> presenta su nuevo y exclusivo tratamiento moldeador <i>\u201cSignature Body<\/i>\u201d que busca otorgar a los clientes un servicio personalizado, que va enfocado directamente a sus necesidades. El tratamiento comienza con la activaci\u00f3n de la circulaci\u00f3n\u00a0 sangu\u00ednea en \u00e1reas a tratar a base de termoterapia; seguido de una de las tres opciones de tratamiento enfocado a los requerimientos personales; reductivo, reafirmante o de levantamiento. Este ritual relajante culmina con una excepcional m\u00e1scara corporal. Con este lanzamiento brindar\u00e1 a todas las personas que desean cuidar su bienestar f\u00edsico e imagen una nueva opci\u00f3n para moldear su cuerpo a trav\u00e9s de las exquisitas t\u00e9cnicas de masaje y cremas <i>Remede <\/i>empleadas durante estos 90 minutos de cambio y relajaci\u00f3n profunda<i>.\u00a0 The St Regis Punta Mita<\/i> y <i>Remede Spa<\/i> siempre en la b\u00fasqueda de crear sensaciones, sin que ning\u00fan detalle se pase por alto incluyen \u201c<i>Signature Body\u201d<\/i> como opci\u00f3n dominical en su promocional semanal. Exfoliaci\u00f3n personalizada, pedicure y el masaje personalizado son s\u00f3lo algunos otros tratamientos que los amantes de la relajaci\u00f3n y rejuvenecimiento pueden disfrutar en un d\u00eda espec\u00edfico a un precio preferencial. El Spa de 930 m\u00b2, cuenta con todo lo que\u00a0 se necesita para disfrutar del placer supremo, rodeado de las m\u00e1s hermosas vistas de los paisajes v\u00edrgenes de Punta Mita. El Spa ofrece acceso a otros servicios como: sauna, vapor, gimnasio, jacuzzi, piscinas fr\u00edas profundas y jardines de relajaci\u00f3n, adem\u00e1s de una variedad de tratamientos en el exterior a la sombra de los toldos.<\/p>\n<p>\u2730\u2730\u2730\u2730\u2730\u00a0Ayer domingo 23, en el estadio Ol\u00edmpico de Ciudad Universitaria, se realiz\u00f3 la 6ta. Carrera Aqu\u00ed Nadie Se Rinde, que organiz\u00f3 la asociaci\u00f3n que apoya a ni\u00f1os con c\u00e1ncer en los trasplantes de m\u00e9dula \u00f3sea y a sus familias en la lucha contra esta enfermedad. A\u00f1o con a\u00f1o esta asociaci\u00f3n realiza la carrera, con la finalidad de ayudar a muchos ni\u00f1os y sus familias a luchar contra esta agresiva enfermedad. Los participantes en la carrera de cinco o diez kil\u00f3metros o en la caminata recreativa disfrutaron de una ma\u00f1ana de ejercicio. Ni\u00f1os sanos y ni\u00f1os con c\u00e1ncer tambi\u00e9n participaron por edades, donde el sentido de hermandad se conjunt\u00f3 con las ganas de ganar. Lo recaudado por las inscripciones es enteramente para la Aqu\u00ed Nadie Se Rinde, que brinda \u201cuna esperanza de vida\u201d a muchos de estos peque\u00f1os pacientes que necesitan de asistencia m\u00e9dica. Sin duda fue un evento emotivo donde los ni\u00f1os con c\u00e1ncer demostraron la entereza que tienen para afrontar esta enfermedad con todo lo necesario en los tratamientos que requieren los pacientes pedi\u00e1tricos oncol\u00f3gicos\u201d.<\/p>\n<p>\u2730\u2730\u2730\u2730\u2730\u00a0El secretario de Turismo capitalino, <b>Miguel Torruco Marqu\u00e9s<\/b>, y la representante de la Secretar\u00eda de Turismo federal, <b>Guadalupe G\u00f3mez Maganda<\/b>, encabezaron la ceremonia del 36 aniversario de la Confederaci\u00f3n Nacional Tur\u00edstica (Confetur). Durante la reuni\u00f3n a la que acudieron representantes de la industria turistica para celebrar el aniversario y felicitar a la actual mesa directiva, encabezada por <b>Elizabeth Gonz\u00e1lez<\/b>, la presidenta del organismo reconoci\u00f3 la labor realizada durante estos 30 a\u00f1os que ha llevado a cabo con las diversas integrantes, como agentes de viajes. <b>Miguel Torruco Marqu\u00e9s<\/b>, en su discurso se refiri\u00f3 a la importancia de la confederaci\u00f3n dentro del \u00e1mbito tur\u00edstico, as\u00ec como de las actividades que realizan las mujeres. Destac\u00f3 que en la ciudad de M\u00e9xico se logr\u00f3 incrementar las expectativas de desarrollo tur\u00edstico, y de acuerdo con las estad\u00edsticas del primer cuatrimestre del a\u00f1o, se increment\u00f3 la llegada de turistas a la capital, adem\u00e1s de lograr una mejor captaci\u00f3n de divisas. Coment\u00f3 que de enero a abril de 2013, aument\u00f3 la ocupaci\u00f3n hotelera 7.3%, la afluencia de turistas aument\u00f3 un 6.4%, y la derrama econ\u00f3mica increment\u00f3 en mil 447 millones de d\u00f3lares, que representan el 10:5%. Todas las cifras comparativas con respecto al mismo periodo de 2012. Aludi\u00f3 a la serie de ventajas con que cuenta la capital del pa\u00eds, como son contar con cuatro sitios patrimoniales declarados por la Unesco: Centro Hist\u00f3rico, Xochimilco, Casa Estudio <b>Luis Barrag\u00e1n<\/b> y Ciudad Universitaria. Adem\u00e1s de tener 605 hoteles, mismos que cuentan con 49 mil 400 cuartos, 175 museos, m\u00e1s de mil 300 restaurantes, as\u00ed como un 50% del territorio de la ciudad como zona rural. <b>Torruco<\/b> destac\u00f3 que durante la presente administraci\u00f3n se puso en marcha el Programa\u00a0Disfruta Ciudad de M\u00e9xico, mismo que tiene como objetivo incrementar la llegada de turistas a la capital y si en el a\u00f1o pasado llegaron 12 millones 300 mil turistas, para este a\u00f1o se prev\u00e9 llegar a las 12 millones 500 mil turistas. Adem\u00e1s de incrementar la derrama econ\u00f3mica, que actualmente es de 55 mil millones de pesos. Coment\u00f3 que la Secretar\u00eda de Turismo impulsar\u00e1 con mayor vigor el turismo social en beneficio de toda la poblaci\u00f3n, para lo cual a principios del mes pr\u00f3ximo el jefe de gobierno del Distrito Federal, <b>Miguel \u00c1ngel Mancera<\/b>, dar\u00e1 el banderazo de salida de este programa, que incrementar\u00e1 su capactaci\u00f3n de manera notable. Las integrantes de Confetur fueron acompa\u00f1adas por el presidente de la Confederaci\u00f3n Nacional Tur\u00edstica (CNT) y presidente de la Agencia Mexicana de Viajes (AMAV) nacional, <b>Jorge Hern\u00e1ndez Delgado<\/b>; el presidente de la AMAV DF, <b>Fidel Ovando<\/b>, as\u00ed como representantes de Canirac, y de touroperadores,\u00a0 la presidenta <b>Elizabeth Gonz\u00e1lez<\/b> agradeci\u00f3 la presencia de cada uno de los integrantes de la Confetur, asi como de los invitados, quienes departieron los alimentos.<\/p>\n<p><i><em><a href=\"mailto:victoriagprado@gmail.com\" target=\"_blank\">victoriagprado@gmail.com<\/a><\/em><\/i><\/p>\n","protected":false},"excerpt":{"rendered":"<p>Fernando Olivera Rocha, secretario de Turismo de Guanajuato, destac\u00f3 la atracci\u00f3n de inversi\u00f3n tur\u00edstica en el municipio de Salamanca, donde se prev\u00e9 la llegada de m\u00e1s 150 millones de pesos por la construcci\u00f3n de tres hoteles y un centro de negocios. Lo anterior, durante la reuni\u00f3n de trabajo que sostuvo el funcionario estatal con el alcalde de Salamanca, Justino Arriaga y autoridades municipales, donde se dio a conocer el anuncio de dicha inversi\u00f3n y otros temas que permitir\u00e1n recuperar la vocaci\u00f3n tur\u00edstica del municipio. <\/p>\n","protected":false},"author":3,"featured_media":137398,"comment_status":"open","ping_status":"open","sticky":false,"template":"","format":"standard","meta":{"_monsterinsights_skip_tracking":false,"_monsterinsights_sitenote_active":false,"_monsterinsights_sitenote_note":"","_monsterinsights_sitenote_category":0,"footnotes":""},"categories":[11],"tags":[107,43681,106],"class_list":["post-137298","post","type-post","status-publish","format-standard","has-post-thumbnail","hentry","category-turismo","tag-de-cinco-estrellas","tag-turismo","tag-victoria-gonzalez-prado"],"_links":{"self":[{"href":"https:\/\/www.diarioimagen.net\/index.php?rest_route=\/wp\/v2\/posts\/137298","targetHints":{"allow":["GET"]}}],"collection":[{"href":"https:\/\/www.diarioimagen.net\/index.php?rest_route=\/wp\/v2\/posts"}],"about":[{"href":"https:\/\/www.diarioimagen.net\/index.php?rest_route=\/wp\/v2\/types\/post"}],"author":[{"embeddable":true,"href":"https:\/\/www.diarioimagen.net\/index.php?rest_route=\/wp\/v2\/users\/3"}],"replies":[{"embeddable":true,"href":"https:\/\/www.diarioimagen.net\/index.php?rest_route=%2Fwp%2Fv2%2Fcomments&post=137298"}],"version-history":[{"count":0,"href":"https:\/\/www.diarioimagen.net\/index.php?rest_route=\/wp\/v2\/posts\/137298\/revisions"}],"wp:featuredmedia":[{"embeddable":true,"href":"https:\/\/www.diarioimagen.net\/index.php?rest_route=\/wp\/v2\/media\/137398"}],"wp:attachment":[{"href":"https:\/\/www.diarioimagen.net\/index.php?rest_route=%2Fwp%2Fv2%2Fmedia&parent=137298"}],"wp:term":[{"taxonomy":"category","embeddable":true,"href":"https:\/\/www.diarioimagen.net\/index.php?rest_route=%2Fwp%2Fv2%2Fcategories&post=137298"},{"taxonomy":"post_tag","embeddable":true,"href":"https:\/\/www.diarioimagen.net\/index.php?rest_route=%2Fwp%2Fv2%2Ftags&post=137298"}],"curies":[{"name":"wp","href":"https:\/\/api.w.org\/{rel}","templated":true}]}}