{"id":137418,"date":"2013-06-25T00:07:35","date_gmt":"2013-06-25T05:07:35","guid":{"rendered":"http:\/\/www.diarioimagen.net\/?p=137418"},"modified":"2013-06-26T02:24:00","modified_gmt":"2013-06-26T07:24:00","slug":"el-pacto-debe-ser-una-institucion-del-estado-beltrones","status":"publish","type":"post","link":"https:\/\/www.diarioimagen.net\/?p=137418","title":{"rendered":"El Pacto debe ser una instituci\u00f3n del Estado: Beltrones"},"content":{"rendered":"<h2>Tras la puerta del poder<\/h2>\n<h5>Roberto Vizca\u00edno<\/h5>\n<p>&nbsp;<\/p>\n<ul>\n<li><em><strong>El sonorense advirti\u00f3 que la reforma hacendaria buscar\u00e1 mayor equidad y evitar estallidos sociales\u00a0<\/strong><\/em><\/li>\n<li><em><strong>Entrampados en su jaloneo, corderistas y maderistas siguen cada uno en la destrucci\u00f3n de los otros\u00a0<\/strong><\/em><\/li>\n<li><em><strong>El dirigente nacional del PRI pide a candidatos y militantes fortalecer la lucha contra la pobreza y la desigualdad\u00a0<\/strong><\/em><\/li>\n<\/ul>\n<div id=\"attachment_137481\" style=\"width: 250px\" class=\"wp-caption alignleft\"><a href=\"http:\/\/www.diarioimagen.net\/wp-content\/uploads\/2013\/06\/SE-REPRODUCEN-trizas-2127.jpg\"><img loading=\"lazy\" decoding=\"async\" aria-describedby=\"caption-attachment-137481\" class=\"size-medium wp-image-137481\" alt=\"Se reproducen... | Trizas\" src=\"http:\/\/www.diarioimagen.net\/wp-content\/uploads\/2013\/06\/SE-REPRODUCEN-trizas-2127-240x198.jpg\" width=\"240\" height=\"198\" srcset=\"https:\/\/www.diarioimagen.net\/wp-content\/uploads\/2013\/06\/SE-REPRODUCEN-trizas-2127-240x198.jpg 240w, https:\/\/www.diarioimagen.net\/wp-content\/uploads\/2013\/06\/SE-REPRODUCEN-trizas-2127-420x346.jpg 420w, https:\/\/www.diarioimagen.net\/wp-content\/uploads\/2013\/06\/SE-REPRODUCEN-trizas-2127.jpg 700w\" sizes=\"auto, (max-width: 240px) 100vw, 240px\" \/><\/a><p id=\"caption-attachment-137481\" class=\"wp-caption-text\">Se reproducen&#8230; | Trizas<\/p><\/div>\n<p>Reconocido por su larga batalla para modernizar al Estado mexicano, el coordinador de los diputados federales del PRI, el sonorense Manlio Fabio Beltrones, adelant\u00f3 ayer que el Pacto por M\u00e9xico debe ser una instituci\u00f3n del Estado.<\/p>\n<p>Esta posibilidad surge de que, los beneficios resultantes de ese pacto, dijo, no deben estar sujetos a los condicionamientos y caprichos circunstanciales o electorales de los l\u00edderes pol\u00edticos y partidarios.<\/p>\n<p>Esto se podr\u00eda lograr mediante una nueva reforma al r\u00e9gimen pol\u00edtico, lo que dar\u00eda permanencia y legalidad a este mecanismo de concertaci\u00f3n de las fuerzas pol\u00edticas y gubernamentales existente en M\u00e9xico, agreg\u00f3.<\/p>\n<p>Beltrones, quien como l\u00edder de la tercera fuerza pol\u00edtica en el Senado de la Rep\u00fablica y luego de que el proceso presidencial de 2006 derivara casi en una confrontaci\u00f3n que estuvo a punto de provocar el rompimiento constitucional, encontr\u00f3 la forma de sentar a todas las partes en pugna dentro de la mesa de la reforma del Estado, y as\u00ed darle viabilidad al sistema pol\u00edtico, advierte que las perspectivas del Pacto por M\u00e9xico bien valen su institucionalizaci\u00f3n.<\/p>\n<p>Por su naturaleza, explic\u00f3, \u201cel Pacto por M\u00e9xico ha demostrado su utilidad para el pa\u00eds al destrabar varios temas que estuvieron atorados por d\u00e9cadas,\u00a0 y por tanto, no puede estar sujeto al capricho o estado de \u00e1nimo de un partido o dirigente cuando no le vaya bien en alg\u00fan proceso electoral.<\/p>\n<p>\u201cSuceda lo que suceda &#8211;agreg\u00f3&#8211;, el 7 de julio, como en cualquier democracia, ganemos unos o perdamos otros, necesariamente tenemos que voltear a ver su institucionalizaci\u00f3n\u201d, insisti\u00f3.<\/p>\n<p>Consider\u00f3 que pese a que el Pacto ha resultado ser una magn\u00edfica idea, \u201cno puede tampoco de ninguna manera convertirse en la instituci\u00f3n m\u00e1s importante o deseada\u2026 esa la tenemos que construir todos\u201d.<\/p>\n<p>Y agreg\u00f3:<\/p>\n<p>\u201cBuscaremos una reforma al r\u00e9gimen de gobierno, para que \u00e9ste no dependa del capricho, de la hormona, del momento pol\u00edtico, de si interact\u00faan en beneficio de M\u00e9xico o no, sino que sea una instituci\u00f3n que estimule y genere ambientes para los grandes acuerdos\u201d, precis\u00f3.<\/p>\n<p>Reconoci\u00f3 que hay legisladores de diversas fuerzas tanto en el Senado como en la C\u00e1mara de Diputados que no piensan lo mismo del Pacto y que por el contrario lo cuestionan y descalifican.<\/p>\n<p>Sin embargo consider\u00f3 que en mucho estas cr\u00edticas surgen de divergencias internas en los partidos, y que entonces m\u00e1s que cuestionar al Pacto y sus resultados, lo que atacan es a sus dirigentes, pero como no se atreven a hacerlo de frente, entonces toman como pretexto al Pacto.<\/p>\n<p>\u201cEl Pacto est\u00e1 siendo muy bien valorado por la poblaci\u00f3n y si ellos son lo suficientemente inteligentes entender\u00e1n que la mayor\u00eda de los mexicanos apreciamos su valor\u201d, coment\u00f3.<\/p>\n<p>Record\u00f3 que de ah\u00ed surgi\u00f3 la reforma educativa y luego las de telecomunicaciones y competitividad. De alguna forma dentro de este ambiente se aprob\u00f3 tambi\u00e9n la laboral que fue propuesta por el presidente anterior.<\/p>\n<p align=\"center\"><b>\u00a1CUIDADO CON UN ESTALLIDO SOCIAL!<\/b><\/p>\n<p>\u201cHoy gracias a eso tenemos previsto realizar dos per\u00edodos extraordinarios para cumplir con un pacto entre las fuerzas pol\u00edticas y as\u00ed resolver las leyes secundarias de estas reformas constitucionales que ya hemos realizado\u201d, explic\u00f3.<\/p>\n<p>Junto con eso, dijo Beltrones, est\u00e1 por llegar al Congreso la iniciativa de una reforma energ\u00e9tica, que de ninguna manera pretende vender o privatizar a Petr\u00f3leos Mexicanos\u2026 No, Pemex no se vende, no se privatiza, lo que estamos buscando es darle m\u00e1s velocidad a la modernizaci\u00f3n\u201d, subray\u00f3.<\/p>\n<p>En forma adicional tambi\u00e9n vendr\u00e1, dijo, una iniciativa de reforma hacendaria que pretende acabar con los privilegios fiscales y hacer que paguen m\u00e1s quienes ganan m\u00e1s y que se proteja a quienes ganan menos.<\/p>\n<p>Indic\u00f3 que en un pa\u00eds donde hay tanta desigualdad y pobreza como lo es M\u00e9xico, \u201cno se puede igualar a los desiguales\u201d.<\/p>\n<p>Y concluy\u00f3:<\/p>\n<p><b>\u201cCada quien debe poner algo para evitar un estallido social<\/b>\u2026 por eso las reformas, y por eso la claridad con la que tenemos que hablar. Quien gana m\u00e1s, debe pagar m\u00e1s, y quien gana menos, menos\u201d, insisti\u00f3.<\/p>\n<p align=\"center\"><b>EL <em>AQUIMICHU<\/em>\u00a0<\/b><b>DOMINA AL PAN<\/b><\/p>\n<p>Entrampados en su propio laberinto de intereses trans-sexenales y de pasiones de poder, las tribus panistas y sus jefes m\u00e1ximos caen dentro del esquema del<b> aquimichu<\/b> donde por un pasito pa\u00b4delante dan dos pasitos pa\u2019tr\u00e1s.<\/p>\n<p>Por un lado Ernesto Cordero &#8211;fiel escudero del ex presidente Felipe Calder\u00f3n y cabeza de la corriente de \u00e9ste dentro del blanquiazul&#8211;, se ha lanzado a una guerra abierta contra la dirigencia de Acci\u00f3n Nacional, especialmente contra Gustavo Madero y por el otro el chihuahuense y los suyos resisten teniendo de apoyo el control de la dirigencia nacional de este partido.<\/p>\n<p>Al margen de esta contienda, los viejos panistas ven c\u00f3mo su partido se perrediza y se deteriora frente a sus bases militantes.<\/p>\n<p>En este contexto el conflicto entre los 23 senadores dirigidos por Ernesto Cordero y los 15 encabezados por Jorge Luis Preciado entra en su sexta semana de confrontaciones.<\/p>\n<p>El balance es uno: la ruptura no tiene remedio y la guerra es a muerte &#8211;pol\u00edtica y partidaria&#8211; entre los dos frentes. En diciembre se ver\u00e1 quien gan\u00f3, cuando por primera vez en el PAN sus militantes, en votaci\u00f3n abierta en todo el pa\u00eds, decidan qui\u00e9n es el nuevo dirigente nacional de este partido.<\/p>\n<p>Mientras tanto, un d\u00eda unos les picar\u00e1n los ojos a los otros para que, al d\u00eda siguiente, \u00e9stos les roben la bolsa de los millones del Senado a los otros. El aquimich\u00fa en todo su esplendor panista.<\/p>\n<p align=\"center\"><b>LEALTAD POR LEALTAD<\/b><\/p>\n<p>Inmerso en una movilidad que pretende no dejar sin visitar ninguno de los 14 estados en elecci\u00f3n, el dirigente nacional del PRI, el doctor C\u00e9sar Camacho Quiroz estuvo ayer en Tamaulipas donde les reiter\u00f3 a sus candidatos y militantes que M\u00e9xico vive hoy la m\u00e1s importante de sus batallas: la de abatir pobreza e inequidad.<\/p>\n<p>Y esta contienda es la que mueve hoy a este partido y a sus aspirantes a alcaldes y diputados porque la <b>democracia social que hoy se busca, dijo<\/b>, \u201ces la que tiene que ver con la mejor\u00eda de las personas, con que la gente gane m\u00e1s, con que tenga empleo, con que los ni\u00f1os y j\u00f3venes tengan oportunidades de educaci\u00f3n, con eso nos comprometemos y les damos la cara.<\/p>\n<p>\u201cY si ustedes y yo dijimos que s\u00ed somos capaces de transformar a M\u00e9xico, si ya quedamos que nos la vamos a jugar con un proyecto transformador del pa\u00eds, tenemos que echar a andar el instrumento ciudadano m\u00e1s eficaz, se llama voto, y es la expresi\u00f3n libre de los\u00a0 hombres y las mujeres que creen en la democracia\u201d, subray\u00f3.<\/p>\n<p>Camacho indic\u00f3 que lo que mueve hoy al pri\u00edsmo no esa democracia mal entendida que s\u00f3lo busca que le vaya bien a los pol\u00edticos y a los partidos.<\/p>\n<p>\u201cNo se trata de eso\u201d, precis\u00f3. \u201cNo\u2026 no se trata de eso, se trata de alcanzar el triunfo, pero no de ese triunfo que ni siquiera se saborea porque alguien nos lo regal\u00f3\u2026<\/p>\n<p>\u201c\u00a1No!, se trata del triunfo producto del trabajo, de la organizaci\u00f3n, de los candidatos comprometidos, de las buenas propuestas, de la pol\u00edtica que se hace de la mejor manera, de la que se hace con el coraz\u00f3n, \u00e9sa que tiene el rostro de los ni\u00f1os y los j\u00f3venes que esperan oportunidades y nada m\u00e1s no las ven venir.<\/p>\n<p>\u201cNosotros se las queremos deber, dennos una oportunidad, porque <b>lealtad con lealtad se paga\u201d<\/b>, subray\u00f3.<\/p>\n<p align=\"center\"><b>EL DF ES Y SER\u00c1 LIBRE<\/b><\/p>\n<p>Miguel \u00c1ngel Mancera sentenci\u00f3:<\/p>\n<p>\u201cLa ciudad de M\u00e9xico es y seguir\u00e1 siendo el centro de las libertades, una posici\u00f3n territorial, pol\u00edtica y estrat\u00e9gica donde las libertades est\u00e1n y seguir\u00e1n presentes\u201d.<\/p>\n<p>Dijo que su administraci\u00f3n no tolerar\u00e1 la homofobia, la lesbofobia, la transfobia y todo aquello que signifique desigualdad. Aqu\u00ed tampoco se habla de represi\u00f3n porque tenemos muy claro el respeto a la igualdad y a las libertades, insisti\u00f3.<\/p>\n<p>Mancera se pronunci\u00f3 sobre todo esto al asistir al cuarto informe de actividades del presidente de la Comisi\u00f3n de Derechos Humanos del D F, Luis Gonz\u00e1lez Plascencia.<\/p>\n<p><em><a href=\"mailto:rvizcaino@gmail.com\" target=\"_blank\">rvizcaino@gmail.com<\/a><\/em><\/p>\n","protected":false},"excerpt":{"rendered":"<p><span style=\"color: #005497;\"><strong>Roberto Vizca\u00edno<\/strong><\/span><\/p>\n","protected":false},"author":3,"featured_media":137481,"comment_status":"open","ping_status":"open","sticky":false,"template":"","format":"standard","meta":{"_monsterinsights_skip_tracking":false,"_monsterinsights_sitenote_active":false,"_monsterinsights_sitenote_note":"","_monsterinsights_sitenote_category":0,"footnotes":""},"categories":[136],"tags":[2608,8606,43674,362,93,94],"class_list":["post-137418","post","type-post","status-publish","format-standard","has-post-thumbnail","hentry","category-roberto-vizcaino-opinion","tag-estado-mexicano","tag-manlio-fabio-beltrones-rivera","tag-opinion","tag-pri","tag-roberto-vizcaino","tag-tras-la-puerta-del-poder"],"_links":{"self":[{"href":"https:\/\/www.diarioimagen.net\/index.php?rest_route=\/wp\/v2\/posts\/137418","targetHints":{"allow":["GET"]}}],"collection":[{"href":"https:\/\/www.diarioimagen.net\/index.php?rest_route=\/wp\/v2\/posts"}],"about":[{"href":"https:\/\/www.diarioimagen.net\/index.php?rest_route=\/wp\/v2\/types\/post"}],"author":[{"embeddable":true,"href":"https:\/\/www.diarioimagen.net\/index.php?rest_route=\/wp\/v2\/users\/3"}],"replies":[{"embeddable":true,"href":"https:\/\/www.diarioimagen.net\/index.php?rest_route=%2Fwp%2Fv2%2Fcomments&post=137418"}],"version-history":[{"count":0,"href":"https:\/\/www.diarioimagen.net\/index.php?rest_route=\/wp\/v2\/posts\/137418\/revisions"}],"wp:featuredmedia":[{"embeddable":true,"href":"https:\/\/www.diarioimagen.net\/index.php?rest_route=\/wp\/v2\/media\/137481"}],"wp:attachment":[{"href":"https:\/\/www.diarioimagen.net\/index.php?rest_route=%2Fwp%2Fv2%2Fmedia&parent=137418"}],"wp:term":[{"taxonomy":"category","embeddable":true,"href":"https:\/\/www.diarioimagen.net\/index.php?rest_route=%2Fwp%2Fv2%2Fcategories&post=137418"},{"taxonomy":"post_tag","embeddable":true,"href":"https:\/\/www.diarioimagen.net\/index.php?rest_route=%2Fwp%2Fv2%2Ftags&post=137418"}],"curies":[{"name":"wp","href":"https:\/\/api.w.org\/{rel}","templated":true}]}}