{"id":137424,"date":"2013-06-25T00:06:26","date_gmt":"2013-06-25T05:06:26","guid":{"rendered":"http:\/\/www.diarioimagen.net\/?p=137424"},"modified":"2013-06-25T02:50:15","modified_gmt":"2013-06-25T07:50:15","slug":"caballazos-veracruzanos","status":"publish","type":"post","link":"https:\/\/www.diarioimagen.net\/?p=137424","title":{"rendered":"Caballazos veracruzanos"},"content":{"rendered":"<h2>\u00cdndice pol\u00edtico<\/h2>\n<h5>Francisco Rodr\u00edguez<\/h5>\n<p><span><br \/>\nSon epop\u00e9yicos y generalmente fallidos, los lances en los que Miguel \u00c1ngel Yunes Linares ataca a Fidel Herrera Beltr\u00e1n. Perdedor en todas sus aventuras electorales \u2014no as\u00ed las econ\u00f3micas\u2014, el primero parece no tolerar que el segundo siempre haya conquistado todo aquello que se propone: la gubernatura de Veracruz, por ejemplo.<\/span><\/p>\n<p>Uno m\u00e1s de esos lances de Yunes en contra de Herrera se dio la semana anterior en un espacio concesionado a uno de los socios que el ex director general del ISSSTE y, para el caso, ex funcionario de Aeropuertos y Servicios Auxiliares. Ah\u00ed se intent\u00f3, una vez m\u00e1s, ligar al ex mandatario veracruzano con Francisco \u201cPancho\u201d Colorado, propietario de la empresa ADT Petroservicios, actualmente preso en los Estados Unidos, acusado de lavado de dinero del narcotr\u00e1fico.<\/p>\n<p>Una primera ocasi\u00f3n se dio al publicarse una fotograf\u00eda donde se muestra a Herrera al lado de Colorado, ambos cual jinetes, en una cabalgata con ganaderos del norte de la entidad. Lo que por supuesto no dice la imagen, es que Colorado irrumpi\u00f3 abruptamente y se acerc\u00f3 al entonces gobernador para hacerle un reclamo por la cancelaci\u00f3n de contratos con Pemex \u2014incumplimientos de seguridad ambiental y contrarios a los lineamientos de seguridad civil\u2014 que Herrera Beltr\u00e1n promov\u00eda ante Pemex, encabezada en esas fechas por Luis Ram\u00edrez Corzo.<\/p>\n<p>El m\u00e1s reciente lance de Yunes en contra de Herrera, el de la semana pasada, se bas\u00f3 en el hecho, cierto adem\u00e1s, de que el gobierno veracruzano (2004-2010) contrat\u00f3 con la empresa de Colorado la construcci\u00f3n de pozos agr\u00edcolas en la entidad. Y por tal, se dijo en la emisi\u00f3n radiof\u00f3nica, habr\u00eda v\u00ednculos entre Herrera y Colorado, cuando los que en realidad se han comprobado son los que Yunes Linares s\u00ed mantuvo con el propietario de ADT Petroservicios \u2014el uso del jet privado, recursos, entre otros apoyos\u2014 y con uno de los hermanos de \u00e9ste, a quien incluso apuntal\u00f3 en sus pretensiones pol\u00edticas, al postularlo como candidato panista a una diputaci\u00f3n.<\/p>\n<p>Yunes, se ve, trata de deslindarse. Pero adem\u00e1s, intenta vincular a Herrera con el procesado por lavado de dinero, cuando es \u00e9l quien ha mantenido v\u00ednculos con el personaje. La deslealtad, pues, es otro de los atributos del ex pri\u00edsta y ahora neopanista.<\/p>\n<p align=\"center\"><b>LO BENEFICI\u00d3 BUENO TORIO<\/b><\/p>\n<p>La real historia se remonta a enero del 2005, cuando el ducto de Pemex Cactus-Villahermosa hizo explosi\u00f3n en varios tramos cerca de Nanchital, Veracruz, ocasionando un derrame de gran magnitud. Por la gravedad de lo sucedido y ante la demanda de la poblaci\u00f3n de los alrededores, el gobierno de Herrera Beltr\u00e1n pidi\u00f3 al entonces presidente Vicente Fox que interviniera en la reparaci\u00f3n del da\u00f1o. En su tiempo, el entonces director general de Pemex Refinaci\u00f3n, Juan Bueno Torio, fue enviado para que se atendiera el caso.<\/p>\n<p>Fue en ese momento que la empresa de Francisco Colorado, ADT Petroservicios, entra a la escena veracruzana, ya que es enviada a reparar los da\u00f1os de la explosi\u00f3n. Y fue el veracruzano Bueno Torio quien otorga a esa empresa el trabajo por miles de millones de pesos.<\/p>\n<p>Sin embargo, los da\u00f1os causados por la explosi\u00f3n y la mala ejecuci\u00f3n de obra de ADT en las reparaciones, ocasionaron graves da\u00f1os a pozos hidr\u00e1ulicos durante 2005 y 2006, provocando otro levantamiento ciudadano en demanda de la reparaci\u00f3n de sus pozos.<\/p>\n<p>Tales pozos, motivo del reportaje radiof\u00f3nico de la semana anterior, tienen costos menores al mill\u00f3n y medio de pesos y derivan de los trabajos de remediaci\u00f3n que realiz\u00f3 el estado por los derrames de hidrocarburo en Nanchital. Y vale reiterar, es Pemex Refinaci\u00f3n la que designa a la empresa ADT Petroservicios para hacer la remediaci\u00f3n, la cual no se llev\u00f3 a cabo a satisfacci\u00f3n: ni de los afectados ni del gobierno de Veracruz.<\/p>\n<p>Tal consta en una carta \u2014en mi poder\u2014 enviada a Pemex por Ranulfo M\u00e1rquez Hern\u00e1ndez, a la saz\u00f3n subsecretario de Protecci\u00f3n Civil de esa administraci\u00f3n, y a nombre del gobernador Fidel Herrera, se reclama la responsabilidad de la empresa; el proceso de denuncia sigui\u00f3 hasta la cancelaci\u00f3n del contrato.<\/p>\n<p>Y fue entonces cuando se dio \u201cel caballazo\u201d. La aparici\u00f3n de Colorado junto a Herrera. El reclamo de uno. La negativa del otro de llegar a un acuerdo si no se hac\u00edan los trabajos como estaba estipulado.<\/p>\n<p>Acto seguido, el gobierno veracruzano oblig\u00f3 a que esos pozos y otros m\u00e1s que pudieran haber sido da\u00f1ados se repusieran. Y Pemex, en los t\u00e9rminos del acuerdo institucional, dio el recurso econ\u00f3mico al gobierno estatal que licit\u00f3. El concurso de licitaci\u00f3n la gana la empresa ADT Petroservicios, que estaba haciendo las remediaciones y por lo tanto ten\u00eda ah\u00ed mismo la maquinaria, por lo que sus precios fueron los m\u00e1s bajos. Sin embargo, se trat\u00f3 de obras muy menores por el orden cercano a los 22 millones de pesos.<\/p>\n<p>Poco representativos 22 millones, cuando el total de inversi\u00f3n durante el gobierno de Fidel Herrera Beltr\u00e1n, tan s\u00f3lo en el rubro de infraestructura hidroagr\u00edcola en perforaci\u00f3n de pozos, electrificaci\u00f3n y tecnificaci\u00f3n con sistemas de riego super\u00f3 los mil 100 millones de pesos.<\/p>\n<p>Pero eso no es lo importante para Yunes Linares. De lo que se trata, para \u00e9l, es seguir dando caballazos a Herrera. Epop\u00e9yico\u2026 y fallido. \u00bfO no?<\/p>\n<p><b><i>\u00cdndice Flam\u00edgero:<\/i><\/b> Report\u00f3 ayer el peri\u00f3dico jarocho Notiver: \u201cNo, hay ninguna posibilidad. Tenemos un gobernador del estado (Javier Duarte de Ochoa) que estar\u00e1 cumpliendo hasta el 2016 y en ese \u00e1nimo tiene presencia, liderazgo, estabilidad y estaremos acompa\u00f1\u00e1ndolo los cuatro a\u00f1os restantes en reconocimiento a su esfuerzo, a su prestancia y a su lugar\u201d, dijo el senador veracruzano, Jos\u00e9 Francisco Yunes Zorrilla, respecto al rumor de que al t\u00e9rmino de la elecci\u00f3n podr\u00eda haber relevo en el gobierno estatal. Yunes Zorrilla, por cierto, es prospecto a suceder a Duarte de Ochoa. Pero hasta el 2016.<\/p>\n<p><em><a href=\"http:\/\/www.indicepolitico.com\/\" target=\"_blank\"><em>www.indicepolitico.com<\/em><\/a><br \/>\n<\/em><em><a href=\"mailto:pacorodriguez@journalist.com\" target=\"_blank\">pacorodriguez@journalist.com<\/a><\/em><\/p>\n","protected":false},"excerpt":{"rendered":"<p><span style=\"color: #005497;\"><strong>Francisco Rodr\u00edguez<\/strong><\/span><\/p>\n","protected":false},"author":3,"featured_media":0,"comment_status":"open","ping_status":"open","sticky":false,"template":"","format":"standard","meta":{"_monsterinsights_skip_tracking":false,"_monsterinsights_sitenote_active":false,"_monsterinsights_sitenote_note":"","_monsterinsights_sitenote_category":0,"footnotes":""},"categories":[549],"tags":[43689,550,952,904,43674],"class_list":["post-137424","post","type-post","status-publish","format-standard","hentry","category-francisco-rodriguez","tag-francisco-rodriguez","tag-indice-politico","tag-issste","tag-miguel-angel-yunes-linares","tag-opinion"],"_links":{"self":[{"href":"https:\/\/www.diarioimagen.net\/index.php?rest_route=\/wp\/v2\/posts\/137424","targetHints":{"allow":["GET"]}}],"collection":[{"href":"https:\/\/www.diarioimagen.net\/index.php?rest_route=\/wp\/v2\/posts"}],"about":[{"href":"https:\/\/www.diarioimagen.net\/index.php?rest_route=\/wp\/v2\/types\/post"}],"author":[{"embeddable":true,"href":"https:\/\/www.diarioimagen.net\/index.php?rest_route=\/wp\/v2\/users\/3"}],"replies":[{"embeddable":true,"href":"https:\/\/www.diarioimagen.net\/index.php?rest_route=%2Fwp%2Fv2%2Fcomments&post=137424"}],"version-history":[{"count":0,"href":"https:\/\/www.diarioimagen.net\/index.php?rest_route=\/wp\/v2\/posts\/137424\/revisions"}],"wp:attachment":[{"href":"https:\/\/www.diarioimagen.net\/index.php?rest_route=%2Fwp%2Fv2%2Fmedia&parent=137424"}],"wp:term":[{"taxonomy":"category","embeddable":true,"href":"https:\/\/www.diarioimagen.net\/index.php?rest_route=%2Fwp%2Fv2%2Fcategories&post=137424"},{"taxonomy":"post_tag","embeddable":true,"href":"https:\/\/www.diarioimagen.net\/index.php?rest_route=%2Fwp%2Fv2%2Ftags&post=137424"}],"curies":[{"name":"wp","href":"https:\/\/api.w.org\/{rel}","templated":true}]}}