{"id":137428,"date":"2013-06-25T00:05:53","date_gmt":"2013-06-25T05:05:53","guid":{"rendered":"http:\/\/www.diarioimagen.net\/?p=137428"},"modified":"2013-06-25T02:50:23","modified_gmt":"2013-06-25T07:50:23","slug":"van-contra-granier","status":"publish","type":"post","link":"https:\/\/www.diarioimagen.net\/?p=137428","title":{"rendered":"Van contra Granier"},"content":{"rendered":"<h2>De frente y de perfil<\/h2>\n<h5>Ram\u00f3n Zurita Sahag\u00fan<\/h5>\n<p><span><br \/>\nAhora s\u00ed, se convirti\u00f3 en realidad lo que era una demanda de autoridades y ciudadan\u00eda de Tabasco, actuar legalmente en contra del ex gobernador Andr\u00e9s Granier.<\/span><\/p>\n<p>El afamado \u201cQu\u00edmico\u201d o \u201cChelo\u201d, como se le conoce en Tabasco, fue obsequiado por parte de un juez federal con dos \u00f3rdenes de aprehensi\u00f3n. La primera, acusado de operaciones con recursos de procedencia il\u00edcita, y la segunda por defraudaci\u00f3n fiscal.<\/p>\n<p>Se ve\u00eda venir dicha posibilidad, ante las cada vez m\u00e1s contundentes pruebas que aparecen sobre el ejercicio gubernamental del ex gobernador de Tabasco.<\/p>\n<p>De nada parecen haber servido las artima\u00f1as del despacho de abogados que encabeza Eduardo Luengo Creel, en su defensa del ex gobernador de Tabasco, Andr\u00e9s Rafael Granier Melo.<\/p>\n<p>El ex mandatario, quien se encuentra en el Hospital \u00c1ngeles del Pedregal, fue notificado por elementos de la Polic\u00eda Federal Ministerial de la Procuradur\u00eda General de la Rep\u00fablica (PGR) y en las pr\u00f3ximas horas se definir\u00e1 d\u00f3nde deber\u00e1 permanecer, si en el nosocomio o en una prisi\u00f3n.<\/p>\n<p>Hasta ahora, Granier Melo amortiguaba una orden de arraigo de 30 d\u00edas en el hospital en el que fue internado, cuando su abogado notific\u00f3 que sufr\u00eda de males card\u00edacos y ser\u00eda objeto de un cateterismo.<\/p>\n<p>De esa forma, el ex gobernador de Tabasco pudo eludir comparecer ante el Ministerio P\u00fablico que lo hab\u00eda citado en Villahermosa y rindi\u00f3 su declaraci\u00f3n v\u00eda tel\u00e9grafo.<\/p>\n<p>En Tabasco es un secreto a voces que desde el gobierno de Granier Melo se saquearon las finanzas del estado y que el endeudamiento gubernamental proviene del mal manejo de los recursos.<\/p>\n<p>Pero tambi\u00e9n corren versiones sobre el aprovechamiento de contratos por parte de amigos, compadres y familiares del ex gobernador, siendo algunos de ellos investigados por la autoridad.<\/p>\n<p>Durante la administraci\u00f3n sexenal de Granier Melo se vivi\u00f3 una de las peores \u00e9pocas de Tabasco, donde la entidad fue v\u00edctima de una serie de fen\u00f3menos naturales que provocaron inundaciones al por mayor, pero al mismo tiempo de un gobierno corrupto que se distrajo en cosas ajenas al ejercicio p\u00fablico.<\/p>\n<p>Las noticias alarmantes sobre el descuido gubernamental, el desaseo en las finanzas p\u00fablicas, los abusos y la frivolidad, sal\u00edan del entorno tabasque\u00f1o, sin que nadie pusiera freno al descontrol.<\/p>\n<p>El colmo fue cuando se supo que los hospitales quedaron sin abastecimiento de ninguna clase, ya que escasearon medicamentos y alimentos, mientras se conoc\u00edan los excesos del gobernante y su familia.<\/p>\n<p>Las extravagancias de su hijo Fabi\u00e1n, las abultadas cuentas bancarias de una de sus hijas, el presumido guardarropa del propio ex gobernante, vinieron a confirmar en Tabasco se burl\u00f3 al pueblo, en beneficio de unos cuantos.<\/p>\n<p>El colmo fue cuando se buscaron los documentos comprobantes de los gastos del gobierno estatal y se puso como excusa que fueron robados los originales.<\/p>\n<p>Con todo y ello, la s\u00fabita aparici\u00f3n de cerca de 90 millones de pesos, almacenados en una propiedad de la secretaria del titular de Finanzas de esa administraci\u00f3n, confirm\u00f3 el tufo a corrupci\u00f3n y saqueo del erario p\u00fablico.<\/p>\n<p>La detenci\u00f3n del ex secretario de Finanzas, Jos\u00e9 Manuel S\u00e1iz Pineda y las declaraciones de los ex secretarios de Seguridad P\u00fablica y de la Contralor\u00eda, han venido a despejar un poco el panorama, d\u00e1ndole argumentos a un juez federal para dictar dos \u00f3rdenes de aprehensi\u00f3n en contra del convaleciente ex gobernador tabasque\u00f1o. Poco antes de la actuaci\u00f3n del juez federal, el abogado defensor Eduardo Luengo Creel hab\u00eda pedido se levantara el arraigo dictado en contra de Granier Melo, aunque las autoridades de la PGR hab\u00edan pedido un informe m\u00e9dico sobre el estado de salud del ex gobernante.<\/p>\n<p>Ahora, solamente queda esperar para saber cu\u00e1l es el futuro del \u201cQu\u00edmico\u201d y si se cumple la visi\u00f3n del gobernador Arturo N\u00fa\u00f1ez Jim\u00e9nez, que vislumbra desde hace mucho en la c\u00e1rcel a su antecesor.<\/p>\n<p align=\"center\"><b>LA B\u00daSQUEDA DE MARCELO<\/b><\/p>\n<p>Qu\u00e9 extra\u00f1os son los pol\u00edticos. Cuando Marcelo Ebrard era un poderoso jefe de gobierno del Distrito Federal, se neg\u00f3 una y otra vez a participar en diferentes eventos a los que acudir\u00eda el Presidente de la Rep\u00fablica.<\/p>\n<p>Evad\u00eda a Felipe Calder\u00f3n y rehu\u00eda cualquier tipo de contacto con el Ejecutivo federal, ante el temor de una foto comprometedora que le restara posibilidades de contender por la candidatura presidencial de la izquierda.<\/p>\n<p>Cuando se frustraron sus planes de la candidatura presidencial, entonces ya decidi\u00f3 asistir a alguna reuni\u00f3n en la que estuviera el presidente Calder\u00f3n Hinojosa.<\/p>\n<p>Hoy, que son pocos los que recuerdan de Marcelo y tienen como figuras centrales de la izquierda al pol\u00e9mico Jes\u00fas Zambrano y al jefe de gobierno del Distrito Federal, Miguel \u00c1ngel Mancera, Ebrard salta a los reflectores pidiendo un debate con el presidente Pe\u00f1a Nieto.<\/p>\n<p>Pero al mismo tiempo, Marcelo inici\u00f3 una ofensiva contra la dirigencia nacional de su partido que encabezan sus antiguos aliados \u201cLos Chuchos\u201d,\u00a0 respecto a la pretensi\u00f3n de una reforma energ\u00e9tica.<\/p>\n<p>Marcelo se ve desorientado, sin rumbo y buscando alguna rendija por la que pudiera colarse a una discusi\u00f3n p\u00fablica, en la que no parece tener cabida. Si hace dos a\u00f1os Marcelo luc\u00eda como un robusto aspirante presidencial, hoy se ve alejado de la posibilidad, con todo y los esfuerzos que realiza para meterse a una disputa anticipada.<\/p>\n<p align=\"center\"><b>MANCERA, EN BC<\/b><\/p>\n<p>\u00a0Finalmente, despu\u00e9s de posponer varias ocasiones su traslado a Baja California, Miguel \u00c1ngel Mancera hizo presencia en la campa\u00f1a del candidato a gobernador por parte de la alianza concertada entre Acci\u00f3n Nacional, el Partido de la Revoluci\u00f3n Democr\u00e1tica y Nueva Alianza, Francisco (\u201cKiko\u201d) Vega.<\/p>\n<p>Mancera, que no guarda filiaci\u00f3n partidista, dilat\u00f3 su respaldo al candidato de militancia panista, aunque finalmente viaj\u00f3 a la pen\u00ednsula para externarle su apoyo en los momentos en que el blanquiazul se ve m\u00e1s vulnerable.<\/p>\n<p><em><a href=\"mailto:ramonzurita44@hotmail.com\" target=\"_blank\">ramonzurita44@hotmail.com<br \/>\n<\/a><a href=\"mailto:zurita_sahagun@hotmail.com\" target=\"_blank\">zurita_sahagun@hotmail.com<\/a><\/em><\/p>\n","protected":false},"excerpt":{"rendered":"<p><span style=\"color: #005497;\"><strong>Ram\u00f3n Zurita Sahag\u00fan<\/strong><\/span><\/p>\n","protected":false},"author":3,"featured_media":0,"comment_status":"open","ping_status":"open","sticky":false,"template":"","format":"standard","meta":{"_monsterinsights_skip_tracking":false,"_monsterinsights_sitenote_active":false,"_monsterinsights_sitenote_note":"","_monsterinsights_sitenote_category":0,"footnotes":""},"categories":[234],"tags":[9248,304,43674,43687,2268],"class_list":["post-137428","post","type-post","status-publish","format-standard","hentry","category-ramon-zurita-sahagun","tag-andres-rafael-granier-melo","tag-de-frente-y-de-perfil","tag-opinion","tag-ramon-zurita-sahagun","tag-tabasco"],"_links":{"self":[{"href":"https:\/\/www.diarioimagen.net\/index.php?rest_route=\/wp\/v2\/posts\/137428","targetHints":{"allow":["GET"]}}],"collection":[{"href":"https:\/\/www.diarioimagen.net\/index.php?rest_route=\/wp\/v2\/posts"}],"about":[{"href":"https:\/\/www.diarioimagen.net\/index.php?rest_route=\/wp\/v2\/types\/post"}],"author":[{"embeddable":true,"href":"https:\/\/www.diarioimagen.net\/index.php?rest_route=\/wp\/v2\/users\/3"}],"replies":[{"embeddable":true,"href":"https:\/\/www.diarioimagen.net\/index.php?rest_route=%2Fwp%2Fv2%2Fcomments&post=137428"}],"version-history":[{"count":0,"href":"https:\/\/www.diarioimagen.net\/index.php?rest_route=\/wp\/v2\/posts\/137428\/revisions"}],"wp:attachment":[{"href":"https:\/\/www.diarioimagen.net\/index.php?rest_route=%2Fwp%2Fv2%2Fmedia&parent=137428"}],"wp:term":[{"taxonomy":"category","embeddable":true,"href":"https:\/\/www.diarioimagen.net\/index.php?rest_route=%2Fwp%2Fv2%2Fcategories&post=137428"},{"taxonomy":"post_tag","embeddable":true,"href":"https:\/\/www.diarioimagen.net\/index.php?rest_route=%2Fwp%2Fv2%2Ftags&post=137428"}],"curies":[{"name":"wp","href":"https:\/\/api.w.org\/{rel}","templated":true}]}}