{"id":137444,"date":"2013-06-25T00:02:21","date_gmt":"2013-06-25T05:02:21","guid":{"rendered":"http:\/\/www.diarioimagen.net\/?p=137444"},"modified":"2013-06-26T03:07:21","modified_gmt":"2013-06-26T08:07:21","slug":"mas-hostilidad-desde-estados-unidos","status":"publish","type":"post","link":"https:\/\/www.diarioimagen.net\/?p=137444","title":{"rendered":"M\u00e1s hostilidad desde Estados Unidos"},"content":{"rendered":"<h2>Acta P\u00fablica<\/h2>\n<h5>Claudia Rodr\u00edguez<\/h5>\n<p><span><br \/>\nRespeto los puntos de vista y la defensa del territorio, soberan\u00eda y pol\u00edticas internas de cada naci\u00f3n, lo que no me hace l\u00f3gica es que M\u00e9xico ni \u201cp\u00edo\u201d diga ante la afectaci\u00f3n directa de las pol\u00edticas propias a causa de las enmiendas que hace de sus leyes en materia de pol\u00edtica migratoria nuestro vecino pa\u00eds del norte.<\/span><\/p>\n<p>Los mexicanos seguimos creyendo que en realidad los estadounidenses m\u00e1s que nuestros vecinos, pueden llegar a ser nuestros \u201camigous\u201d.\u00a0 En vecindad podemos conciliar, acordar, pero siempre defenderemos lo que por derecho es nuestro y en esa t\u00f3nica, la amistad pasa a segundo t\u00e9rmino.<\/p>\n<p>Ayer, alrededor de las tres de la tarde, en el Senado de los Estados Unidos, inici\u00f3 el debate en torno a implementar nuevas medidas para contener la migraci\u00f3n desde M\u00e9xico hacia nuestro vecino del norte.<\/p>\n<p>Las normas torales que est\u00e1n sobre la mesa de discusi\u00f3n para su posible aplicaci\u00f3n son: Duplicar el n\u00famero de agentes fronterizos para llegar a un total de entre 40 mil o 42 mil elementos diseminados a lo largo de la franja divisoria que colinda con M\u00e9xico \u2014lo que implica un agente fronterizo cuidando s\u00f3lo 60 kil\u00f3metros lineales o menos\u2014, construir m\u00e1s kil\u00f3metros de muros y vallas en la frontera para llegar hasta cercar poco menos de la mitad de la frontera.<\/p>\n<p>Pero no todo se basa en cuidar la frontera a la antig\u00fcita, tambi\u00e9n se proponen drones \u2014los famosos aviones no tripulados\u2014 y m\u00e1s armamento y tecnolog\u00eda dedicados a cubrir la frontera y evitar as\u00ed la internaci\u00f3n ilegal a suelo estadunidense.<\/p>\n<p>As\u00ed que pese a todas las promesas de los distintos gobiernos de los Estados Unidos de mitigar el endurecimiento de medidas para la mano de obra ilegal, en la pr\u00e1ctica esto no sucede.<\/p>\n<p>Entre tanto, aqu\u00ed en M\u00e9xico no se advierte ning\u00fan plan contingente ante la cada vez m\u00e1s cerrada e impenetrable frontera estadunidense para todos aquellos que en nuestro pa\u00eds no encuentran oportunidades de trabajo y de otro tipo tambi\u00e9n.<\/p>\n<p>Total, est\u00e1 m\u00e1s sabroso el chisme de pol\u00edticos contra pol\u00edticos o de las autoridades ineficaces.<\/p>\n<p><b><i>Acta Divina\u2026<\/i><\/b> Durante su primera visita a M\u00e9xico en los primeros meses de gobierno del presidente Enrique Pe\u00f1a Nieto, Barack Obama, mandatario estadounidense, advirti\u00f3 que es \u00e9ste el momento para que la reforma migratoria integral se materialice sin importar las excusas que se presenten.<\/p>\n<p><b><i>Para advertir\u2026<\/i><\/b>\u00a0 55 33 55 33 para reportar \u2014en su caso\u2014 lo que las autoridades del Distrito Federal no han podido hacer.<\/p>\n<p><em><a href=\"mailto:actapublica@gmail.com\" target=\"_blank\">actapublica@gmail.com<\/a><\/em><\/p>\n","protected":false},"excerpt":{"rendered":"<p><span style=\"color: #005497;\"><strong>Claudia Rodr\u00edguez<\/strong><\/span><\/p>\n","protected":false},"author":3,"featured_media":0,"comment_status":"open","ping_status":"open","sticky":false,"template":"","format":"standard","meta":{"_monsterinsights_skip_tracking":false,"_monsterinsights_sitenote_active":false,"_monsterinsights_sitenote_note":"","_monsterinsights_sitenote_category":0,"footnotes":""},"categories":[1281],"tags":[177,43674],"class_list":["post-137444","post","type-post","status-publish","format-standard","hentry","category-claudia-rodriguez","tag-estados-unidos","tag-opinion"],"_links":{"self":[{"href":"https:\/\/www.diarioimagen.net\/index.php?rest_route=\/wp\/v2\/posts\/137444","targetHints":{"allow":["GET"]}}],"collection":[{"href":"https:\/\/www.diarioimagen.net\/index.php?rest_route=\/wp\/v2\/posts"}],"about":[{"href":"https:\/\/www.diarioimagen.net\/index.php?rest_route=\/wp\/v2\/types\/post"}],"author":[{"embeddable":true,"href":"https:\/\/www.diarioimagen.net\/index.php?rest_route=\/wp\/v2\/users\/3"}],"replies":[{"embeddable":true,"href":"https:\/\/www.diarioimagen.net\/index.php?rest_route=%2Fwp%2Fv2%2Fcomments&post=137444"}],"version-history":[{"count":0,"href":"https:\/\/www.diarioimagen.net\/index.php?rest_route=\/wp\/v2\/posts\/137444\/revisions"}],"wp:attachment":[{"href":"https:\/\/www.diarioimagen.net\/index.php?rest_route=%2Fwp%2Fv2%2Fmedia&parent=137444"}],"wp:term":[{"taxonomy":"category","embeddable":true,"href":"https:\/\/www.diarioimagen.net\/index.php?rest_route=%2Fwp%2Fv2%2Fcategories&post=137444"},{"taxonomy":"post_tag","embeddable":true,"href":"https:\/\/www.diarioimagen.net\/index.php?rest_route=%2Fwp%2Fv2%2Ftags&post=137444"}],"curies":[{"name":"wp","href":"https:\/\/api.w.org\/{rel}","templated":true}]}}