{"id":137452,"date":"2013-06-25T00:01:13","date_gmt":"2013-06-25T05:01:13","guid":{"rendered":"http:\/\/www.diarioimagen.net\/?p=137452"},"modified":"2013-06-26T02:49:32","modified_gmt":"2013-06-26T07:49:32","slug":"de-jueves-a-jueves","status":"publish","type":"post","link":"https:\/\/www.diarioimagen.net\/?p=137452","title":{"rendered":"De jueves a jueves"},"content":{"rendered":"<h2>Pol\u00edtica Spot<\/h2>\n<h5>Juan Manuel Maga\u00f1a<\/h5>\n<p><span><br \/>\nLo que hace una chispa. El jueves 6 de junio 2 mil manifestantes convocados por las redes sociales marcharon por la avenida Paulista, en Sao Paulo.<\/span><\/p>\n<p>El jueves siguiente, los manifestantes paulistas ya eran m\u00e1s de 50 mil, y las marchas se hab\u00edan reproducido en otras capitales brasile\u00f1as.<\/p>\n<p>Un jueves m\u00e1s, el 20, la cifra de manifestantes ascendi\u00f3 a un mill\u00f3n 250 mil personas en 460 ciudades brasile\u00f1as. Hubo multitudes de 100 mil en Recife y en Sao Paulo, y\u00a0 de 300 mil en R\u00edo.<\/p>\n<p>En el primer jueves protestaron los pocos contra el aumento de 20 centavos de real \u2013ocho centavos de d\u00f3lar\u2013 en el pasaje del transporte colectivo. En el segundo ya hasta hubo infiltrados, vandalismo y desmesurada represi\u00f3n de la polic\u00eda militarizada de Sao Paulo.<\/p>\n<p>Para el tercero, ya hasta el aumento de 20 centavos hab\u00eda sido cancelado, pero los manifestantes pasaban ya a otras exigencias: mejor salud p\u00fablica, mejor educaci\u00f3n, mejor transporte, menos corrupci\u00f3n, menos gastos estratosf\u00e9ricos en la preparaci\u00f3n del Mundial del a\u00f1o que viene, etc, etc, etc&#8230; El gobierno, los partidos, los pol\u00edticos convencionales, los analistas, los periodistas, en fin, nadie sab\u00eda ni por qu\u00e9 ni hasta d\u00f3nde pod\u00eda ir esto despu\u00e9s de su crecimiento exponencial. Todos estaban, como ya se ha dicho ahora, en el pasmo.\u00a0 Se supon\u00eda que primero con Lula y ahora con Dilma, Brasil ah\u00ed la llevaba sobre todo en algo que resultaba hasta espectacular: el combate a la pobreza.<\/p>\n<p>Es obvio que el hasta ahora explosivo entusiasmo pac\u00edfico de protesta no lo vieron venir y que la pol\u00edtica tradicional no s\u00f3lo estaba dormida en sus laureles sino regresando o no queriendo abandonar terribles vicios como el de la corrupci\u00f3n.<\/p>\n<p>Y ahora nadie comprende para d\u00f3nde hay que hacerse.<\/p>\n<p>El viernes pasado la protesta volvi\u00f3 a ser de cientos de miles y hubo una el s\u00e1bado y domingo en la que fue mucho menor y que carg\u00f3 contra los gastos del mundial, sin que el gobierno consiga dialogar con alguien.<\/p>\n<p>Nadie sabe qu\u00e9 onda porque todo parti\u00f3 de un peque\u00f1o grupo denominado Movimiento Pase Libre (MPL) que evidentemente nunca imagin\u00f3 lo que suceder\u00eda despu\u00e9s.<\/p>\n<p>Y porque ahora no hay nadie capaz de dirigir y organizar eso que est\u00e1 pasando gracias a las redes sociales.<\/p>\n<p>Otra vez, la pol\u00edtica tradicional apuesta al desgaste, a que eso se desinfle por s\u00ed solo, cosa que tal vez no resuelva nada, y menos si viniera un oleaje mayor. Ah\u00ed est\u00e1 un gobierno, identificado m\u00e1s o menos con el pueblo, reaccionando tarde y mal.<\/p>\n<p>Los datos de analistas que tratan de explicar lo que sucede son bastante interesantes.<\/p>\n<p>Primero, que hab\u00eda una profunda insatisfacci\u00f3n en amplias capas de la poblaci\u00f3n que parec\u00eda adormecida.<\/p>\n<p>Despu\u00e9s, que los partidos restringieron su actuaci\u00f3n a las elecciones, abandonando su rol de representatividad e interlocuci\u00f3n entre la calle y el poder. Que, por ello, la clase pol\u00edtica desoy\u00f3 se\u00f1ales de alerta.<\/p>\n<p>\u00bfY con qu\u00e9 ten\u00edan que ver esas se\u00f1ales? Con la corrupci\u00f3n.\u00a0 Se dice que hace cinco meses, lleg\u00f3 al Congreso una petici\u00f3n respaldada ni m\u00e1s ni menos que por un mill\u00f3n 300 mil firmas pidiendo que un tal Renan Calheiros no fuese elegido por sus pares para presidir el Senado porque su curr\u00edculum se asemeja a un manual de delitos. Y Calheiros preside el Senado. Por otro lado, la corrupci\u00f3n en el PT, que llev\u00f3 al poder a Dilma, es p\u00fablica y notoria y dicen que abarca de reaccionarios convictos a corruptos en descaro.<\/p>\n<p>Y a todo eso hay que agregar las pol\u00edticas centradas en aumentar el consumo para buscar el crecimiento econ\u00f3mico.\u00a0 La consecuencia de ellos es el abandono absoluto de los servicios p\u00fablicos de educaci\u00f3n, salud, seguridad y transporte urbano.<\/p>\n<p><em><a href=\"mailto: maganapalace@yahoo.com.mx\" target=\"_blank\">maganapalace@yahoo.com.mx<\/a><\/em><\/p>\n","protected":false},"excerpt":{"rendered":"<p><span style=\"color: #005497;\"><strong>Juan Manuel Maga\u00f1a<\/strong><\/span><\/p>\n","protected":false},"author":3,"featured_media":0,"comment_status":"open","ping_status":"open","sticky":false,"template":"","format":"standard","meta":{"_monsterinsights_skip_tracking":false,"_monsterinsights_sitenote_active":false,"_monsterinsights_sitenote_note":"","_monsterinsights_sitenote_category":0,"footnotes":""},"categories":[22905],"tags":[43709,43674,22904,5137],"class_list":["post-137452","post","type-post","status-publish","format-standard","hentry","category-juan-manuel-magana","tag-juan-manuel-magana","tag-opinion","tag-politica-spot","tag-sao-paulo"],"_links":{"self":[{"href":"https:\/\/www.diarioimagen.net\/index.php?rest_route=\/wp\/v2\/posts\/137452","targetHints":{"allow":["GET"]}}],"collection":[{"href":"https:\/\/www.diarioimagen.net\/index.php?rest_route=\/wp\/v2\/posts"}],"about":[{"href":"https:\/\/www.diarioimagen.net\/index.php?rest_route=\/wp\/v2\/types\/post"}],"author":[{"embeddable":true,"href":"https:\/\/www.diarioimagen.net\/index.php?rest_route=\/wp\/v2\/users\/3"}],"replies":[{"embeddable":true,"href":"https:\/\/www.diarioimagen.net\/index.php?rest_route=%2Fwp%2Fv2%2Fcomments&post=137452"}],"version-history":[{"count":0,"href":"https:\/\/www.diarioimagen.net\/index.php?rest_route=\/wp\/v2\/posts\/137452\/revisions"}],"wp:attachment":[{"href":"https:\/\/www.diarioimagen.net\/index.php?rest_route=%2Fwp%2Fv2%2Fmedia&parent=137452"}],"wp:term":[{"taxonomy":"category","embeddable":true,"href":"https:\/\/www.diarioimagen.net\/index.php?rest_route=%2Fwp%2Fv2%2Fcategories&post=137452"},{"taxonomy":"post_tag","embeddable":true,"href":"https:\/\/www.diarioimagen.net\/index.php?rest_route=%2Fwp%2Fv2%2Ftags&post=137452"}],"curies":[{"name":"wp","href":"https:\/\/api.w.org\/{rel}","templated":true}]}}