{"id":137471,"date":"2013-06-25T00:09:57","date_gmt":"2013-06-25T05:09:57","guid":{"rendered":"http:\/\/www.diarioimagen.net\/?p=137471"},"modified":"2013-06-25T02:58:16","modified_gmt":"2013-06-25T07:58:16","slug":"congreso-mexiquense-rinde-homenaje-a-carlos-monsivais","status":"publish","type":"post","link":"https:\/\/www.diarioimagen.net\/?p=137471","title":{"rendered":"Congreso mexiquense rinde homenaje a Carlos Monsiv\u00e1is"},"content":{"rendered":"<ul>\n<li><strong><em>Inauguran exposici\u00f3n fotogr\u00e1fica<\/em><\/strong><\/li>\n<\/ul>\n<div id=\"attachment_137502\" style=\"width: 250px\" class=\"wp-caption alignleft\"><a href=\"http:\/\/www.diarioimagen.net\/wp-content\/uploads\/2013\/06\/legislatura-2127.jpg\"><img loading=\"lazy\" decoding=\"async\" aria-describedby=\"caption-attachment-137502\" class=\"size-medium wp-image-137502\" alt=\"El cronista social Carlos Monsiv\u00e1is fue recordado por el Congreso mexiquense y se mont\u00f3 una exposici\u00f3n fotogr\u00e1fica con las im\u00e1genes de cuando Carlos visit\u00f3 la entidad.\" src=\"http:\/\/www.diarioimagen.net\/wp-content\/uploads\/2013\/06\/legislatura-2127-240x135.jpg\" width=\"240\" height=\"135\" srcset=\"https:\/\/www.diarioimagen.net\/wp-content\/uploads\/2013\/06\/legislatura-2127-240x135.jpg 240w, https:\/\/www.diarioimagen.net\/wp-content\/uploads\/2013\/06\/legislatura-2127-420x236.jpg 420w, https:\/\/www.diarioimagen.net\/wp-content\/uploads\/2013\/06\/legislatura-2127-235x132.jpg 235w, https:\/\/www.diarioimagen.net\/wp-content\/uploads\/2013\/06\/legislatura-2127-202x114.jpg 202w, https:\/\/www.diarioimagen.net\/wp-content\/uploads\/2013\/06\/legislatura-2127-350x196.jpg 350w, https:\/\/www.diarioimagen.net\/wp-content\/uploads\/2013\/06\/legislatura-2127-220x123.jpg 220w, https:\/\/www.diarioimagen.net\/wp-content\/uploads\/2013\/06\/legislatura-2127-237x132.jpg 237w, https:\/\/www.diarioimagen.net\/wp-content\/uploads\/2013\/06\/legislatura-2127.jpg 480w\" sizes=\"auto, (max-width: 240px) 100vw, 240px\" \/><\/a><p id=\"caption-attachment-137502\" class=\"wp-caption-text\">El cronista social Carlos Monsiv\u00e1is fue recordado por el Congreso mexiquense y se mont\u00f3 una exposici\u00f3n fotogr\u00e1fica con las im\u00e1genes de cuando Carlos visit\u00f3 la entidad.<\/p><\/div>\n<p>Al inaugurar la exposici\u00f3n fotogr\u00e1fica \u201cCarlos Monsiv\u00e1is: Im\u00e1genes Cotidianas\u201d, en el vest\u00edbulo del Palacio Legislativo estatal, el diputado Enrique Mendoza Vel\u00e1zquez, reconoci\u00f3 que el cronista social \u201csupo hacer del humor la mejor arma, a trav\u00e9s de la cr\u00edtica mordaz, \u00e1cida, aguda e implacable, rese\u00f1ando la vida cotidiana y los principales hechos sociales, culturales y pol\u00edticos del pa\u00eds\u201d.<\/p>\n<p>El representante del distrito I de Toluca manifest\u00f3, ante el contralor del Poder Legislativo, Victorino Barrios D\u00e1valos, el periodista Eliseo Lugo Plata, as\u00ed como p\u00fablico en general, que la inteligencia literaria del escritor y ensayista \u201clo llev\u00f3 a ser considerado un renovador de la cr\u00f3nica period\u00edstica, el ensayo literario y el pensamiento contempor\u00e1neo de M\u00e9xico\u201d.<\/p>\n<p>La exposici\u00f3n, integrada por fotograf\u00edas que muestran parte de la vida y obra del escritor fallecido en junio de 2010, \u201cdemuestran su valent\u00eda al abordar diferentes temas de la realidad nacional con absoluta transparencia e imparcialidad, como un incansable defensor de la educaci\u00f3n p\u00fablica, la equidad de g\u00e9nero, los derechos de las minor\u00edas, los derechos humanos, de los animales y del medio ambiente\u201d.<\/p>\n<p>El presidente de la Comisi\u00f3n de Asuntos Electorales de la LVIII Legislatura, reconoci\u00f3 que Monsiv\u00e1is impuls\u00f3 una cultura cr\u00edtica en el pa\u00eds, ya que desde sus primeros escritos analiz\u00f3 a personajes famosos de la vida cotidiana como pol\u00edticos y artistas, con quienes convivi\u00f3 y a quienes entrevist\u00f3, en su af\u00e1n de reflejar lo que era la idiosincrasia del mexicano, as\u00ed como su postura ante el poder pol\u00edtico y social.<\/p>\n<p>Despu\u00e9s de cortar el list\u00f3n inaugural de la muestra fotogr\u00e1fica que estar\u00e1 abierta al p\u00fablico hasta los primeros d\u00edas de julio de 2013, estableci\u00f3 que la figura de Carlos Monsiv\u00e1is va m\u00e1s all\u00e1 de la escritura, por lo que \u201clos mexicanos tenemos un legado que se hace patente dentro del periodismo y las letras de nuestro pa\u00eds\u201d.<b><\/b><\/p>\n<p>&nbsp;<\/p>\n","protected":false},"excerpt":{"rendered":"<p>Al inaugurar la exposici\u00f3n fotogr\u00e1fica \u201cCarlos Monsiv\u00e1is: Im\u00e1genes Cotidianas\u201d, en el vest\u00edbulo del Palacio Legislativo estatal, el diputado Enrique Mendoza Vel\u00e1zquez, reconoci\u00f3 que el cronista social \u201csupo hacer del humor la mejor arma, a trav\u00e9s de la cr\u00edtica mordaz, \u00e1cida, aguda e implacable, rese\u00f1ando la vida cotidiana y los principales hechos sociales, culturales y pol\u00edticos del pa\u00eds\u201d.<\/p>\n","protected":false},"author":3,"featured_media":137502,"comment_status":"open","ping_status":"open","sticky":false,"template":"","format":"standard","meta":{"_monsterinsights_skip_tracking":false,"_monsterinsights_sitenote_active":false,"_monsterinsights_sitenote_note":"","_monsterinsights_sitenote_category":0,"footnotes":""},"categories":[5],"tags":[2630,43675,22932,2357],"class_list":["post-137471","post","type-post","status-publish","format-standard","has-post-thumbnail","hentry","category-estado-de-mexico","tag-carlos-monsivais","tag-estado-de-mexico","tag-homenaje","tag-poder-legislativo"],"_links":{"self":[{"href":"https:\/\/www.diarioimagen.net\/index.php?rest_route=\/wp\/v2\/posts\/137471","targetHints":{"allow":["GET"]}}],"collection":[{"href":"https:\/\/www.diarioimagen.net\/index.php?rest_route=\/wp\/v2\/posts"}],"about":[{"href":"https:\/\/www.diarioimagen.net\/index.php?rest_route=\/wp\/v2\/types\/post"}],"author":[{"embeddable":true,"href":"https:\/\/www.diarioimagen.net\/index.php?rest_route=\/wp\/v2\/users\/3"}],"replies":[{"embeddable":true,"href":"https:\/\/www.diarioimagen.net\/index.php?rest_route=%2Fwp%2Fv2%2Fcomments&post=137471"}],"version-history":[{"count":0,"href":"https:\/\/www.diarioimagen.net\/index.php?rest_route=\/wp\/v2\/posts\/137471\/revisions"}],"wp:featuredmedia":[{"embeddable":true,"href":"https:\/\/www.diarioimagen.net\/index.php?rest_route=\/wp\/v2\/media\/137502"}],"wp:attachment":[{"href":"https:\/\/www.diarioimagen.net\/index.php?rest_route=%2Fwp%2Fv2%2Fmedia&parent=137471"}],"wp:term":[{"taxonomy":"category","embeddable":true,"href":"https:\/\/www.diarioimagen.net\/index.php?rest_route=%2Fwp%2Fv2%2Fcategories&post=137471"},{"taxonomy":"post_tag","embeddable":true,"href":"https:\/\/www.diarioimagen.net\/index.php?rest_route=%2Fwp%2Fv2%2Ftags&post=137471"}],"curies":[{"name":"wp","href":"https:\/\/api.w.org\/{rel}","templated":true}]}}