{"id":137591,"date":"2013-06-26T00:03:55","date_gmt":"2013-06-26T05:03:55","guid":{"rendered":"http:\/\/www.diarioimagen.net\/?p=137591"},"modified":"2013-07-11T03:10:22","modified_gmt":"2013-07-11T08:10:22","slug":"estero-el-salado","status":"publish","type":"post","link":"https:\/\/www.diarioimagen.net\/?p=137591","title":{"rendered":"Estero El Salado"},"content":{"rendered":"<h2>Detr\u00e1s del Poder<\/h2>\n<h5>Jos\u00e9 Antonio L\u00f3pez Sosa<\/h5>\n<p><span><br \/>\n<strong>Puerto Vallarta<\/strong>.- Dentro de la zona metropolitana de que conjunta a Puerto Vallarta, Jalisco, con Nuevo Vallarta, Nayarit -y los desarrollos en el corredor Riviera Nayarit- se encuentra este espacio lleno de naturaleza que logr\u00f3 preservar el manglar y el ecosistema frente al paso desmedido de la modernidad.<\/span><\/p>\n<p>El Salado es un estero urbano de 135 hect\u00e1reas, que se ubica a un costado del aeropuerto internacional, limitando tambi\u00e9n con la Marina Puerto Vallarta.<\/p>\n<p>En sus canales albergan los tres tipos de mangle en la regi\u00f3n, el negro, rojo y blanco. Se protegen especies end\u00e9micas de reptiles, aves, crust\u00e1ceos y mam\u00edferos que est\u00e1n amenazados desde hace d\u00e9cadas por la destrucci\u00f3n de su h\u00e1bitat natural.<\/p>\n<p>Hace m\u00e1s de diez a\u00f1os se declar\u00f3 a esta zona como natural protegida por las leyes del estado de Jalisco, trabajo constante de voluntarios y especialistas logr\u00f3 sacar adelante un ecosistema deteriorado y convertirlo en una zona donde la naturaleza emana entre las grandes avenidas y desarrollos tur\u00edsticos.<\/p>\n<p>Poco tiempo tiene abierto al p\u00fablico el estero, se dan recorridos para poder percibir el ecosistema del mangle, para poder observar todas estas especies amenazadas por la creciente urbanizaci\u00f3n.<\/p>\n<p>Me parece que son pocos los lugares naturales protegidos enclavados en una zona urbana. Hicimos un recorrido y nos toc\u00f3 presenciar una liberaci\u00f3n de cocodrilos, 6 peque\u00f1os ejemplares de no m\u00e1s de 40 cent\u00edmetros fueron puestos en libertad en pleno canal junto al mangle, de vuelta a la naturaleza en espera que sigan formando parte de este ecosistema que se protege desde hace una d\u00e9cada.<\/p>\n<p>Actualmente este estero funciona con investigadores de la Universidad de Guadalajara y voluntarios que prestan sus servicios para efectos de investigaci\u00f3n, visitas, ecoturismo, en fin, diversas actividades que a diario preservan este ecosistema. A trav\u00e9s de la p\u00e1gina de internet <a href=\"http:\/\/esterodelsalado.org\" target=\"_blank\">http:\/\/esterodelsalado.org<\/a>\/ comparten con el mundo el trabajo que significa estar un d\u00eda tras otro, defendiendo la naturaleza y comparti\u00e9ndola con los vallartenses y todo aquel que los visita. Algo fuera de serie para los amantes de la naturaleza.<\/p>\n<p><em><a href=\"mailto:lopez.sosa@mexico.com\" target=\"_blank\">lopez.sosa@mexico.com<\/a><\/em><br \/>\n<em><a href=\"http:\/\/twitter.com\/#%21\/joseantonio1977\" target=\"_blank\">@joseantonio1977<br \/>\n<\/a><\/em><em><a href=\"http:\/\/www.formulaconfidencial.com.mx\/\" target=\"_blank\">www.formulaconfidencial.com.mx<\/a><\/em><\/p>\n","protected":false},"excerpt":{"rendered":"<p><span style=\"color: #005497;\"><strong>Jos\u00e9 Antonio L\u00f3pez Sosa<\/strong><\/span><\/p>\n","protected":false},"author":3,"featured_media":0,"comment_status":"open","ping_status":"open","sticky":false,"template":"","format":"standard","meta":{"_monsterinsights_skip_tracking":false,"_monsterinsights_sitenote_active":false,"_monsterinsights_sitenote_note":"","_monsterinsights_sitenote_category":0,"footnotes":""},"categories":[637],"tags":[638,43690,43674,818],"class_list":["post-137591","post","type-post","status-publish","format-standard","hentry","category-jose-antonio-lopez-sosa","tag-detras-del-poder","tag-jose-antonio-lopez-sosa","tag-opinion","tag-puerto-vallarta"],"_links":{"self":[{"href":"https:\/\/www.diarioimagen.net\/index.php?rest_route=\/wp\/v2\/posts\/137591","targetHints":{"allow":["GET"]}}],"collection":[{"href":"https:\/\/www.diarioimagen.net\/index.php?rest_route=\/wp\/v2\/posts"}],"about":[{"href":"https:\/\/www.diarioimagen.net\/index.php?rest_route=\/wp\/v2\/types\/post"}],"author":[{"embeddable":true,"href":"https:\/\/www.diarioimagen.net\/index.php?rest_route=\/wp\/v2\/users\/3"}],"replies":[{"embeddable":true,"href":"https:\/\/www.diarioimagen.net\/index.php?rest_route=%2Fwp%2Fv2%2Fcomments&post=137591"}],"version-history":[{"count":0,"href":"https:\/\/www.diarioimagen.net\/index.php?rest_route=\/wp\/v2\/posts\/137591\/revisions"}],"wp:attachment":[{"href":"https:\/\/www.diarioimagen.net\/index.php?rest_route=%2Fwp%2Fv2%2Fmedia&parent=137591"}],"wp:term":[{"taxonomy":"category","embeddable":true,"href":"https:\/\/www.diarioimagen.net\/index.php?rest_route=%2Fwp%2Fv2%2Fcategories&post=137591"},{"taxonomy":"post_tag","embeddable":true,"href":"https:\/\/www.diarioimagen.net\/index.php?rest_route=%2Fwp%2Fv2%2Ftags&post=137591"}],"curies":[{"name":"wp","href":"https:\/\/api.w.org\/{rel}","templated":true}]}}