{"id":137597,"date":"2013-06-26T00:01:19","date_gmt":"2013-06-26T05:01:19","guid":{"rendered":"http:\/\/www.diarioimagen.net\/?p=137597"},"modified":"2013-06-27T02:03:54","modified_gmt":"2013-06-27T07:03:54","slug":"obedecer-al-pueblo","status":"publish","type":"post","link":"https:\/\/www.diarioimagen.net\/?p=137597","title":{"rendered":"Obedecer al pueblo"},"content":{"rendered":"<h2>Pol\u00edtica Spot<\/h2>\n<h5>Juan Manuel Maga\u00f1a<\/h5>\n<p><span><br \/>\nCuando estaba en la cresta de la ola de la gran movilizaci\u00f3n social que desat\u00f3, el subcomandante Marcos dijo una frase de fuerte efecto hipn\u00f3tico en la comunidad: el buen gobierno, manda obedeciendo.<\/span><\/p>\n<p>Y eso es justo lo que estamos viendo que trata de hacer la presidenta de Brasil, Dilma Rousseff, de cara a las impresionantes movilizaciones desatadas por las redes sociales en su pa\u00eds a lo largo de varias semanas.<\/p>\n<p>Luego de reunirse con gobernadores, alcaldes y representantes de los manifestantes, la mandataria propuso realizar un referendo para convocar a una asamblea constituyente que eventualmente emprenda una reforma pol\u00edtica al Estado brasile\u00f1o.<\/p>\n<p>Y no s\u00f3lo eso. Dec\u00edamos que un aumento al precio del transporte p\u00fablico hab\u00eda sido la chispa que hizo estallar la inconformidad contra toda una serie de problemas que los cariocas se ven\u00edan guardando callados.<\/p>\n<p>Y por ahora, Dilma se ha comprometido a mejorar el transporte p\u00fablico en las grandes ciudades y sobre todo a reforzar el combate a la corrupci\u00f3n, adem\u00e1s de contratar m\u00e9dicos extranjeros para paliar las carencias del servicio de salud.<\/p>\n<p>Rousseff simplemente ha tomado el toro por lo cuernos, como decimos aqu\u00ed, en momentos en que hab\u00eda cientos de miles de manifestantes en las calles de varias ciudades brasile\u00f1as.<\/p>\n<p>El general Morelos llamar\u00eda a eso saber entender los sentimientos de una naci\u00f3n, sin importar si esa muchedumbre en las calles estaba organizada y contaba con una direcci\u00f3n o una cabeza.<\/p>\n<p>El gobierno de la presidenta no hizo lo que los avestruces, ni apost\u00f3 al desgaste de las movilizaciones, ni acudi\u00f3 al recurso de la represi\u00f3n, ni invoc\u00f3 teor\u00edas de conspiraci\u00f3n.<\/p>\n<p>Sencillamente, en momentos en que su propio destino pol\u00edtico estaba en juego, Dilma estuvo dispuesta a escuchar a los manifestantes.<\/p>\n<p>Ya se ver\u00e1 la profundidad de la reforma de Brasil planteada, pero por lo pronto puede decirse que el gobierno ha mostrado, no s\u00f3lo a sus gobernados sino al mundo, que est\u00e1 dispuesto a gobernar a partir de la raz\u00f3n y no por medio de la fuerza.<\/p>\n<p>Los representantes del Movimiento Pase Libre (MPL) -el peque\u00f1o movimiento que lo empez\u00f3 todo-, reconocieron este estilo gubernamental al considerar la decisi\u00f3n de Rousseff de convocarlos al di\u00e1logo una ruptura de la tradici\u00f3n pol\u00edtica.<\/p>\n<p>Ojal\u00e1 esa reforma toque el coraz\u00f3n del drag\u00f3n de la corrupci\u00f3n que azota a los pueblos de buena parte del mundo.<\/p>\n<p>Primero asombr\u00f3 Lula. Ahora lo hace Dilma. Pero es que es el pueblo de Brasil el que no deja de sorprender.<\/p>\n<p><em><a href=\"mailto: maganapalace@yahoo.com.mx\" target=\"_blank\">maganapalace@yahoo.com.mx<\/a><\/em><\/p>\n","protected":false},"excerpt":{"rendered":"<p><span style=\"color: #005497;\"><strong>Juan Manuel Maga\u00f1a<\/strong><\/span><\/p>\n","protected":false},"author":3,"featured_media":0,"comment_status":"open","ping_status":"open","sticky":false,"template":"","format":"standard","meta":{"_monsterinsights_skip_tracking":false,"_monsterinsights_sitenote_active":false,"_monsterinsights_sitenote_note":"","_monsterinsights_sitenote_category":0,"footnotes":""},"categories":[22905],"tags":[4728,13755,43709,43674,22904],"class_list":["post-137597","post","type-post","status-publish","format-standard","hentry","category-juan-manuel-magana","tag-brasil","tag-dilma-rousseff","tag-juan-manuel-magana","tag-opinion","tag-politica-spot"],"_links":{"self":[{"href":"https:\/\/www.diarioimagen.net\/index.php?rest_route=\/wp\/v2\/posts\/137597","targetHints":{"allow":["GET"]}}],"collection":[{"href":"https:\/\/www.diarioimagen.net\/index.php?rest_route=\/wp\/v2\/posts"}],"about":[{"href":"https:\/\/www.diarioimagen.net\/index.php?rest_route=\/wp\/v2\/types\/post"}],"author":[{"embeddable":true,"href":"https:\/\/www.diarioimagen.net\/index.php?rest_route=\/wp\/v2\/users\/3"}],"replies":[{"embeddable":true,"href":"https:\/\/www.diarioimagen.net\/index.php?rest_route=%2Fwp%2Fv2%2Fcomments&post=137597"}],"version-history":[{"count":0,"href":"https:\/\/www.diarioimagen.net\/index.php?rest_route=\/wp\/v2\/posts\/137597\/revisions"}],"wp:attachment":[{"href":"https:\/\/www.diarioimagen.net\/index.php?rest_route=%2Fwp%2Fv2%2Fmedia&parent=137597"}],"wp:term":[{"taxonomy":"category","embeddable":true,"href":"https:\/\/www.diarioimagen.net\/index.php?rest_route=%2Fwp%2Fv2%2Fcategories&post=137597"},{"taxonomy":"post_tag","embeddable":true,"href":"https:\/\/www.diarioimagen.net\/index.php?rest_route=%2Fwp%2Fv2%2Ftags&post=137597"}],"curies":[{"name":"wp","href":"https:\/\/api.w.org\/{rel}","templated":true}]}}