{"id":137739,"date":"2013-06-27T00:06:44","date_gmt":"2013-06-27T05:06:44","guid":{"rendered":"http:\/\/www.diarioimagen.net\/?p=137739"},"modified":"2013-06-28T01:47:02","modified_gmt":"2013-06-28T06:47:02","slug":"granier-se-atonto","status":"publish","type":"post","link":"https:\/\/www.diarioimagen.net\/?p=137739","title":{"rendered":"Granier se atont\u00f3"},"content":{"rendered":"<h2>\u00cdndice pol\u00edtico<\/h2>\n<h5>Francisco Rodr\u00edguez<\/h5>\n<p><span><br \/>\nCuentan los memoriosos que el entonces diputado federal Luis Cabrera, quien fuera secretario de Hacienda en el gobierno de Venustiano Carranza, con fama de honesto, de fina iron\u00eda y mordacidad, subi\u00f3 a tribuna en plena sesi\u00f3n de la C\u00e1mara baja del Congreso de la Uni\u00f3n y acus\u00f3 a otro legislador federal de ser ratero.<\/span><\/p>\n<p>Que el supuesto ratero pidi\u00f3 la palabra por alusiones personales y, retadoramente, le contest\u00f3 a Luis Cabrera: \u201c\u00a1Pruebas. Pruebas. Presente pruebas de la acusaci\u00f3n que me hace!\u201d.<\/p>\n<p>Y que Cabrera subi\u00f3 nuevamente a la que alguna vez se llamara la tribuna m\u00e1s alta del pa\u00eds, para replicarle al aludido: \u201cDiputado, lo estoy acusando de ladr\u00f3n \u00a1no de pen\u2026!\u201d.<\/p>\n<p>Ladrones, rateros, corruptos hay muchos en las actividades p\u00fablicas. \u00bfPara qu\u00e9 le cuento? Usted lo sabe mejor que yo.<\/p>\n<p>Los tontos, en cambio, son escasos.<\/p>\n<p>Me acuerdo de ello por el caso del ahora ex gobernador tabasque\u00f1o, Andr\u00e9s Granier, de quien pienso y sostengo si no era pen\u2026, a final de cuentas s\u00ed que \u00a1se atont\u00f3!<\/p>\n<p>Porque, como bien dice el cl\u00e1sico, \u201c\u00bfpero qu\u00e9 necesidad?\u201d esa de venir de regreso al pa\u00eds cuando ya disfrutaba de un autoexilio dorado en Miami Beach.<\/p>\n<p>Y no, por supuesto, no se trata de defender sus rater\u00edas de las que fueron v\u00edctimas, entre otros, pacientes de los hospitales p\u00fablicos, familias que perdieron vida, salud y pertenencias en las inundaciones, muchos tabasque\u00f1os, pues, a quienes no se retribuy\u00f3 todo aquello a lo que tienen derecho.<\/p>\n<p>No. De lo que se trata es de hacer notar que Granier, am\u00e9n de ladr\u00f3n, es pen\u2026.<\/p>\n<p>Y eso debe ofender a nuestra honesta clase pol\u00edtica. Que uno de los suyos d\u00e9 tama\u00f1a muestra de pen\u2026 y, claro, que con tal ponga en evidencia todo aquello que se puede hacer \u2014\u00a1y que hacen!\u2014 con los recursos que apoquinamos los contribuyentes cautivos del SAT.<\/p>\n<p>Contradiciendo a Luis Cabrera \u2014hay quienes atribuyen la an\u00e9cdota a \u00c1lvaro Obreg\u00f3n con uno de sus colaboradores\u2014, s\u00ed hay ladrones y, por supuesto, ahora lo vemos, s\u00ed hay pen\u2026.<\/p>\n<p align=\"center\"><b>SOLEDAD E INOCENCIA<\/b><\/p>\n<p>En el caso Granier tambi\u00e9n sorprende la soledad del imputado. Sin grupo pol\u00edtico que lo cobije, sin siquiera su familia cerca. Separos, hospital, reclusorio. En ninguno de esos episodios se ha visto la proximidad de su esposa, su hijo o hijas. Aunque todos la hayan hecho, que s\u00f3lo \u00e9l la pague. \u00a1Pobre!, pues.<\/p>\n<p>Pobre, pese a sus cientos de zapatos, trajes y camisas, porque adem\u00e1s ya nos sali\u00f3 con la cantaleta que en estos casos acostumbran los presuntos implicados en casos de corrupci\u00f3n, quienes empiezan por decir que no tienen nada que ver con el asunto cuando este llega a los juzgados, y si el caso llega a mayores sugieren que su fe en la justicia es absoluta y que se ahorran cualquier comentario. Acto seguido se hacen pasar por v\u00edctimas de juicios medi\u00e1ticos y amenazan con querellas diversas a los medios informativos para enredar todav\u00eda m\u00e1s la cuesti\u00f3n.<\/p>\n<p>Granier es inocente. Pero no de los cargos que se le fincan, sino por su inocencia.<\/p>\n<p>Y esos cargos son graves. Los resume en buena prosa V\u00edctor M. S\u00e1mano Labastida, en su columna Escala Cr\u00edtica: \u201cEntre las 14 denuncias se cuenta que m\u00e1s de mil 900 millones de recursos federales no fueron ejercidos en los rubros de salud, educaci\u00f3n y protecci\u00f3n civil. \u00bfRecuerda usted la crisis hospitalaria de diciembre en Tabasco?\u2028 \u201cBasta ir a la hemeroteca. Ah\u00ed se encuentran testimonios con un recuento de da\u00f1os: los cinco hospitales m\u00e1s importantes del estado ten\u00edan sus reservas a punto de agotarse; el 80 por ciento de las cirug\u00edas programadas fueron suspendidas por falta de insumo; faltaban medicinas y alimentos para los enfermos\u201d. En el Hospital del Ni\u00f1o tuvieron que recurrir a donaciones para mantener a los peque\u00f1os. \u2028\u201cEn el Juan Graham ya no hab\u00eda alimentos, se los regalaron de la Central de Abasto.\u00a0Los m\u00e9dicos no recib\u00edan pago y algunos tuvieron que trabajar de manera voluntaria. Se tuvo que suspender la atenci\u00f3n a la mitad de los enfermos con c\u00e1ncer. Indignante\u201d.<\/p>\n<p>Indignante, en efecto. Y esa indignaci\u00f3n debe llevarnos a la exigencia de castigo a los culpables que se enriquecieron con la miseria de sus dizque gobernados.<\/p>\n<p>A menos, claro, que otra vez quieran vernos la cara de pen\u2026 \u00bfO no?<\/p>\n<p><em><b>\u00cdndice Flam\u00edgero<\/b><\/em>: Nuestro amigo don Alfredo \u00c1lvarez Barr\u00f3n, a quien muchos conocemos como El Poeta del Nopal, env\u00eda su epigrama desde Fresnillo, Zacatecas: \u201cCuando se vio involucrado\u00a0\/ en el pol\u00e9mico atraco, \/ hasta el m\u00fasculo card\u00edaco \/ result\u00f3 perjudicado; \/ injustamente arraigado \/ se declara sorprendido \/ y en el \u00faltimo latido \/ manda un telegrama urgente: \/ \u201cSoy totalmente inocente \/ &#8230;pueblo malagradecido\u201d.<\/p>\n<p><em><a href=\"http:\/\/www.indicepolitico.com\/\" target=\"_blank\"><em>www.indicepolitico.com<\/em><\/a><br \/>\n<\/em><em><a href=\"mailto:pacorodriguez@journalist.com\" target=\"_blank\">pacorodriguez@journalist.com<\/a><\/em><\/p>\n","protected":false},"excerpt":{"rendered":"<p><span style=\"color: #005497;\"><strong>Francisco Rodr\u00edguez<\/strong><\/span><\/p>\n","protected":false},"author":3,"featured_media":0,"comment_status":"open","ping_status":"open","sticky":false,"template":"","format":"standard","meta":{"_monsterinsights_skip_tracking":false,"_monsterinsights_sitenote_active":false,"_monsterinsights_sitenote_note":"","_monsterinsights_sitenote_category":0,"footnotes":""},"categories":[549],"tags":[43689,550,23072,43674],"class_list":["post-137739","post","type-post","status-publish","format-standard","hentry","category-francisco-rodriguez","tag-francisco-rodriguez","tag-indice-politico","tag-luis-cabrera","tag-opinion"],"_links":{"self":[{"href":"https:\/\/www.diarioimagen.net\/index.php?rest_route=\/wp\/v2\/posts\/137739","targetHints":{"allow":["GET"]}}],"collection":[{"href":"https:\/\/www.diarioimagen.net\/index.php?rest_route=\/wp\/v2\/posts"}],"about":[{"href":"https:\/\/www.diarioimagen.net\/index.php?rest_route=\/wp\/v2\/types\/post"}],"author":[{"embeddable":true,"href":"https:\/\/www.diarioimagen.net\/index.php?rest_route=\/wp\/v2\/users\/3"}],"replies":[{"embeddable":true,"href":"https:\/\/www.diarioimagen.net\/index.php?rest_route=%2Fwp%2Fv2%2Fcomments&post=137739"}],"version-history":[{"count":0,"href":"https:\/\/www.diarioimagen.net\/index.php?rest_route=\/wp\/v2\/posts\/137739\/revisions"}],"wp:attachment":[{"href":"https:\/\/www.diarioimagen.net\/index.php?rest_route=%2Fwp%2Fv2%2Fmedia&parent=137739"}],"wp:term":[{"taxonomy":"category","embeddable":true,"href":"https:\/\/www.diarioimagen.net\/index.php?rest_route=%2Fwp%2Fv2%2Fcategories&post=137739"},{"taxonomy":"post_tag","embeddable":true,"href":"https:\/\/www.diarioimagen.net\/index.php?rest_route=%2Fwp%2Fv2%2Ftags&post=137739"}],"curies":[{"name":"wp","href":"https:\/\/api.w.org\/{rel}","templated":true}]}}