{"id":137761,"date":"2013-06-27T00:02:49","date_gmt":"2013-06-27T05:02:49","guid":{"rendered":"http:\/\/www.diarioimagen.net\/?p=137761"},"modified":"2013-06-28T02:05:18","modified_gmt":"2013-06-28T07:05:18","slug":"tiempo-lodoso","status":"publish","type":"post","link":"https:\/\/www.diarioimagen.net\/?p=137761","title":{"rendered":"Tiempo lodoso"},"content":{"rendered":"<h2>Acta P\u00fablica<\/h2>\n<h5>Claudia Rodr\u00edguez<\/h5>\n<p><span><br \/>\nAnte un ambiente tan cr\u00edtico, lleno de piedras y lodo, valdr\u00eda la pena recomendar a los pol\u00edticos saquen sus paraguas.<\/span><\/p>\n<p>Deben ser contados \u2014porque seguro que existen\u2014 los administradores y gobernantes que encumbrados, \u00a0no usen su poder y su influencia para obtener m\u00e1s dividendos que los estipulados.\u00a0 Mas la gran mayor\u00eda de ellos se enriquecen al amparo del erario p\u00fablico que es dinero de todos nosotros.<\/p>\n<p>Ya lo anotaba aqu\u00ed el pasado lunes, que ante las pr\u00f3ximas elecciones del 7 de julio, las pedradas para los candidatos a los puestos de elecci\u00f3n en juego iban a estar bastante grandes.\u00a0 Por eso sugiero lo de las paraguas o ya de plano un impermeable.\u00a0 O bueno, a muchos les valdr\u00eda ni salir de casa y no hacerse los valientes, como el qu\u00edmico Granier, quien crey\u00f3 poder con el aparato del Estado, a\u00fan en el marco de la ley, o quiz\u00e1 poner distancia con los tantos pasos que pudieran rendirle sus cientos y cientos de pares de calzado.<\/p>\n<p>De entre todos ellos, Fernando Castro Trenti, quien disputa con la bandera del Partido Revolucionario Institucional (PRI), la gubernatura a\u00fan panista en Baja California, ya empieza a sentir lo fuerte y viciado \u00a0del tiempo preelectoral y que seguro arreciar\u00e1 hasta poderse convertir en una verdadera tormenta de lodo y crudezas conforme se acerque el 7 de julio.<\/p>\n<p>Ya la tarde de ayer, por los portales digitales circulaba la informaci\u00f3n de que Castro Trenti es due\u00f1o de inmueble de 5 mdd en el Distrito Federal.<\/p>\n<p>Informaci\u00f3n como \u00e9sta, conduce de manera m\u00e1s que r\u00e1pida al \u00a0colectivo a pensar que un pol\u00edtico se aprovecha siempre de su posici\u00f3n para enriquecerse il\u00edcitamente y ya con ese argumento tirar duro y tupido a la \u00a0imagen del competidor.<\/p>\n<p>Pero de esa t\u00f3nica pantanosa por el momento, ser\u00e1n pocos los candidatos a los que no se les recuerden sus acciones, tanto legales como \u00a0inmorales que han tejido al amparo de sus carreras pol\u00edticas o incluso, en la \u201cintimidad\u201d de su l\u00ednea telef\u00f3nica.<\/p>\n<p>As\u00ed que esto arreciar\u00e1 y nos volver\u00e1 a mostrar a todos los mexicanos como parte del circo al que parece que\u00a0 estamos sometidos inexorablemente: Unos los actores, otros los espectadores, pero tras cada acto o final de funci\u00f3n, cada uno viaja en distintas direcciones como sin nada de nuestra interacci\u00f3n nos impactara.<\/p>\n<p>Yo por eso, las m\u00e1s de las veces, permito que la lluvia me moje y de manera deliberada irrumpo el camino planeado de las gotas de lluvia.<\/p>\n<p><em><b>Acta Divina<\/b>\u2026<\/em>Un peri\u00f3dico revel\u00f3 que Fernando Castro Trenti, candidato del PRI al gobierno de Baja California, desde 2010, es due\u00f1o de un inmueble ubicado en Lomas de Reforma, valuada en 5 millones de d\u00f3lares a causa de las remodelaciones de que fue objeto a cargo del propio Castro.<\/p>\n<p><b><i>Para advertir\u2026<\/i><\/b>Marcelo Ebrard quiere papel protag\u00f3nico y ese en la pol\u00edtica se juega con todo.\u00a0 Tal vez ahora le duela haber dejado pasar a Andr\u00e9s Manuel L\u00f3pez Obrador sin un solo obst\u00e1culo<\/p>\n<p><em><a href=\"mailto:actapublica@gmail.com\" target=\"_blank\">actapublica@gmail.com<\/a><\/em><\/p>\n","protected":false},"excerpt":{"rendered":"<p><span style=\"color: #005497;\"><strong>Claudia Rodr\u00edguez<\/strong><\/span><\/p>\n","protected":false},"author":3,"featured_media":0,"comment_status":"open","ping_status":"open","sticky":false,"template":"","format":"standard","meta":{"_monsterinsights_skip_tracking":false,"_monsterinsights_sitenote_active":false,"_monsterinsights_sitenote_note":"","_monsterinsights_sitenote_category":0,"footnotes":""},"categories":[1281],"tags":[43674,983],"class_list":["post-137761","post","type-post","status-publish","format-standard","hentry","category-claudia-rodriguez","tag-opinion","tag-partido-revolucionario-institucional"],"_links":{"self":[{"href":"https:\/\/www.diarioimagen.net\/index.php?rest_route=\/wp\/v2\/posts\/137761","targetHints":{"allow":["GET"]}}],"collection":[{"href":"https:\/\/www.diarioimagen.net\/index.php?rest_route=\/wp\/v2\/posts"}],"about":[{"href":"https:\/\/www.diarioimagen.net\/index.php?rest_route=\/wp\/v2\/types\/post"}],"author":[{"embeddable":true,"href":"https:\/\/www.diarioimagen.net\/index.php?rest_route=\/wp\/v2\/users\/3"}],"replies":[{"embeddable":true,"href":"https:\/\/www.diarioimagen.net\/index.php?rest_route=%2Fwp%2Fv2%2Fcomments&post=137761"}],"version-history":[{"count":0,"href":"https:\/\/www.diarioimagen.net\/index.php?rest_route=\/wp\/v2\/posts\/137761\/revisions"}],"wp:attachment":[{"href":"https:\/\/www.diarioimagen.net\/index.php?rest_route=%2Fwp%2Fv2%2Fmedia&parent=137761"}],"wp:term":[{"taxonomy":"category","embeddable":true,"href":"https:\/\/www.diarioimagen.net\/index.php?rest_route=%2Fwp%2Fv2%2Fcategories&post=137761"},{"taxonomy":"post_tag","embeddable":true,"href":"https:\/\/www.diarioimagen.net\/index.php?rest_route=%2Fwp%2Fv2%2Ftags&post=137761"}],"curies":[{"name":"wp","href":"https:\/\/api.w.org\/{rel}","templated":true}]}}