{"id":137938,"date":"2013-06-28T00:04:58","date_gmt":"2013-06-28T05:04:58","guid":{"rendered":"http:\/\/www.diarioimagen.net\/?p=137938"},"modified":"2013-07-01T01:25:30","modified_gmt":"2013-07-01T06:25:30","slug":"ejecutan-a-periodista","status":"publish","type":"post","link":"https:\/\/www.diarioimagen.net\/?p=137938","title":{"rendered":"Ejecutan a periodista"},"content":{"rendered":"<h2>Punto por punto<\/h2>\n<h5>Augusto Corro<\/h5>\n<p><span><br \/>\nOtra vez, las filas del periodismo mexicano se vuelven a vestir de luto: el lunes 24 fue ejecutado, en Reynosa, Tamaulipas, el columnista Mario Ricardo Ch\u00e1vez Jorge, quien tambi\u00e9n era socio de un peri\u00f3dico llamado \u201cEl Ciudadano\u201d.<\/span><\/p>\n<p>El cuerpo sin vida del comunicador fue localizado semienterrado en una brecha que conduce al Ejido Santa Clara.<\/p>\n<p>Conforme transcurre el tiempo, la muerte de un periodista ya no interesa tanto. Como que se trata de un hecho cotidiano que levanta poco inter\u00e9s.<\/p>\n<p>Es triste reconocerlo, luego de tantas agresiones a los comunicadores e instalaciones de medios.<\/p>\n<p>Como todos saben, los ataques a los comunicadores e instalaciones se incrementaron a ra\u00edz de la fallida guerra contra el crimen organizado. \u00a0Se trata de historias que se repiten en las ciudades del interior de M\u00e9xico, donde las bandas de hampones y caciques controlan las \u201cplazas\u201d, por medio del terror y la represi\u00f3n.<\/p>\n<p>Por lo visto, no hay manera de frenar las agresiones\u00a0 contra los periodistas. Para empezar, son contados los casos en los que los asesinos son detenidos y encarcelados. Los dem\u00e1s asuntos han quedado en la impunidad total.<\/p>\n<p>La lista de periodistas asesinados en el gobierno de Calder\u00f3n coloc\u00f3 a M\u00e9xico como uno de los pa\u00edses m\u00e1s peligrosos para el ejercicio del periodismo.<\/p>\n<p>Es permanente la apat\u00eda, la abulia y el desd\u00e9n de las autoridades para resolver los cr\u00edmenes contra los comunicadores.<\/p>\n<p>El caso de Mario Ricardo Ch\u00e1vez Jorge correr\u00e1 la misma suerte.\u00a0 Ser\u00e1 enviado al archivo del olvido.<\/p>\n<p>En otras ocasiones, han surgido protestas por las denominadas organizaciones no gubernamentales o de derechos humanos. Esta vez, el silencio ha sido generalizado. Parece que ya nos estamos acostumbrand a recibir malas noticias.<\/p>\n<p align=\"center\"><b>ESCARMIENTO EJEMPLAR<\/b><\/p>\n<p>Sin duda, el caso de Granier en la c\u00e1rcel fue lo m\u00e1s importante de la semana en las esferas pol\u00edticas.<\/p>\n<p>Hac\u00eda tiempo que un pez gordo, del tama\u00f1o del ex gobernador, no pisaba la prisi\u00f3n.<\/p>\n<p>Con el ex gobernador Granier volvi\u00f3 a renacer la fe en la justicia. Sin embargo, no se debe desaprovechar la oportunidad de aplicarla tal cual.<\/p>\n<p>Es decir, la aplicaci\u00f3n de la ley debe ser transparente, para no despertar sospecha alguna.<\/p>\n<p>Por ejemplo, mientras Granier comparece ante un juez en el Distrito Federal, las autoridades de Tabasco lo reclaman para que responda a un quebranto millonario a las arcas estatales.<\/p>\n<p>Especificamente, el gobernador Arturo N\u00fa\u00f1ez declar\u00f3 que durante la gesti\u00f3n del mencionado Granier se registr\u00f3 un desvi\u00f3 de m\u00e1s de 2 mil millones de pesos.<\/p>\n<p>Aqu\u00ed, en la capital, Granier tendr\u00e1 que explicar la procedencia de recursos il\u00edcitos por 35 millones de pesos, en su fortuna. O sea, algo m\u00ednimo comparado con la dimensi\u00f3n de la danza de los millones de pesos.<\/p>\n<p>Por eso mismo, N\u00fa\u00f1ez plante\u00f3 que Granier debe ser trasladado a Tabasco, donde se le siguen procesos locales que \u201cen breve recaer\u00edan en una acci\u00f3n penal y adem\u00e1s est\u00e1 radicado el juez federal que orden\u00f3 su aprehensi\u00f3n\u201d.<\/p>\n<p>El actual mandatario tabasque\u00f1o pidi\u00f3 un \u201cescarmiento ejemplar\u201d para los responsables del desv\u00edo de recursos en la entidad, por la relajaci\u00f3n moral en que cay\u00f3 la funci\u00f3n p\u00fablica. Al ex funcionario tabasque\u00f1o le espera una larga temporada en prisi\u00f3n.<\/p>\n<p align=\"center\"><b>LA QUERENCIA DE LAS TABLAS<\/b><\/p>\n<p>Hace varios d\u00edas estuvo en el Distrito Federal el ex presidente Felipe Calder\u00f3n. Seg\u00fan trascendi\u00f3 vino a dar l\u00ednea a sus seguidores, encabezados por el senador Ernesto Cordero, en la lucha que libran contra Gustavo Madero.<\/p>\n<p>Como se ha comunicado, Cordero y Madero libran un enfrentamiento mortal por el poder y el dinero.\u00a0 Madero pretende\u00a0 seguir al frente de Acci\u00f3n Nacional con una reelecci\u00f3n que los blanquiazules rechazan.<\/p>\n<p>Cordero busca la presidencia del partido, como mano negra de Calder\u00f3n. Los panistas tambi\u00e9n lo repudian.\u00a0 Mientras el partido se hunde en la crisis.<\/p>\n<p style=\"text-align: right;\"><strong><em>Feliz fin de semana.<\/em><\/strong><\/p>\n<p><em><a href=\"mailto:aco2742@hotmail.com\" target=\"_blank\">aco2742@hotmail.com<\/a><\/em><\/p>\n","protected":false},"excerpt":{"rendered":"<p><span style=\"color: #005497;\"><strong>Augusto Corro<\/strong><\/span><\/p>\n","protected":false},"author":3,"featured_media":0,"comment_status":"open","ping_status":"open","sticky":false,"template":"","format":"standard","meta":{"_monsterinsights_skip_tracking":false,"_monsterinsights_sitenote_active":false,"_monsterinsights_sitenote_note":"","_monsterinsights_sitenote_category":0,"footnotes":""},"categories":[157],"tags":[4760,43686,43674,11870,11515],"class_list":["post-137938","post","type-post","status-publish","format-standard","hentry","category-augusto-corro","tag-asesinato","tag-augusto-corro","tag-opinion","tag-periodista","tag-punto-por-punto"],"_links":{"self":[{"href":"https:\/\/www.diarioimagen.net\/index.php?rest_route=\/wp\/v2\/posts\/137938","targetHints":{"allow":["GET"]}}],"collection":[{"href":"https:\/\/www.diarioimagen.net\/index.php?rest_route=\/wp\/v2\/posts"}],"about":[{"href":"https:\/\/www.diarioimagen.net\/index.php?rest_route=\/wp\/v2\/types\/post"}],"author":[{"embeddable":true,"href":"https:\/\/www.diarioimagen.net\/index.php?rest_route=\/wp\/v2\/users\/3"}],"replies":[{"embeddable":true,"href":"https:\/\/www.diarioimagen.net\/index.php?rest_route=%2Fwp%2Fv2%2Fcomments&post=137938"}],"version-history":[{"count":0,"href":"https:\/\/www.diarioimagen.net\/index.php?rest_route=\/wp\/v2\/posts\/137938\/revisions"}],"wp:attachment":[{"href":"https:\/\/www.diarioimagen.net\/index.php?rest_route=%2Fwp%2Fv2%2Fmedia&parent=137938"}],"wp:term":[{"taxonomy":"category","embeddable":true,"href":"https:\/\/www.diarioimagen.net\/index.php?rest_route=%2Fwp%2Fv2%2Fcategories&post=137938"},{"taxonomy":"post_tag","embeddable":true,"href":"https:\/\/www.diarioimagen.net\/index.php?rest_route=%2Fwp%2Fv2%2Ftags&post=137938"}],"curies":[{"name":"wp","href":"https:\/\/api.w.org\/{rel}","templated":true}]}}