{"id":137947,"date":"2013-06-28T00:03:33","date_gmt":"2013-06-28T05:03:33","guid":{"rendered":"http:\/\/www.diarioimagen.net\/?p=137947"},"modified":"2013-07-01T01:28:08","modified_gmt":"2013-07-01T06:28:08","slug":"la-necesidad-de-integrar-puerto-vallarta-riviera-nayarit","status":"publish","type":"post","link":"https:\/\/www.diarioimagen.net\/?p=137947","title":{"rendered":"La necesidad de integrar Puerto Vallarta Riviera Nayarit"},"content":{"rendered":"<h2>Detr\u00e1s del Poder<\/h2>\n<h5>Jos\u00e9 Antonio L\u00f3pez Sosa<\/h5>\n<p><span><br \/>\n<strong>Puerto Vallarta, Jalisco<\/strong>.- Es complejo tener un trabajo en conjunto entre dos entidades federativas, inclusive estando en el gobierno el mismo partido tienen visiones, necesidades e intereses distintos.<\/span><\/p>\n<p>Esta dificultad en la correlaci\u00f3n de fuerzas es vertical, es decir, comienza en la c\u00faspide en los gobiernos estatales y permea en instituciones, municipios y fideicomisos.<\/p>\n<p>En Bah\u00eda de Banderas \u2013que forma parte de un selecto grupo entre las bah\u00edas mas bellas del mundo\u2014 comparten territorio dos entidades, Nayarit y Jalisco, dos destinos: Puerto Vallarta y Riviera Nayarit y, por consiguiente, dos fideicomisos de promoci\u00f3n tur\u00edstica, el de Puerto Vallarta y el de la Riviera Nayarit.<\/p>\n<p>Los dos destinos divididos por el r\u00edo Ameca, tienen en conjunto una oferta amplia, es decir, lejos de competir Puerto Vallarta con Nuevo Vallarta y la Riviera Nayarit, representan dos opciones distintas en un mismo territorio.<\/p>\n<p>En principio comparten el aeropuerto internacional de Puerto Vallarta, ubicado en Jalisco a unos metros de la frontera con Nayarit.<\/p>\n<p>Puerto Vallarta representa uno de los destinos de playa con mayor mexicaneidad en todos los sentidos, el destino \u201cgay friendly\u201d m\u00e1s importante de Am\u00e9rica Latina y un lugar de tradici\u00f3n hist\u00f3rica para las familias mexicanas. La Riviera Nayarit en su parte sur tiene una oferta de playas impresionantes, grandes desarrollos tur\u00edsticos y lugares tan paradisiacos como Punta Mita.<\/p>\n<p>Estas dos ofertas que comparten una zona del pa\u00eds tienen pol\u00edticas de difusi\u00f3n y promoci\u00f3n distintas, cosa que es razonable y necesaria. Sin embargo, hace falta mayor integraci\u00f3n en ambos rubros, al final del d\u00eda el visitante no distingue esa divisi\u00f3n administrativa que representa el cauce del r\u00edo Ameca.<\/p>\n<p>Hay entre la ciudad de M\u00e9xico y el aeropuerto de Puerto Vallarta 11 vuelos diarios, mismos que llevan visitantes de placer y negocios a ambos destinos, a Puerto Vallarta y a Riviera Nayarit.<\/p>\n<p>Sumando se puede obtener m\u00e1s que dividiendo, es aqu\u00ed donde la estrategia pol\u00edtica debe coadyuvar con el desarrollo y promoci\u00f3n tur\u00edstica para lograr posicionar de forma conjunta a ambos destinos que representan al final del d\u00eda, uno solo, el corredor Puerto Vallarta \u2013 Riviera Nayarit.<\/p>\n<p><em><a href=\"mailto:lopez.sosa@mexico.com\" target=\"_blank\">lopez.sosa@mexico.com<\/a><\/em><br \/>\n<em><a href=\"http:\/\/twitter.com\/#%21\/joseantonio1977\" target=\"_blank\">@joseantonio1977<br \/>\n<\/a><\/em><em><a href=\"http:\/\/www.formulaconfidencial.com.mx\/\" target=\"_blank\">www.formulaconfidencial.com.mx<\/a><\/em><\/p>\n","protected":false},"excerpt":{"rendered":"<p><span style=\"color: #005497;\"><strong>Jos\u00e9 Antonio L\u00f3pez Sosa<\/strong><\/span><\/p>\n","protected":false},"author":3,"featured_media":0,"comment_status":"open","ping_status":"open","sticky":false,"template":"","format":"standard","meta":{"_monsterinsights_skip_tracking":false,"_monsterinsights_sitenote_active":false,"_monsterinsights_sitenote_note":"","_monsterinsights_sitenote_category":0,"footnotes":""},"categories":[637],"tags":[638,43690,43674,818,4703],"class_list":["post-137947","post","type-post","status-publish","format-standard","hentry","category-jose-antonio-lopez-sosa","tag-detras-del-poder","tag-jose-antonio-lopez-sosa","tag-opinion","tag-puerto-vallarta","tag-riviera-nayarit"],"_links":{"self":[{"href":"https:\/\/www.diarioimagen.net\/index.php?rest_route=\/wp\/v2\/posts\/137947","targetHints":{"allow":["GET"]}}],"collection":[{"href":"https:\/\/www.diarioimagen.net\/index.php?rest_route=\/wp\/v2\/posts"}],"about":[{"href":"https:\/\/www.diarioimagen.net\/index.php?rest_route=\/wp\/v2\/types\/post"}],"author":[{"embeddable":true,"href":"https:\/\/www.diarioimagen.net\/index.php?rest_route=\/wp\/v2\/users\/3"}],"replies":[{"embeddable":true,"href":"https:\/\/www.diarioimagen.net\/index.php?rest_route=%2Fwp%2Fv2%2Fcomments&post=137947"}],"version-history":[{"count":0,"href":"https:\/\/www.diarioimagen.net\/index.php?rest_route=\/wp\/v2\/posts\/137947\/revisions"}],"wp:attachment":[{"href":"https:\/\/www.diarioimagen.net\/index.php?rest_route=%2Fwp%2Fv2%2Fmedia&parent=137947"}],"wp:term":[{"taxonomy":"category","embeddable":true,"href":"https:\/\/www.diarioimagen.net\/index.php?rest_route=%2Fwp%2Fv2%2Fcategories&post=137947"},{"taxonomy":"post_tag","embeddable":true,"href":"https:\/\/www.diarioimagen.net\/index.php?rest_route=%2Fwp%2Fv2%2Ftags&post=137947"}],"curies":[{"name":"wp","href":"https:\/\/api.w.org\/{rel}","templated":true}]}}