{"id":137950,"date":"2013-06-28T00:02:05","date_gmt":"2013-06-28T05:02:05","guid":{"rendered":"http:\/\/www.diarioimagen.net\/?p=137950"},"modified":"2013-07-01T01:30:23","modified_gmt":"2013-07-01T06:30:23","slug":"basta-de-gongorascon-o-sin-poder","status":"publish","type":"post","link":"https:\/\/www.diarioimagen.net\/?p=137950","title":{"rendered":"Basta de G\u00f3ngoras\u2026con o sin poder"},"content":{"rendered":"<h2>Acta P\u00fablica<\/h2>\n<h5>Claudia Rodr\u00edguez<\/h5>\n<p><span><br \/>\nCon toda la l\u00f3gica que implica la defensa de ni\u00f1os y de mujeres, que por decisi\u00f3n propia u otras circunstancias se enfrentan en una defensa legal contra el padre de sus hijos y al final a ella y a los menores se\u00a0 les sentencia como si fueran los infractores, es que me uno en la r\u00e9plica de la columna publicada por Carlos Puig, Salvador Camarena, Katia D\u2019Artigues, Gabriela Warkentin, B\u00e1rbara Anderson, Gabriel Bauducco e Ignacio Lozano, titulada: Hay muchos Genaros G\u00f3ngoras en M\u00e9xico.<\/span><\/p>\n<p>\u201cTodos conocemos a uno de ellos: son esos padres que contravienen la ley al no cumplir con las obligaciones que tienen con los hijos e hijas que procrearon. No nos confundamos. No son padres \u201cirresponsables\u201d, como a veces son llamados. Son infractores de la ley.<\/p>\n<p>Muchos de esos padres \u2014porque casi siempre son hombres los que caen en esa conducta\u2014 usan a su favor leyes poco efectivas en su aplicaci\u00f3n, o se aprovechan de que la ex c\u00f3nyuge no podr\u00e1 cuidar y mantener a los hijos al tiempo de que emprende el engorroso juicio para demandar el cumplimiento de lo que un juez ya hab\u00eda establecido. Por si fuera poco, hay padres que llegan al extremo de mover influencias econ\u00f3micas, pol\u00edticas o, incluso, judiciales para no pagar lo que les corresponde por ley, mermar los recursos de la madre e, inclusive, marginar a \u00e9sta del contacto con sus hijos, dej\u00e1ndolos desprotegidos. El ejemplo perfecto, ya se sabe, es el ex ministro de la Suprema Corte, Genaro G\u00f3ngora Pimentel. Pero como \u00e9l hay muchos. Si hacemos un poco de memoria, comprobaremos que todos hemos sabido de al menos un \u201cG\u00f3ngora\u201d en nuestro entorno.<\/p>\n<p>Esta violaci\u00f3n a los derechos de los infantes es un asunto com\u00fan en nuestra sociedad. Y peor a\u00fan: pasa, adem\u00e1s, con alarmante frecuencia cuando alguno de estos ni\u00f1os tienen alg\u00fan tipo de discapacidad. Como en el caso de Ulises y David, quienes tienen autismo, hijos de G\u00f3ngora y su ex pareja, Ana Mar\u00eda Orozco.<\/p>\n<p>M\u00e1s all\u00e1 de este caso, hay estad\u00edsticas que nos hablan de que hay una violaci\u00f3n cotidiana y grave a los derechos ni\u00f1os y ni\u00f1as de M\u00e9xico: hay quien dice que tres de cada cuatro hijos de padres separados no reciben la pensi\u00f3n alimenticia adecuada. Junto con l@s ni\u00f1@s, las mujeres siempre son las m\u00e1s afectadas.<\/p>\n<p>En el caso en particular de ni\u00f1os y ni\u00f1as con discapacidad, no hay ninguna salvaguarda en la ley (C\u00f3digo Civil Federal, del DF o de los estados) que dejen en claro, cuando los padres se separan, que para que estos ni\u00f1os puedan acceder a sus derechos, como los dem\u00e1s ni\u00f1os, necesitan de muchos m\u00e1s apoyos: monetarios y de todo tipo. Los distintos c\u00f3digos civiles no han sido armonizados con respecto a la Convenci\u00f3n de los Derechos Humanos de las Personas con Discapacidad de la ONU, que M\u00e9xico firm\u00f3 y \u00a1ratific\u00f3 hace 5 a\u00f1os! Tampoco han sido capacitados al respecto los jueces de lo familiar.<\/p>\n<p>Un grupo de periodistas hemos decidido publicar esto de manera simult\u00e1nea. Buscamos, sobre todo, alentar la discusi\u00f3n de este tema a profundidad. Y sin minimizar la tragedia de la familia v\u00edctima del ex presidente de la Suprema Corte, Genaro G\u00f3ngora, queremos llamar la atenci\u00f3n sobre lo com\u00fan que es este tipo de violaciones a las leyes y los derechos, y lo mucho que las toleramos como algo \u201cnormal\u201d.<\/p>\n<p>Invitamos a los lectores a visitar la p\u00e1gina de FB <a href=\"http:\/\/www.facebook.com\/BastaDeGongorasEnMexicohttp:\/\/\" target=\"_blank\">http:\/\/www.facebook.com\/BastaDeGongorasEnMexico<\/a>\u00a0y enviar sus correos abastadegongoras@gmail.com. Ah\u00ed podr\u00e1n compartir historias sobre \u201cotros G\u00f3ngoras\u201d. Para participar hay dos condiciones: la identidad de quien propone la historia a publicarse tiene que ser verificable. Y el testimonio ser\u00e1 editado para preservar los nombres completos de los ni\u00f1os y de los presuntos irresponsables.<\/p>\n<p>Quiz\u00e1 con la enumeraci\u00f3n de diversas historias, que seguramente competir\u00e1n en un cat\u00e1logo de horrores, una m\u00e1s incre\u00edble que la otra, podamos empezar a discutir como sociedad qu\u00e9 hacemos para que sea menos \u201cnormal\u201d que alguien viole la ley en contra, ni m\u00e1s ni menos, de los ni\u00f1os en primera instancia. Ojal\u00e1 nuestros lectores encuentren este ejercicio interesante y pertinente\u201d. \u00a0Ojal\u00e1 tambi\u00e9n las leyes cambien para armon\u00eda real de todas las partes\u2026<\/p>\n<p><em><a href=\"mailto:actapublica@gmail.com\" target=\"_blank\">actapublica@gmail.com<\/a><\/em><\/p>\n","protected":false},"excerpt":{"rendered":"<p><span style=\"color: #005497;\"><strong>Claudia Rodr\u00edguez<\/strong><\/span><\/p>\n","protected":false},"author":3,"featured_media":0,"comment_status":"open","ping_status":"open","sticky":false,"template":"","format":"standard","meta":{"_monsterinsights_skip_tracking":false,"_monsterinsights_sitenote_active":false,"_monsterinsights_sitenote_note":"","_monsterinsights_sitenote_category":0,"footnotes":""},"categories":[1281],"tags":[43674],"class_list":["post-137950","post","type-post","status-publish","format-standard","hentry","category-claudia-rodriguez","tag-opinion"],"_links":{"self":[{"href":"https:\/\/www.diarioimagen.net\/index.php?rest_route=\/wp\/v2\/posts\/137950","targetHints":{"allow":["GET"]}}],"collection":[{"href":"https:\/\/www.diarioimagen.net\/index.php?rest_route=\/wp\/v2\/posts"}],"about":[{"href":"https:\/\/www.diarioimagen.net\/index.php?rest_route=\/wp\/v2\/types\/post"}],"author":[{"embeddable":true,"href":"https:\/\/www.diarioimagen.net\/index.php?rest_route=\/wp\/v2\/users\/3"}],"replies":[{"embeddable":true,"href":"https:\/\/www.diarioimagen.net\/index.php?rest_route=%2Fwp%2Fv2%2Fcomments&post=137950"}],"version-history":[{"count":0,"href":"https:\/\/www.diarioimagen.net\/index.php?rest_route=\/wp\/v2\/posts\/137950\/revisions"}],"wp:attachment":[{"href":"https:\/\/www.diarioimagen.net\/index.php?rest_route=%2Fwp%2Fv2%2Fmedia&parent=137950"}],"wp:term":[{"taxonomy":"category","embeddable":true,"href":"https:\/\/www.diarioimagen.net\/index.php?rest_route=%2Fwp%2Fv2%2Fcategories&post=137950"},{"taxonomy":"post_tag","embeddable":true,"href":"https:\/\/www.diarioimagen.net\/index.php?rest_route=%2Fwp%2Fv2%2Ftags&post=137950"}],"curies":[{"name":"wp","href":"https:\/\/api.w.org\/{rel}","templated":true}]}}