{"id":137973,"date":"2013-06-28T00:05:58","date_gmt":"2013-06-28T05:05:58","guid":{"rendered":"http:\/\/www.diarioimagen.net\/?p=137973"},"modified":"2013-07-03T02:51:44","modified_gmt":"2013-07-03T07:51:44","slug":"la-salud-es-derecho-humano-no-laboral-enrique-pena-nieto","status":"publish","type":"post","link":"https:\/\/www.diarioimagen.net\/?p=137973","title":{"rendered":"La salud es derecho humano, no laboral: Enrique Pe\u00f1a Nieto"},"content":{"rendered":"<ul>\n<li><strong><em>Al clausurar la Asamblea General Ordinaria de la Asociados Funsalud, se\u00f1ala que urge construir un sistema universal de salud m\u00e1s homog\u00e9neo<\/em><\/strong><\/li>\n<\/ul>\n<h6>Roberto Vizca\u00edno<\/h6>\n<div id=\"attachment_138000\" style=\"width: 250px\" class=\"wp-caption alignleft\"><a href=\"http:\/\/www.diarioimagen.net\/wp-content\/uploads\/2013\/06\/epn-2130.jpg\"><img loading=\"lazy\" decoding=\"async\" aria-describedby=\"caption-attachment-138000\" class=\"size-medium wp-image-138000\" alt=\"El presidente Enrique Pe\u00f1a Nieto, y la secretaria de Salud, Mercedes Juan L\u00f3pez, encabezaron la Asamblea de la Fundaci\u00f3n Mexicana para la Salud.\" src=\"http:\/\/www.diarioimagen.net\/wp-content\/uploads\/2013\/06\/epn-2130-240x139.jpg\" width=\"240\" height=\"139\" srcset=\"https:\/\/www.diarioimagen.net\/wp-content\/uploads\/2013\/06\/epn-2130-240x139.jpg 240w, https:\/\/www.diarioimagen.net\/wp-content\/uploads\/2013\/06\/epn-2130-420x244.jpg 420w, https:\/\/www.diarioimagen.net\/wp-content\/uploads\/2013\/06\/epn-2130.jpg 480w\" sizes=\"auto, (max-width: 240px) 100vw, 240px\" \/><\/a><p id=\"caption-attachment-138000\" class=\"wp-caption-text\">El presidente Enrique Pe\u00f1a Nieto, y la secretaria de Salud, Mercedes Juan L\u00f3pez, encabezaron la Asamblea de la Fundaci\u00f3n Mexicana para la Salud.<\/p><\/div>\n<p>El presidente Enrique Pe\u00f1a inform\u00f3 que su gobierno ya construye un sistema de salud integral, donde todas las instituciones existentes \u2013IMSS, ISSSTE, Seguro Popular y otras- operen bajo una sola coordinaci\u00f3n para garantizar un servicio de atenci\u00f3n universal que no dependa de la condici\u00f3n laboral de quien lo necesite.<\/p>\n<p>Al participar en la 32 Asamblea General Ordinaria de Asociados de la Fundaci\u00f3n Mexicana para la Salud, el mandatario mexicano indic\u00f3 que la atenci\u00f3n y procuraci\u00f3n de la salud dentro de su administraci\u00f3n son consideradas \u201cun derecho humano y no laboral\u201d.<\/p>\n<p>De ah\u00ed que ya se trabaje en crear un esquema de cooperaci\u00f3n e integraci\u00f3n entre todas las instituciones existentes en el \u00e1rea de la salud, insisti\u00f3.<\/p>\n<p>Frente a unos 200 miembros de la fundaci\u00f3n y de funcionarios de la Secretar\u00eda de Salud, ISSSTE e IMSS, el presidente Pe\u00f1a Nieto se\u00f1al\u00f3 que cinco ser\u00e1n las estrategias y ejes que regir\u00e1n al nuevo modelo de salud en el pa\u00eds.<\/p>\n<p>Cinco ejes b\u00e1sicos que ya est\u00e1n contenidos en el Plan Nacional de Desarrollo 2012-2018, indic\u00f3:<\/p>\n<p>El primero buscar\u00e1 conformar un sistema nacional de salud universal.<\/p>\n<p>El segundo contempla que las acciones de prevenci\u00f3n y protecci\u00f3n sean las bases prioritarias para atender la salud de los mexicanos.<\/p>\n<p>El tercero se concentra en elevar la condici\u00f3n de la salud a las personas que viven en situaci\u00f3n de vulnerabilidad.<\/p>\n<p>El cuarto establece como prioridad acceder a servicios de calidad en la salud y por \u00faltimo, promover la cooperaci\u00f3n internacional en la materia.<\/p>\n<p>Y el quinto, estar\u00e1 destinado a promover la cooperaci\u00f3n nacional en la materia.<\/p>\n<p>\u201cSomos conscientes que los desaf\u00edos demogr\u00e1ficos y epidemiol\u00f3gicos son grandes. Pero tambi\u00e9n de que M\u00e9xico cuenta con el talento y el capital humano y la capacidad institucional para enfrentarlos y superarlos\u201d, manifest\u00f3.<\/p>\n<p>Llam\u00f3 a quienes se desempe\u00f1an en ese sector a trabajar para que la atenci\u00f3n no sea fragmentada, a evitar duplicidades y saturaci\u00f3n en demanda del servicio.<\/p>\n<p>Plante\u00f3 que con esta transformaci\u00f3n debe haber un cambio de prioridades en la materia, en particular impulsar una vigorosa pol\u00edtica de prevenci\u00f3n, que permita enfrentar los retos de las enfermedades cr\u00f3nicas no transmisibles, como el c\u00e1ncer y afecciones del coraz\u00f3n, entre otras.<\/p>\n<p>Todo ello requerir\u00e1, agreg\u00f3, de una transformaci\u00f3n hacia un nuevo modelo de salud.<\/p>\n<p>\u201cEl objetivo estrat\u00e9gico es lograr el acceso al servicio de salud de calidad en toda la geograf\u00eda nacional, y ello requerir\u00e1 el fortalecimiento de la Secretar\u00eda de Salud, como rectora de todo el sistema, d\u00e1ndole \u00e9nfasis a la regulaci\u00f3n y vigilancia sanitaria tanto en el \u00e1mbito p\u00fablico como privado.<\/p>\n<p>\u201cA esta transformaci\u00f3n institucional deber\u00e1 sumarse tambi\u00e9n un cambio de prioridades en esta materia, me refiero a impulsar una vigorosa pol\u00edtica en materia de prevenci\u00f3n de enfermedades cr\u00f3nicas no transmisibles como el c\u00e1ncer o la diabetes.<\/p>\n<p>\u201cTodo ello, para que la atenci\u00f3n no sea fragmentada y evitar duplicidades en la operaci\u00f3n y combatir la saturaci\u00f3n que afecta la oportunidad y la calidad de los servicios que deben prestarse a los mexicanos\u201d.<\/p>\n<p>Dijo que dentro de estos objetivos, su gobierno buscar\u00e1 cambiar los paradigmas para que los ciudadanos acudan a \u201cbuenos h\u00e1bitos individuales y colectivos\u201d, ya que siempre ser\u00e1 menos costoso prevenir que actuar cuando la enfermedad ya se ha desarrollado.<\/p>\n<p>Pe\u00f1a Nieto dijo estar consciente de que los desaf\u00edos demogr\u00e1ficos y epidemiol\u00f3gicos son grandes, sin embargo, confi\u00f3 en que pueda encontrar la unidad para trabajar en el sector<\/p>\n<p>\u201cLa salud es condici\u00f3n indispensable para el bienestar y componente fundamental para la prosperidad y el desarrollo de una naci\u00f3n\u201d, subray\u00f3 en su mensaje.<\/p>\n<p>Por \u00faltimo, reconoci\u00f3 que a lo largo de 28 a\u00f1os, m\u00e9dicos, investigadores, empresarios de la Fundaci\u00f3n Mexicana para la Salud (FunSalud) han trabajado en favor de un M\u00e9xico m\u00e1s saludable.<\/p>\n","protected":false},"excerpt":{"rendered":"<p><span style=\"color: #005497;\"><strong>Roberto Vizca\u00edno<\/strong><\/span><br \/>\n<br \/>\nEl presidente Enrique Pe\u00f1a inform\u00f3 que su gobierno ya construye un sistema de salud integral, donde todas las instituciones existentes \u2013IMSS, ISSSTE, Seguro Popular y otras- operen bajo una sola coordinaci\u00f3n para garantizar un servicio de atenci\u00f3n universal que no dependa de la condici\u00f3n laboral de quien lo necesite.<\/p>\n","protected":false},"author":3,"featured_media":138015,"comment_status":"open","ping_status":"open","sticky":false,"template":"","format":"standard","meta":{"_monsterinsights_skip_tracking":false,"_monsterinsights_sitenote_active":false,"_monsterinsights_sitenote_note":"","_monsterinsights_sitenote_category":0,"footnotes":""},"categories":[17,3],"tags":[18,257,952,43673,93,1725],"class_list":["post-137973","post","type-post","status-publish","format-standard","has-post-thumbnail","hentry","category-especiales","category-nacional","tag-enrique-pena-nieto","tag-imss","tag-issste","tag-nacional","tag-roberto-vizcaino","tag-seguro-popular"],"_links":{"self":[{"href":"https:\/\/www.diarioimagen.net\/index.php?rest_route=\/wp\/v2\/posts\/137973","targetHints":{"allow":["GET"]}}],"collection":[{"href":"https:\/\/www.diarioimagen.net\/index.php?rest_route=\/wp\/v2\/posts"}],"about":[{"href":"https:\/\/www.diarioimagen.net\/index.php?rest_route=\/wp\/v2\/types\/post"}],"author":[{"embeddable":true,"href":"https:\/\/www.diarioimagen.net\/index.php?rest_route=\/wp\/v2\/users\/3"}],"replies":[{"embeddable":true,"href":"https:\/\/www.diarioimagen.net\/index.php?rest_route=%2Fwp%2Fv2%2Fcomments&post=137973"}],"version-history":[{"count":0,"href":"https:\/\/www.diarioimagen.net\/index.php?rest_route=\/wp\/v2\/posts\/137973\/revisions"}],"wp:featuredmedia":[{"embeddable":true,"href":"https:\/\/www.diarioimagen.net\/index.php?rest_route=\/wp\/v2\/media\/138015"}],"wp:attachment":[{"href":"https:\/\/www.diarioimagen.net\/index.php?rest_route=%2Fwp%2Fv2%2Fmedia&parent=137973"}],"wp:term":[{"taxonomy":"category","embeddable":true,"href":"https:\/\/www.diarioimagen.net\/index.php?rest_route=%2Fwp%2Fv2%2Fcategories&post=137973"},{"taxonomy":"post_tag","embeddable":true,"href":"https:\/\/www.diarioimagen.net\/index.php?rest_route=%2Fwp%2Fv2%2Ftags&post=137973"}],"curies":[{"name":"wp","href":"https:\/\/api.w.org\/{rel}","templated":true}]}}