{"id":138125,"date":"2013-07-01T00:02:03","date_gmt":"2013-07-01T05:02:03","guid":{"rendered":"http:\/\/www.diarioimagen.net\/?p=138125"},"modified":"2013-07-02T01:53:09","modified_gmt":"2013-07-02T06:53:09","slug":"escuelas-de-tiempo-completo-en-la-capital","status":"publish","type":"post","link":"https:\/\/www.diarioimagen.net\/?p=138125","title":{"rendered":"Escuelas de tiempo completo en la capital"},"content":{"rendered":"<h2>Acta P\u00fablica<\/h2>\n<h5>Claudia Rodr\u00edguez<\/h5>\n<p><span><br \/>\nSi algo necesita Miguel \u00c1ngel Mancera, jefe de Gobierno del Distrito Federal (DF) en estos momentos, es popularidad y credibilidad.<\/span><\/p>\n<p>La campa\u00f1a que viene por el programa piloto de Escuelas de Tiempo Completo que se pondr\u00e1 en marcha el pr\u00f3ximo ciclo escolar, podr\u00eda darle puntos positivos al gobernante de la capital.<\/p>\n<p>Este nuevo proyecto de educaci\u00f3n en la ciudad, se instaurar\u00e1 en 2 mil planteles del Distrito Federal y tiene diversos objetivos, pero el primero de acuerdo a la autoridad local, es ayudar en la educaci\u00f3n y formaci\u00f3n integral de los alumnos.<\/p>\n<p>Otro de los argumentos para el empuje y funcionamiento de este programa educativo, es el tiempo y el dinero que habr\u00e1n de economizar miles de familias que tienen que buscar quien cuide a los ni\u00f1os en horarios de trabajo de las personas de ellos responsables, o tambi\u00e9n destinen dinero adem\u00e1s para actividades extracurriculares de los peque\u00f1os.<\/p>\n<p>El programa de Escuelas de Tiempo Completo, deber\u00eda ser tambi\u00e9n una forma de competencia real para las escuelas privadas que cada vez elevan m\u00e1s y m\u00e1s sus tarifas en servicios y no ofrecen tiempo extracurricular de calidad.<\/p>\n<p>El punto a\u00fan no superado que tiene este programa de escuelas con mayor tiempo de estancia de los alumnos, es el aprendizaje del idioma ingl\u00e9s e incluso otro distinto al espa\u00f1ol, as\u00ed como el de nuevas tecnolog\u00edas, pues entonces m\u00e1s que ofrecer una verdadera formaci\u00f3n integral a los peque\u00f1os, parecer\u00e1n simples estancias de cuidado vespertino.<\/p>\n<p>No obstante, creo que nadie abonar\u00eda al fracaso del proyecto sino todo lo contrario, esperando que traspase los intereses y fines pol\u00edticos de quienes tienen la responsabilidad de las Escuelas del Tiempo Completo en la capital del pa\u00eds y en cualquier otro punto del mismo, pues es precisamente la Secretar\u00eda de Educaci\u00f3n P\u00fablica (SEP) la que ha buscado de manera insistente, la activaci\u00f3n de este proyecto en distintas entidades de la Rep\u00fablica.<\/p>\n<p><b><i>A<\/i><\/b><b><i>cta Divina\u2026<\/i><\/b>\u00a0El programa piloto de Escuelas de Tiempo Completo es parte del Acuerdo para la Calidad y Equidad de la Educaci\u00f3n, firmado el 12 de marzo entre Mancera y el titular de la Secretar\u00eda de Educaci\u00f3n P\u00fablica (SEP), Emilio Chuayfett, cuyo principal objetivo es el de \u201c\u2026instrumentar un proyecto que posibilite que las escuelas, cuyo horario lo permita, puedan ser abiertas a la comunidad, con reglas y condiciones perfectamente definidas, a efecto de que en su contra turno se puedan efectuar actividades de car\u00e1cter cultural, art\u00edstico, deportivo, entre otras, que contribuyan a una educaci\u00f3n m\u00e1s integral de los estudiantes\u201d.<\/p>\n<p><b><i>Para advertir\u2026<\/i><\/b> Unos se juegan la vida en la pista de carreras, otros en la pista de la vida.<\/p>\n<p><em><a href=\"mailto:actapublica@gmail.com\" target=\"_blank\">actapublica@gmail.com<\/a><\/em><\/p>\n","protected":false},"excerpt":{"rendered":"<p><span style=\"color: #005497;\"><strong>Claudia Rodr\u00edguez<\/strong><\/span><\/p>\n","protected":false},"author":3,"featured_media":0,"comment_status":"open","ping_status":"open","sticky":false,"template":"","format":"standard","meta":{"_monsterinsights_skip_tracking":false,"_monsterinsights_sitenote_active":false,"_monsterinsights_sitenote_note":"","_monsterinsights_sitenote_category":0,"footnotes":""},"categories":[1281],"tags":[27370,5314,43674],"class_list":["post-138125","post","type-post","status-publish","format-standard","hentry","category-claudia-rodriguez","tag-escuelas-de-tiempo-completo","tag-miguel-angel-mancera-espinosa","tag-opinion"],"_links":{"self":[{"href":"https:\/\/www.diarioimagen.net\/index.php?rest_route=\/wp\/v2\/posts\/138125","targetHints":{"allow":["GET"]}}],"collection":[{"href":"https:\/\/www.diarioimagen.net\/index.php?rest_route=\/wp\/v2\/posts"}],"about":[{"href":"https:\/\/www.diarioimagen.net\/index.php?rest_route=\/wp\/v2\/types\/post"}],"author":[{"embeddable":true,"href":"https:\/\/www.diarioimagen.net\/index.php?rest_route=\/wp\/v2\/users\/3"}],"replies":[{"embeddable":true,"href":"https:\/\/www.diarioimagen.net\/index.php?rest_route=%2Fwp%2Fv2%2Fcomments&post=138125"}],"version-history":[{"count":0,"href":"https:\/\/www.diarioimagen.net\/index.php?rest_route=\/wp\/v2\/posts\/138125\/revisions"}],"wp:attachment":[{"href":"https:\/\/www.diarioimagen.net\/index.php?rest_route=%2Fwp%2Fv2%2Fmedia&parent=138125"}],"wp:term":[{"taxonomy":"category","embeddable":true,"href":"https:\/\/www.diarioimagen.net\/index.php?rest_route=%2Fwp%2Fv2%2Fcategories&post=138125"},{"taxonomy":"post_tag","embeddable":true,"href":"https:\/\/www.diarioimagen.net\/index.php?rest_route=%2Fwp%2Fv2%2Ftags&post=138125"}],"curies":[{"name":"wp","href":"https:\/\/api.w.org\/{rel}","templated":true}]}}