{"id":138268,"date":"2013-07-02T00:06:14","date_gmt":"2013-07-02T05:06:14","guid":{"rendered":"http:\/\/www.diarioimagen.net\/?p=138268"},"modified":"2013-07-02T03:11:26","modified_gmt":"2013-07-02T08:11:26","slug":"graco-y-el-karma","status":"publish","type":"post","link":"https:\/\/www.diarioimagen.net\/?p=138268","title":{"rendered":"Graco y el karma"},"content":{"rendered":"<h2>\u00cdndice pol\u00edtico<\/h2>\n<h5>Francisco Rodr\u00edguez<\/h5>\n<p><span><br \/>\nHay quienes creen en el karma. Y karma, de acuerdo a los conocedores, significa \u2018acci\u00f3n\u2019 y se refiere principalmente a nuestras acciones f\u00edsicas, verbales y mentales, y a que las acciones que efectuamos dejan huellas o impresiones en nuestra mente muy sutil que, con el tiempo, producen sus correspondientes resultados.<\/span><\/p>\n<p>El colega Eusebio Gimeno, en el editorial de su semanario Kronos Magazine que edita en Morelos, se refiere a ello con motivo de la megamarcha celebrada este \u00faltimo domingo en Cuernavaca, en la que miles de ciudadanos, vestidos de blanco, demandando que regrese la paz a la entidad, que acaben los secuestros \u2014que se han incrementado exponencialmente en los \u00faltimos meses\u2014 con \u00e1nimo de que culmine el \u00e9xodo de morelenses a otros puntos de la geograf\u00eda nacional e incluso, internacional.<\/p>\n<p>Gimeno, por tal, trae a cuento la ley del karma. La de la causa y efecto. Porque recuerda que en 1996, lo mismo que en 1997, \u201chubo varias marchas en Morelos, que Graco Ram\u00edrez encabez\u00f3, pidiendo un alto al crimen del secuestro. Gracias a ellas su estrella pol\u00edtica fulgur\u00f3 y hoy gobierna la entidad que no es la suya (Ram\u00edrez es tabasque\u00f1o)\u201d.<\/p>\n<p>Incluso, en la portada de Kronos Magazine aparece desplegada a lo largo y ancho una imagen correspondiente a alguna de esas manifestaciones en contra de los gobiernos pri\u00edstas, en las que aparece Ram\u00edrez, y en cuyo pie de foto se lee: \u201cGraco y Messeguer (Jorge, secretario de Gobierno) politizaron la Marcha del Silencio en 1997, al grado que hoy alcanz\u00f3 la gubernatura de un estado que no es Tabasco, y Messeguer que es chilango, es el n\u00famero dos de un proyecto pol\u00edtico que inici\u00f3 en esta marcha, donde aparecen con unos a\u00f1os menos y mucha ambici\u00f3n que hoy convirti\u00f3 sus sue\u00f1os en realidad, pero hoy con la vara que midieron ser\u00e1n medidos en la marcha de repudio a la inseguridad\u201d.<\/p>\n<p>Y s\u00ed, a la mitad de la imagen aparecen los dos personajes m\u00e1s que sonrientes.<\/p>\n<p>Satisfechos, hab\u00edan conseguido en ese entonces protagonizar la disidencia, pero s\u00f3lo para su personal beneficio.<\/p>\n<p align=\"center\"><b>\u00bfSIRVEN LAS MARCHAS?<\/b><\/p>\n<p>En su editorial, Gimeno se pregunta si sirvieron de algo aquellas marchas de la segunda mitad de los 90\u2019s y, tambi\u00e9n, si es que la reci\u00e9n celebrada rendir\u00e1 los frutos que se esperan.<\/p>\n<p>\u201cUna de las respuestas es que s\u00ed. Al menos deber\u00e1 provocar un golpe de tim\u00f3n del gobernador en la estrategia de seguridad, en la persecuci\u00f3n de los delitos, en la procuraci\u00f3n y administraci\u00f3n de justicia, que en Morelos est\u00e1n vedadas. La Procuradur\u00eda y la Secretar\u00eda de Seguridad son instituciones fallidas, casi muertas. Y los jueces muy en entredicho\u201d.<\/p>\n<p>Y a continuaci\u00f3n el editor plantea una utop\u00eda:<\/p>\n<p>\u201cHacen falta sistemas policiacos eficientes, \u00e9ticos, transparentes y eficaces. Urgen comandantes bizarros, expertos y limpios de mente y coraz\u00f3n, polic\u00edas llenos de patriotismo y entrega para servir, apoyados por un gobierno igual \u00e9tico y progresista que decida preservar la integridad f\u00edsica y patrimonial de sus gobernados como lo mandata la Constituci\u00f3n como primer objetivo del gobierno.\u201d<\/p>\n<p>Pero tiene raz\u00f3n cuando advierte que \u201cahora no importa si Carrillo Olea, Estrada, o Adame, o Graco fueron peores. No es el campeonato de saber quien fue m\u00e1s inepto. Se trata de proteger la vida y la seguridad de ni\u00f1os, mujeres, ancianos y hombres de todas las edades que hacen su vida regular y honrada en Morelos. Amenazada por el hampa impune. Ese es el punto.<\/p>\n<p>\u201cPor lo dem\u00e1s, Graco padece como gobernante algo de lo que organiz\u00f3 como activista pol\u00edtico en Morelos. \u2018El que se lleva se aguanta\u2019, es su dicho favorito. Hoy se cumple, y tendr\u00e1 que aguantar la vara del picador Juan Pueblo\u201d.<\/p>\n<p>Y s\u00ed. Graco Ram\u00edrez tendr\u00e1 que aguantar. Porque, todo indica, a la gente que habita el estado de Morelos, incluso a quienes semanalmente lo visitan, ya se les acab\u00f3 el \u201caguante\u201d, \u00bfno cree usted?<\/p>\n<p><b><i>\u00cdndice Flam\u00edgero: <\/i><\/b>Ayer lunes, el gobernador de Morelos hizo tour por los noticieros radiof\u00f3nicos para decir que dentro de nueve meses se ver\u00e1n resultados de su lucha en contra del crimen organizado que asuela a esa entidad. Como siempre, Graco Ram\u00edrez opta por las \u201csoluciones\u201d medi\u00e1ticas. \u00bfLas reales? \u00bfLas que efectivamente den tranquilidad a los morelenses? No. De esas, nada. Por eso, en otro informativo, Javier Sicilia le exigi\u00f3 \u201chablar menos y actuar m\u00e1s\u201d.<\/p>\n<p><em><a href=\"http:\/\/www.indicepolitico.com\/\" target=\"_blank\"><em>www.indicepolitico.com<\/em><\/a><br \/>\n<\/em><em><a href=\"mailto:pacorodriguez@journalist.com\" target=\"_blank\">pacorodriguez@journalist.com<\/a><\/em><\/p>\n","protected":false},"excerpt":{"rendered":"<p><span style=\"color: #005497;\"><strong>Francisco Rodr\u00edguez<\/strong><\/span><\/p>\n","protected":false},"author":3,"featured_media":0,"comment_status":"open","ping_status":"open","sticky":false,"template":"","format":"standard","meta":{"_monsterinsights_skip_tracking":false,"_monsterinsights_sitenote_active":false,"_monsterinsights_sitenote_note":"","_monsterinsights_sitenote_category":0,"footnotes":""},"categories":[549],"tags":[43689,550,22199,836,43674],"class_list":["post-138268","post","type-post","status-publish","format-standard","hentry","category-francisco-rodriguez","tag-francisco-rodriguez","tag-indice-politico","tag-karma","tag-morelos","tag-opinion"],"_links":{"self":[{"href":"https:\/\/www.diarioimagen.net\/index.php?rest_route=\/wp\/v2\/posts\/138268","targetHints":{"allow":["GET"]}}],"collection":[{"href":"https:\/\/www.diarioimagen.net\/index.php?rest_route=\/wp\/v2\/posts"}],"about":[{"href":"https:\/\/www.diarioimagen.net\/index.php?rest_route=\/wp\/v2\/types\/post"}],"author":[{"embeddable":true,"href":"https:\/\/www.diarioimagen.net\/index.php?rest_route=\/wp\/v2\/users\/3"}],"replies":[{"embeddable":true,"href":"https:\/\/www.diarioimagen.net\/index.php?rest_route=%2Fwp%2Fv2%2Fcomments&post=138268"}],"version-history":[{"count":0,"href":"https:\/\/www.diarioimagen.net\/index.php?rest_route=\/wp\/v2\/posts\/138268\/revisions"}],"wp:attachment":[{"href":"https:\/\/www.diarioimagen.net\/index.php?rest_route=%2Fwp%2Fv2%2Fmedia&parent=138268"}],"wp:term":[{"taxonomy":"category","embeddable":true,"href":"https:\/\/www.diarioimagen.net\/index.php?rest_route=%2Fwp%2Fv2%2Fcategories&post=138268"},{"taxonomy":"post_tag","embeddable":true,"href":"https:\/\/www.diarioimagen.net\/index.php?rest_route=%2Fwp%2Fv2%2Ftags&post=138268"}],"curies":[{"name":"wp","href":"https:\/\/api.w.org\/{rel}","templated":true}]}}