{"id":138279,"date":"2013-07-02T00:04:11","date_gmt":"2013-07-02T05:04:11","guid":{"rendered":"http:\/\/www.diarioimagen.net\/?p=138279"},"modified":"2013-07-03T02:09:24","modified_gmt":"2013-07-03T07:09:24","slug":"andres-granier-melo-formalmente-preso","status":"publish","type":"post","link":"https:\/\/www.diarioimagen.net\/?p=138279","title":{"rendered":"Andr\u00e9s Granier Melo, formalmente preso"},"content":{"rendered":"<div id=\"attachment_138345\" style=\"width: 250px\" class=\"wp-caption alignleft\"><a href=\"http:\/\/www.diarioimagen.net\/wp-content\/uploads\/2013\/07\/Granier-2132.jpg\"><img loading=\"lazy\" decoding=\"async\" aria-describedby=\"caption-attachment-138345\" class=\"size-medium wp-image-138345\" alt=\"Andr\u00e9s Rafael Granier Melo, ex gobernador de Tabasco.\" src=\"http:\/\/www.diarioimagen.net\/wp-content\/uploads\/2013\/07\/Granier-2132-240x135.jpg\" width=\"240\" height=\"135\" srcset=\"https:\/\/www.diarioimagen.net\/wp-content\/uploads\/2013\/07\/Granier-2132-240x135.jpg 240w, https:\/\/www.diarioimagen.net\/wp-content\/uploads\/2013\/07\/Granier-2132-420x236.jpg 420w, https:\/\/www.diarioimagen.net\/wp-content\/uploads\/2013\/07\/Granier-2132-235x132.jpg 235w, https:\/\/www.diarioimagen.net\/wp-content\/uploads\/2013\/07\/Granier-2132-202x114.jpg 202w, https:\/\/www.diarioimagen.net\/wp-content\/uploads\/2013\/07\/Granier-2132-350x196.jpg 350w, https:\/\/www.diarioimagen.net\/wp-content\/uploads\/2013\/07\/Granier-2132-220x123.jpg 220w, https:\/\/www.diarioimagen.net\/wp-content\/uploads\/2013\/07\/Granier-2132-237x132.jpg 237w, https:\/\/www.diarioimagen.net\/wp-content\/uploads\/2013\/07\/Granier-2132.jpg 480w\" sizes=\"auto, (max-width: 240px) 100vw, 240px\" \/><\/a><p id=\"caption-attachment-138345\" class=\"wp-caption-text\">Andr\u00e9s Rafael Granier Melo, ex gobernador de Tabasco.<\/p><\/div>\n<p>Taissia Cruz Parcero, titular del Juzgado 4 de Procesos Penales Federales con sede en el Reclusorio Oriente, decret\u00f3 auto de formal prisi\u00f3n contra\u00a0 el ex gobernador de Tabasco, Andr\u00e9s Rafael Granier Melo.<\/p>\n<p>El ex mandatario tabasque\u00f1o, quien fue ingresado a dicho centro penitenciario el pasado 25 de junio, fue declarado formalmente preso a las 21:45 horas, por lo que enfrentar\u00e1 cargos por operaci\u00f3n con recursos de procedencia il\u00edcita.<\/p>\n<p>La jueza se\u00f1al\u00f3 que se dict\u00f3 el auto de formal prisi\u00f3n para dar cumplimiento al exhorto emitido por el Juzgado 4 de Distrito con sede en Villahermosa, Tabasco, donde se inici\u00f3 la causa penal correspondiente a dicho il\u00edcito.<\/p>\n<p>Asimismo, la magistrada mencion\u00f3 que el auto de formal prisi\u00f3n se dict\u00f3 en virtud de que se cuenta con elementos de prueba suficientes para ello.<\/p>\n<p>Explic\u00f3 que durante la duplicidad del t\u00e9rmino constitucional para resolver su situaci\u00f3n jur\u00eddica, Granier Melo comprob\u00f3 la licitud o legalidad de 35 millones 338 mil 315 pesos que se sumaron a sus cuentas bancarias de 2007 a 2012.<\/p>\n<p>Cruz Parcero destac\u00f3 que el ex mandatario estatal cuenta con un plazo de tres d\u00edas para inconformarse con la resoluci\u00f3n del auto de formal prisi\u00f3n, lo que podr\u00e1 hacer ante un tribunal unitario de Tabasco.<\/p>\n<p>Granier Melo ser\u00e1 notificado por la titular del Juzgado 5 de Distrito en Materia de Procesos Penales Federales, Olga S\u00e1nchez Contreras, de la resoluci\u00f3n de su situaci\u00f3n jur\u00eddica por el delito de defraudaci\u00f3n fiscal agravada calificada.<\/p>\n<p>Los delitos por los que el ex gobernador tabasque\u00f1o enfrenta cargos son calificados como graves por las leyes federales, por lo que no podr\u00e1 gozar de la libertad bajo fianza.<\/p>\n<p>En tanto, la representaci\u00f3n legal de Andr\u00e9s Granier manifest\u00f3 su desacuerdo con el auto de formal prisi\u00f3n dictado contra su cliente, por lo que \u00abse analizan los medios de impugnaci\u00f3n que se har\u00e1n valer en los siguientes d\u00edas\u00bb.<\/p>\n<p>Mediante un comunicado, la defensa asever\u00f3 que \u00abno comparte el criterio sostenido por la se\u00f1ora Jueza\u00bb, y advirti\u00f3 que la resoluci\u00f3n \u00abmarca el inicio de un largo proceso penal\u00bb.<\/p>\n","protected":false},"excerpt":{"rendered":"<p>Taissia Cruz Parcero, titular del Juzgado 4 de Procesos Penales Federales con sede en el Reclusorio Oriente, decret\u00f3 auto de formal prisi\u00f3n contra  el ex gobernador de Tabasco, Andr\u00e9s Rafael Granier Melo. El ex mandatario tabasque\u00f1o, quien fue ingresado a dicho centro penitenciario el pasado 25 de junio, fue declarado formalmente preso a las 21:45 horas de ayer, por lo que enfrentar\u00e1 cargos por operaci\u00f3n con recursos de procedencia il\u00edcita.<\/p>\n","protected":false},"author":3,"featured_media":138345,"comment_status":"open","ping_status":"open","sticky":false,"template":"","format":"standard","meta":{"_monsterinsights_skip_tracking":false,"_monsterinsights_sitenote_active":false,"_monsterinsights_sitenote_note":"","_monsterinsights_sitenote_category":0,"footnotes":""},"categories":[17,3],"tags":[9248,43673,10657,2268],"class_list":["post-138279","post","type-post","status-publish","format-standard","has-post-thumbnail","hentry","category-especiales","category-nacional","tag-andres-rafael-granier-melo","tag-nacional","tag-reclusorio-oriente","tag-tabasco"],"_links":{"self":[{"href":"https:\/\/www.diarioimagen.net\/index.php?rest_route=\/wp\/v2\/posts\/138279","targetHints":{"allow":["GET"]}}],"collection":[{"href":"https:\/\/www.diarioimagen.net\/index.php?rest_route=\/wp\/v2\/posts"}],"about":[{"href":"https:\/\/www.diarioimagen.net\/index.php?rest_route=\/wp\/v2\/types\/post"}],"author":[{"embeddable":true,"href":"https:\/\/www.diarioimagen.net\/index.php?rest_route=\/wp\/v2\/users\/3"}],"replies":[{"embeddable":true,"href":"https:\/\/www.diarioimagen.net\/index.php?rest_route=%2Fwp%2Fv2%2Fcomments&post=138279"}],"version-history":[{"count":0,"href":"https:\/\/www.diarioimagen.net\/index.php?rest_route=\/wp\/v2\/posts\/138279\/revisions"}],"wp:featuredmedia":[{"embeddable":true,"href":"https:\/\/www.diarioimagen.net\/index.php?rest_route=\/wp\/v2\/media\/138345"}],"wp:attachment":[{"href":"https:\/\/www.diarioimagen.net\/index.php?rest_route=%2Fwp%2Fv2%2Fmedia&parent=138279"}],"wp:term":[{"taxonomy":"category","embeddable":true,"href":"https:\/\/www.diarioimagen.net\/index.php?rest_route=%2Fwp%2Fv2%2Fcategories&post=138279"},{"taxonomy":"post_tag","embeddable":true,"href":"https:\/\/www.diarioimagen.net\/index.php?rest_route=%2Fwp%2Fv2%2Ftags&post=138279"}],"curies":[{"name":"wp","href":"https:\/\/api.w.org\/{rel}","templated":true}]}}